{"id":3730,"date":"2019-10-17T13:52:19","date_gmt":"2019-10-17T11:52:19","guid":{"rendered":"http:\/\/agora.xtec.cat\/escolacatalunyasantadria\/?p=3730"},"modified":"2019-10-17T14:03:56","modified_gmt":"2019-10-17T12:03:56","slug":"tastet-de-fruites-de-tardor","status":"publish","type":"post","link":"https:\/\/agora.xtec.cat\/escolacatalunyasantadria\/general\/tastet-de-fruites-de-tardor\/","title":{"rendered":"Tastet de fruites de Tardor"},"content":{"rendered":"<p style=\"text-align: justify;\">L&#8217;alumnat de P4 i P5 hem fet un taller sensorial de tast de les fruites de la Tardor: taronja, mandarina, figa, ra\u00efm, codony, codonyat, moniato i magrana.<\/p>\n<p style=\"text-align: justify;\">En hem fixat en l&#8217; aparen\u00e7a: la forma, el color i l&#8217;olor de les diferents fruites. Per finalitzar hem utilitzat el sentit del gust per valorar si ens agraden o no aquests productes.<\/p>\n<p style=\"text-align: justify;\">Tota aquesta activitat ens serveix de motivaci\u00f3 per introduir-nos en el m\u00f3n de l&#8217;estad\u00edstica, ja que posteriorment en farem la representaci\u00f3 gr\u00e0fica d&#8217;aquesta valoraci\u00f3.<\/p>\n<p style=\"text-align: justify;\">\n<p><a href=\"https:\/\/photos.app.goo.gl\/obw9TR7MhhCdXZor6\"><img loading=\"lazy\" decoding=\"async\" class=\"aligncenter size-medium wp-image-3731\" src=\"https:\/\/agora.xtec.cat\/escolacatalunyasantadria\/wp-content\/uploads\/usu1541\/2019\/10\/Imagen1-300x208.jpg\" alt=\"\" width=\"300\" height=\"208\" srcset=\"https:\/\/agora.xtec.cat\/escolacatalunyasantadria\/wp-content\/uploads\/usu1541\/2019\/10\/Imagen1-300x208.jpg 300w, https:\/\/agora.xtec.cat\/escolacatalunyasantadria\/wp-content\/uploads\/usu1541\/2019\/10\/Imagen1-768x532.jpg 768w, https:\/\/agora.xtec.cat\/escolacatalunyasantadria\/wp-content\/uploads\/usu1541\/2019\/10\/Imagen1-1024x710.jpg 1024w, https:\/\/agora.xtec.cat\/escolacatalunyasantadria\/wp-content\/uploads\/usu1541\/2019\/10\/Imagen1.jpg 1629w\" sizes=\"auto, (max-width: 300px) 100vw, 300px\" \/><\/a><\/p>\n","protected":false},"excerpt":{"rendered":"<p>L&#8217;alumnat de P4 i P5 hem fet un taller sensorial de tast de les fruites de la Tardor: taronja, mandarina, figa, ra\u00efm, codony, codonyat, moniato i magrana.<br \/>\nEn hem fixat en l&#8217; aparen\u00e7a: la forma, el color i l&#8217;olor de les diferents fruites. Per finalitzar hem&hellip;  <a href=\"https:\/\/agora.xtec.cat\/escolacatalunyasantadria\/general\/tastet-de-fruites-de-tardor\/\" title=\"Read Tastet de fruites de Tardor\">Llegeix m\u00e9s\u00bb<\/a><\/p>\n","protected":false},"author":12,"featured_media":3609,"comment_status":"open","ping_status":"closed","sticky":false,"template":"","format":"standard","meta":{"footnotes":""},"categories":[1,8,9,2,4,89],"tags":[381,335,135,163,102],"class_list":["post-3730","post","type-post","status-publish","format-standard","has-post-thumbnail","hentry","category-general","category-i4","category-i5","category-infantil","category-portada","category-tallers","tag-els-sentits","tag-escola-catalunya-educacio-infantil-tallers","tag-p4","tag-p5","tag-tardor"],"post_mailing_queue_ids":[],"_links":{"self":[{"href":"https:\/\/agora.xtec.cat\/escolacatalunyasantadria\/wp-json\/wp\/v2\/posts\/3730","targetHints":{"allow":["GET"]}}],"collection":[{"href":"https:\/\/agora.xtec.cat\/escolacatalunyasantadria\/wp-json\/wp\/v2\/posts"}],"about":[{"href":"https:\/\/agora.xtec.cat\/escolacatalunyasantadria\/wp-json\/wp\/v2\/types\/post"}],"author":[{"embeddable":true,"href":"https:\/\/agora.xtec.cat\/escolacatalunyasantadria\/wp-json\/wp\/v2\/users\/12"}],"replies":[{"embeddable":true,"href":"https:\/\/agora.xtec.cat\/escolacatalunyasantadria\/wp-json\/wp\/v2\/comments?post=3730"}],"version-history":[{"count":3,"href":"https:\/\/agora.xtec.cat\/escolacatalunyasantadria\/wp-json\/wp\/v2\/posts\/3730\/revisions"}],"predecessor-version":[{"id":3735,"href":"https:\/\/agora.xtec.cat\/escolacatalunyasantadria\/wp-json\/wp\/v2\/posts\/3730\/revisions\/3735"}],"wp:featuredmedia":[{"embeddable":true,"href":"https:\/\/agora.xtec.cat\/escolacatalunyasantadria\/wp-json\/wp\/v2\/media\/3609"}],"wp:attachment":[{"href":"https:\/\/agora.xtec.cat\/escolacatalunyasantadria\/wp-json\/wp\/v2\/media?parent=3730"}],"wp:term":[{"taxonomy":"category","embeddable":true,"href":"https:\/\/agora.xtec.cat\/escolacatalunyasantadria\/wp-json\/wp\/v2\/categories?post=3730"},{"taxonomy":"post_tag","embeddable":true,"href":"https:\/\/agora.xtec.cat\/escolacatalunyasantadria\/wp-json\/wp\/v2\/tags?post=3730"}],"curies":[{"name":"wp","href":"https:\/\/api.w.org\/{rel}","templated":true}]}}