{"id":3323,"date":"2019-04-30T15:52:03","date_gmt":"2019-04-30T13:52:03","guid":{"rendered":"http:\/\/agora.xtec.cat\/escolacatalunyasantadria\/?p=3323"},"modified":"2019-05-03T09:02:56","modified_gmt":"2019-05-03T07:02:56","slug":"emprenedors-a-lajuntament","status":"publish","type":"post","link":"https:\/\/agora.xtec.cat\/escolacatalunyasantadria\/general\/emprenedors-a-lajuntament\/","title":{"rendered":"Emprenedors a l&#8217;Ajuntament"},"content":{"rendered":"<p>Formar una empresa comporta prendre moltes decisions i al mateix temps, plasmar aquestes decisions en documents: acta de constituci\u00f3, estatuts de l&#8217;empresa,\u00a0sol\u00b7licitar\u00a0el CIF, demanar el perm\u00eds d&#8217;ocupaci\u00f3 de la via p\u00fablica&#8230;<\/p>\n<p>Mai\u00a0<span class=\"hiddenGrammarError\">ens ho<\/span>\u00a0hagu\u00e9ssim\u00a0imaginat. Quina feinada! Per\u00f2 alhora, quantes coses estem aprenent. El passat, 10 d&#8217;abril vam anar a l&#8217;Ajuntament on ens va rebre l&#8217;alcalde i la regidoria de promoci\u00f3 econ\u00f2mica de Sant Adri\u00e0 per tal de tramitar el perm\u00eds d&#8217;ocupaci\u00f3 de la via p\u00fablica. Vam aprofitar la reuni\u00f3 per fer valoraci\u00f3 de com anaven les nostres empreses.<\/p>\n<p>L&#8217;equip directiu de cada cooperativa ens vam presentar com els representants i vam respondre a un munt de preguntes. Quins problemes ens hav\u00edem trobat; quantes persones\u00a0form\u00e0vem\u00a0la cooperativa; quins productes hav\u00edem creat; com\u00a0<span class=\"hiddenGrammarError\">ens<\/span>\u00a0organitzavem, etc. Preguntes molt interessants que ens van fer pensar molt en tot all\u00f2 que est\u00e0vem fent.<\/p>\n<p>Finalment ens van concedir el perm\u00eds d&#8217;ocupaci\u00f3 de la via p\u00fablica per poder muntar el nostre estand el dia del mercat. Quina\u00a0il\u00b7lusi\u00f3!!!!<\/p>\n<p><a href=\"https:\/\/agora.xtec.cat\/escolacatalunyasantadria\/wp-content\/uploads\/usu1541\/2019\/04\/P1014593.jpg\"><img loading=\"lazy\" decoding=\"async\" class=\"size-medium wp-image-3324\" src=\"https:\/\/agora.xtec.cat\/escolacatalunyasantadria\/wp-content\/uploads\/usu1541\/2019\/04\/P1014593-300x225.jpg\" alt=\"\" width=\"300\" height=\"225\" srcset=\"https:\/\/agora.xtec.cat\/escolacatalunyasantadria\/wp-content\/uploads\/usu1541\/2019\/04\/P1014593-300x225.jpg 300w, https:\/\/agora.xtec.cat\/escolacatalunyasantadria\/wp-content\/uploads\/usu1541\/2019\/04\/P1014593-200x150.jpg 200w, https:\/\/agora.xtec.cat\/escolacatalunyasantadria\/wp-content\/uploads\/usu1541\/2019\/04\/P1014593.jpg 640w\" sizes=\"auto, (max-width: 300px) 100vw, 300px\" \/><\/a><\/p>\n<p><a href=\"https:\/\/agora.xtec.cat\/escolacatalunyasantadria\/wp-content\/uploads\/usu1541\/2019\/04\/P1014591-1.jpg\"><img loading=\"lazy\" decoding=\"async\" class=\"size-medium wp-image-3325\" src=\"https:\/\/agora.xtec.cat\/escolacatalunyasantadria\/wp-content\/uploads\/usu1541\/2019\/04\/P1014591-1-300x225.jpg\" alt=\"\" width=\"300\" height=\"225\" srcset=\"https:\/\/agora.xtec.cat\/escolacatalunyasantadria\/wp-content\/uploads\/usu1541\/2019\/04\/P1014591-1-300x225.jpg 300w, https:\/\/agora.xtec.cat\/escolacatalunyasantadria\/wp-content\/uploads\/usu1541\/2019\/04\/P1014591-1-200x150.jpg 200w, https:\/\/agora.xtec.cat\/escolacatalunyasantadria\/wp-content\/uploads\/usu1541\/2019\/04\/P1014591-1.jpg 640w\" sizes=\"auto, (max-width: 300px) 100vw, 300px\" \/><\/a><\/p>\n","protected":false},"excerpt":{"rendered":"<p>Formar una empresa comporta prendre moltes decisions i al mateix temps, plasmar aquestes decisions en documents: acta de constituci\u00f3, estatuts de l&#8217;empresa,\u00a0sol\u00b7licitar\u00a0el CIF, demanar el perm\u00eds d&#8217;ocupaci\u00f3 de la via p\u00fablica&#8230;<br \/>\nMai\u00a0ens ho\u00a0hagu\u00e9ssim\u00a0imaginat. Quina feinada! Per\u00f2 alhora, quantes coses estem aprenent. El passat, 10 d&#8217;abril vam&hellip;  <a href=\"https:\/\/agora.xtec.cat\/escolacatalunyasantadria\/general\/emprenedors-a-lajuntament\/\" title=\"Read Emprenedors a l&#8217;Ajuntament\">Llegeix m\u00e9s\u00bb<\/a><\/p>\n","protected":false},"author":17,"featured_media":0,"comment_status":"open","ping_status":"closed","sticky":false,"template":"","format":"standard","meta":{"footnotes":""},"categories":[15,1,4,87,94],"tags":[202,148],"class_list":["post-3323","post","type-post","status-publish","format-standard","hentry","category-6e","category-general","category-portada","category-projecte-emprenedors","category-sortides","tag-emprenedoria","tag-projectes"],"post_mailing_queue_ids":[],"_links":{"self":[{"href":"https:\/\/agora.xtec.cat\/escolacatalunyasantadria\/wp-json\/wp\/v2\/posts\/3323","targetHints":{"allow":["GET"]}}],"collection":[{"href":"https:\/\/agora.xtec.cat\/escolacatalunyasantadria\/wp-json\/wp\/v2\/posts"}],"about":[{"href":"https:\/\/agora.xtec.cat\/escolacatalunyasantadria\/wp-json\/wp\/v2\/types\/post"}],"author":[{"embeddable":true,"href":"https:\/\/agora.xtec.cat\/escolacatalunyasantadria\/wp-json\/wp\/v2\/users\/17"}],"replies":[{"embeddable":true,"href":"https:\/\/agora.xtec.cat\/escolacatalunyasantadria\/wp-json\/wp\/v2\/comments?post=3323"}],"version-history":[{"count":2,"href":"https:\/\/agora.xtec.cat\/escolacatalunyasantadria\/wp-json\/wp\/v2\/posts\/3323\/revisions"}],"predecessor-version":[{"id":3327,"href":"https:\/\/agora.xtec.cat\/escolacatalunyasantadria\/wp-json\/wp\/v2\/posts\/3323\/revisions\/3327"}],"wp:attachment":[{"href":"https:\/\/agora.xtec.cat\/escolacatalunyasantadria\/wp-json\/wp\/v2\/media?parent=3323"}],"wp:term":[{"taxonomy":"category","embeddable":true,"href":"https:\/\/agora.xtec.cat\/escolacatalunyasantadria\/wp-json\/wp\/v2\/categories?post=3323"},{"taxonomy":"post_tag","embeddable":true,"href":"https:\/\/agora.xtec.cat\/escolacatalunyasantadria\/wp-json\/wp\/v2\/tags?post=3323"}],"curies":[{"name":"wp","href":"https:\/\/api.w.org\/{rel}","templated":true}]}}