{"id":3083,"date":"2019-02-22T12:35:55","date_gmt":"2019-02-22T11:35:55","guid":{"rendered":"http:\/\/agora.xtec.cat\/escolacatalunyasantadria\/?p=3083"},"modified":"2019-03-14T02:18:35","modified_gmt":"2019-03-14T01:18:35","slug":"el-carnestoltes-tambe-fa-el-tandem","status":"publish","type":"post","link":"https:\/\/agora.xtec.cat\/escolacatalunyasantadria\/general\/el-carnestoltes-tambe-fa-el-tandem\/","title":{"rendered":"El Rei Carnestoltes tamb\u00e9 fa el T\u00c0NDEM!"},"content":{"rendered":"<p style=\"text-align: justify;\">Avui ha arribat el rei Carnestoltes a l&#8217;escola!! Aquest any s&#8217;ha disfressat de m\u00f3n amb auriculars, ja que la m\u00fasica \u00e9s molt important a la nostra escola, i per aix\u00f2 s&#8217;ha inventat un rap, conjuntament amb els de 5\u00e8, per amenitzar el preg\u00f3.<\/p>\n<p>Aqu\u00ed el teniu!<\/p>\n<table style=\"border-collapse: collapse; width: 100.136%; height: 583px;\" border=\"1\">\n<tbody>\n<tr>\n<td style=\"width: 50%; text-align: center;\"><strong>Rap de benvinguda del Rei Carnestoltes<\/strong><\/p>\n<p>&nbsp;<\/p>\n<p>Bon dia! Bon dia! Bon bon bon dia!<\/p>\n<p>Nens i nenes de l\u2019escola Ca ta lu nya<\/p>\n<p>Nens i nenes de l\u2019escola Ca ta lu nya<\/p>\n<p>&nbsp;<\/p>\n<p>Ja ha arribat el dia. Ja ha vingut el rei.<\/p>\n<p>El rei de les burles, el rei que no t\u00e9 llei.<\/p>\n<p>&nbsp;<\/p>\n<p>\u00c9s rei de les disfresses i de coses de palau.<\/p>\n<p>Rei de les proeses\u00a0i no t\u00e9 cara de &#8220;pringau&#8221;.<\/p>\n<p>&nbsp;<\/p>\n<p>El rei Carnestoltes aqu\u00ed est\u00e0,<\/p>\n<p>un aplaudiment i que entri ja!<\/p>\n<p>El rei Carnestoltes aqu\u00ed est\u00e0,<\/p>\n<p>un aplaudiment i que entri ja!<\/p>\n<p>&nbsp;<\/p>\n<p>(ENTRA EL REI CARNESTOLTES)<\/td>\n<td style=\"width: 50%; text-align: center;\">&nbsp;<\/p>\n<p>&nbsp;<\/p>\n<p>&nbsp;<\/p>\n<p>Els de sis\u00e8 que ara vindran les ordres clares explicaran.<\/p>\n<p>Estigueu atents al que diran que a casa vostra us preguntaran<\/p>\n<p>&nbsp;<\/p>\n<p>(6\u00e8 EXPLICA LES ORDRES)<\/p>\n<p>&nbsp;<\/p>\n<p>Ara ja est\u00e0 tot molt clar! I sabeu qu\u00e8 heu de portar.<\/p>\n<p>Si no feu cas al proclamat, els de sis\u00e8 us castigaran.<\/p>\n<p>&nbsp;<\/p>\n<p>Nom\u00e9s hem de recordar que divendres la rua ser\u00e0.<\/p>\n<p>Una disfressa heu de portar per fer el dia molt especial!<\/p>\n<p>&nbsp;<\/p>\n<p>I ara ens heu d\u2019ajudar per acabar amb aquest rap,<\/p>\n<p>TOL-TES heu de contestar quan us donem la paraula:<\/p>\n<p>un, dos, tres&#8230; Ja!<\/p>\n<p>&nbsp;<\/p>\n<p>Visca el Carnes -TOLTES! (x4)<\/p>\n<p>&nbsp;<\/td>\n<\/tr>\n<\/tbody>\n<\/table>\n<p>&nbsp;<\/p>\n<p><img loading=\"lazy\" decoding=\"async\" class=\"aligncenter wp-image-3084\" src=\"https:\/\/agora.xtec.cat\/escolacatalunyasantadria\/wp-content\/uploads\/usu1541\/2019\/02\/WhatsApp-Image-2019-02-22-at-12.07.37-1024x768.jpeg\" alt=\"\" width=\"503\" height=\"377\" srcset=\"https:\/\/agora.xtec.cat\/escolacatalunyasantadria\/wp-content\/uploads\/usu1541\/2019\/02\/WhatsApp-Image-2019-02-22-at-12.07.37-1024x768.jpeg 1024w, https:\/\/agora.xtec.cat\/escolacatalunyasantadria\/wp-content\/uploads\/usu1541\/2019\/02\/WhatsApp-Image-2019-02-22-at-12.07.37-300x225.jpeg 300w, https:\/\/agora.xtec.cat\/escolacatalunyasantadria\/wp-content\/uploads\/usu1541\/2019\/02\/WhatsApp-Image-2019-02-22-at-12.07.37-768x576.jpeg 768w, https:\/\/agora.xtec.cat\/escolacatalunyasantadria\/wp-content\/uploads\/usu1541\/2019\/02\/WhatsApp-Image-2019-02-22-at-12.07.37-200x150.jpeg 200w, https:\/\/agora.xtec.cat\/escolacatalunyasantadria\/wp-content\/uploads\/usu1541\/2019\/02\/WhatsApp-Image-2019-02-22-at-12.07.37.jpeg 1600w\" sizes=\"auto, (max-width: 503px) 100vw, 503px\" \/><\/p>\n","protected":false},"excerpt":{"rendered":"<p>Avui ha arribat el rei Carnestoltes a l&#8217;escola!! Aquest any s&#8217;ha disfressat de m\u00f3n amb auriculars, ja que la m\u00fasica \u00e9s molt important a la nostra escola, i per aix\u00f2 s&#8217;ha inventat un rap, conjuntament amb els de 5\u00e8, per amenitzar el preg\u00f3.<br \/>\nAqu\u00ed el teniu!<\/p>\n<p>Rap&hellip;  <a href=\"https:\/\/agora.xtec.cat\/escolacatalunyasantadria\/general\/el-carnestoltes-tambe-fa-el-tandem\/\" title=\"Read El Rei Carnestoltes tamb\u00e9 fa el T\u00c0NDEM!\">Llegeix m\u00e9s\u00bb<\/a><\/p>\n","protected":false},"author":39,"featured_media":3084,"comment_status":"open","ping_status":"closed","sticky":false,"template":"","format":"standard","meta":{"footnotes":""},"categories":[14,15,92,1,2,4,5],"tags":[112,328,59,131,192],"class_list":["post-3083","post","type-post","status-publish","format-standard","has-post-thumbnail","hentry","category-5e","category-6e","category-festes","category-general","category-infantil","category-portada","category-primaria","tag-carnaval","tag-carnestoltes","tag-escola-catalunya","tag-festes","tag-musica"],"post_mailing_queue_ids":[],"_links":{"self":[{"href":"https:\/\/agora.xtec.cat\/escolacatalunyasantadria\/wp-json\/wp\/v2\/posts\/3083","targetHints":{"allow":["GET"]}}],"collection":[{"href":"https:\/\/agora.xtec.cat\/escolacatalunyasantadria\/wp-json\/wp\/v2\/posts"}],"about":[{"href":"https:\/\/agora.xtec.cat\/escolacatalunyasantadria\/wp-json\/wp\/v2\/types\/post"}],"author":[{"embeddable":true,"href":"https:\/\/agora.xtec.cat\/escolacatalunyasantadria\/wp-json\/wp\/v2\/users\/39"}],"replies":[{"embeddable":true,"href":"https:\/\/agora.xtec.cat\/escolacatalunyasantadria\/wp-json\/wp\/v2\/comments?post=3083"}],"version-history":[{"count":4,"href":"https:\/\/agora.xtec.cat\/escolacatalunyasantadria\/wp-json\/wp\/v2\/posts\/3083\/revisions"}],"predecessor-version":[{"id":3132,"href":"https:\/\/agora.xtec.cat\/escolacatalunyasantadria\/wp-json\/wp\/v2\/posts\/3083\/revisions\/3132"}],"wp:featuredmedia":[{"embeddable":true,"href":"https:\/\/agora.xtec.cat\/escolacatalunyasantadria\/wp-json\/wp\/v2\/media\/3084"}],"wp:attachment":[{"href":"https:\/\/agora.xtec.cat\/escolacatalunyasantadria\/wp-json\/wp\/v2\/media?parent=3083"}],"wp:term":[{"taxonomy":"category","embeddable":true,"href":"https:\/\/agora.xtec.cat\/escolacatalunyasantadria\/wp-json\/wp\/v2\/categories?post=3083"},{"taxonomy":"post_tag","embeddable":true,"href":"https:\/\/agora.xtec.cat\/escolacatalunyasantadria\/wp-json\/wp\/v2\/tags?post=3083"}],"curies":[{"name":"wp","href":"https:\/\/api.w.org\/{rel}","templated":true}]}}