{"id":5534,"date":"2026-04-22T01:04:32","date_gmt":"2026-04-21T23:04:32","guid":{"rendered":"https:\/\/agora.xtec.cat\/escolacastellciutat\/?p=5534"},"modified":"2026-04-22T06:26:13","modified_gmt":"2026-04-22T04:26:13","slug":"vine-a-celebrar-sant-jordi-amb-nosaltres","status":"publish","type":"post","link":"https:\/\/agora.xtec.cat\/escolacastellciutat\/general\/vine-a-celebrar-sant-jordi-amb-nosaltres\/","title":{"rendered":"Vine a celebrar Sant Jordi amb nosaltres!"},"content":{"rendered":"<p>El proper dijous 23 d&#8217;abril celebrarem Sant Jordi a la pla\u00e7a de l&#8217;arbre de Castellciutat.<\/p>\n<p><strong>PARADETA<\/strong><br \/>\nAl mat\u00ed i a la tarda hi haur\u00e0 una paradeta amb un munt de productes elaborats per la nostra cooperativa Cau dels Animals.<br \/>\nL&#8217;horari ser\u00e0 de 9 a 13 i de 15 a 17.<\/p>\n<p><strong>DANSES<\/strong><br \/>\nA les 12.00 farem el ball de l&#8217;Esquerrana i el ball del Rogle!<\/p>\n<p><a href=\"https:\/\/agora.xtec.cat\/escolacastellciutat\/wp-content\/uploads\/usu1924\/2026\/04\/Cartell-Sant-Jordi-Ciutat-2026.png\"><img loading=\"lazy\" decoding=\"async\" class=\"alignnone size-medium wp-image-5533\" src=\"https:\/\/agora.xtec.cat\/escolacastellciutat\/wp-content\/uploads\/usu1924\/2026\/04\/Cartell-Sant-Jordi-Ciutat-2026-212x300.png\" alt=\"\" width=\"212\" height=\"300\" srcset=\"https:\/\/agora.xtec.cat\/escolacastellciutat\/wp-content\/uploads\/usu1924\/2026\/04\/Cartell-Sant-Jordi-Ciutat-2026-212x300.png 212w, https:\/\/agora.xtec.cat\/escolacastellciutat\/wp-content\/uploads\/usu1924\/2026\/04\/Cartell-Sant-Jordi-Ciutat-2026-724x1024.png 724w, https:\/\/agora.xtec.cat\/escolacastellciutat\/wp-content\/uploads\/usu1924\/2026\/04\/Cartell-Sant-Jordi-Ciutat-2026-768x1086.png 768w, https:\/\/agora.xtec.cat\/escolacastellciutat\/wp-content\/uploads\/usu1924\/2026\/04\/Cartell-Sant-Jordi-Ciutat-2026-1086x1536.png 1086w, https:\/\/agora.xtec.cat\/escolacastellciutat\/wp-content\/uploads\/usu1924\/2026\/04\/Cartell-Sant-Jordi-Ciutat-2026-1448x2048.png 1448w, https:\/\/agora.xtec.cat\/escolacastellciutat\/wp-content\/uploads\/usu1924\/2026\/04\/Cartell-Sant-Jordi-Ciutat-2026.png 1587w\" sizes=\"auto, (max-width: 212px) 100vw, 212px\" \/><\/a><\/p>\n","protected":false},"excerpt":{"rendered":"<p>El proper dijous 23 d&#8217;abril celebrarem Sant Jordi a la pla\u00e7a de l&#8217;arbre de Castellciutat. PARADETA Al mat\u00ed i a la tarda hi haur\u00e0 una paradeta amb un munt de productes elaborats per la nostra cooperativa Cau dels Animals. L&#8217;horari ser\u00e0 de 9 a 13 i de 15 a 17. DANSES A les 12.00 farem [&hellip;]<\/p>\n","protected":false},"author":1,"featured_media":5533,"comment_status":"open","ping_status":"open","sticky":false,"template":"","format":"standard","meta":{"_bbp_topic_count":0,"_bbp_reply_count":0,"_bbp_total_topic_count":0,"_bbp_total_reply_count":0,"_bbp_voice_count":0,"_bbp_anonymous_reply_count":0,"_bbp_topic_count_hidden":0,"_bbp_reply_count_hidden":0,"_bbp_forum_subforum_count":0,"site-sidebar-layout":"default","site-content-layout":"","ast-site-content-layout":"","site-content-style":"default","site-sidebar-style":"default","ast-global-header-display":"","ast-banner-title-visibility":"","ast-main-header-display":"","ast-hfb-above-header-display":"","ast-hfb-below-header-display":"","ast-hfb-mobile-header-display":"","site-post-title":"","ast-breadcrumbs-content":"","ast-featured-img":"","footer-sml-layout":"","theme-transparent-header-meta":"","adv-header-id-meta":"","stick-header-meta":"","header-above-stick-meta":"","header-main-stick-meta":"","header-below-stick-meta":"","astra-migrate-meta-layouts":"default","ast-page-background-enabled":"default","ast-page-background-meta":{"desktop":{"background-color":"var(--ast-global-color-4)","background-image":"","background-repeat":"repeat","background-position":"center center","background-size":"auto","background-attachment":"scroll","background-type":"","background-media":"","overlay-type":"","overlay-color":"","overlay-opacity":"","overlay-gradient":""},"tablet":{"background-color":"","background-image":"","background-repeat":"repeat","background-position":"center center","background-size":"auto","background-attachment":"scroll","background-type":"","background-media":"","overlay-type":"","overlay-color":"","overlay-opacity":"","overlay-gradient":""},"mobile":{"background-color":"","background-image":"","background-repeat":"repeat","background-position":"center center","background-size":"auto","background-attachment":"scroll","background-type":"","background-media":"","overlay-type":"","overlay-color":"","overlay-opacity":"","overlay-gradient":""}},"ast-content-background-meta":{"desktop":{"background-color":"var(--ast-global-color-5)","background-image":"","background-repeat":"repeat","background-position":"center center","background-size":"auto","background-attachment":"scroll","background-type":"","background-media":"","overlay-type":"","overlay-color":"","overlay-opacity":"","overlay-gradient":""},"tablet":{"background-color":"var(--ast-global-color-5)","background-image":"","background-repeat":"repeat","background-position":"center center","background-size":"auto","background-attachment":"scroll","background-type":"","background-media":"","overlay-type":"","overlay-color":"","overlay-opacity":"","overlay-gradient":""},"mobile":{"background-color":"var(--ast-global-color-5)","background-image":"","background-repeat":"repeat","background-position":"center center","background-size":"auto","background-attachment":"scroll","background-type":"","background-media":"","overlay-type":"","overlay-color":"","overlay-opacity":"","overlay-gradient":""}},"footnotes":""},"categories":[1,4,5],"tags":[],"class_list":["post-5534","post","type-post","status-publish","format-standard","has-post-thumbnail","hentry","category-general","category-portada","category-primaria"],"post_mailing_queue_ids":[],"_links":{"self":[{"href":"https:\/\/agora.xtec.cat\/escolacastellciutat\/wp-json\/wp\/v2\/posts\/5534","targetHints":{"allow":["GET"]}}],"collection":[{"href":"https:\/\/agora.xtec.cat\/escolacastellciutat\/wp-json\/wp\/v2\/posts"}],"about":[{"href":"https:\/\/agora.xtec.cat\/escolacastellciutat\/wp-json\/wp\/v2\/types\/post"}],"author":[{"embeddable":true,"href":"https:\/\/agora.xtec.cat\/escolacastellciutat\/wp-json\/wp\/v2\/users\/1"}],"replies":[{"embeddable":true,"href":"https:\/\/agora.xtec.cat\/escolacastellciutat\/wp-json\/wp\/v2\/comments?post=5534"}],"version-history":[{"count":2,"href":"https:\/\/agora.xtec.cat\/escolacastellciutat\/wp-json\/wp\/v2\/posts\/5534\/revisions"}],"predecessor-version":[{"id":5536,"href":"https:\/\/agora.xtec.cat\/escolacastellciutat\/wp-json\/wp\/v2\/posts\/5534\/revisions\/5536"}],"wp:featuredmedia":[{"embeddable":true,"href":"https:\/\/agora.xtec.cat\/escolacastellciutat\/wp-json\/wp\/v2\/media\/5533"}],"wp:attachment":[{"href":"https:\/\/agora.xtec.cat\/escolacastellciutat\/wp-json\/wp\/v2\/media?parent=5534"}],"wp:term":[{"taxonomy":"category","embeddable":true,"href":"https:\/\/agora.xtec.cat\/escolacastellciutat\/wp-json\/wp\/v2\/categories?post=5534"},{"taxonomy":"post_tag","embeddable":true,"href":"https:\/\/agora.xtec.cat\/escolacastellciutat\/wp-json\/wp\/v2\/tags?post=5534"}],"curies":[{"name":"wp","href":"https:\/\/api.w.org\/{rel}","templated":true}]}}