{"id":2058,"date":"2022-05-06T12:54:31","date_gmt":"2022-05-06T10:54:31","guid":{"rendered":"https:\/\/agora.xtec.cat\/escolacarmeauguet\/?p=2058"},"modified":"2022-05-06T13:01:10","modified_gmt":"2022-05-06T11:01:10","slug":"monstres-sota-al-llit","status":"publish","type":"post","link":"https:\/\/agora.xtec.cat\/escolacarmeauguet\/general\/monstres-sota-al-llit\/","title":{"rendered":"MONSTRES SOTA AL LLIT."},"content":{"rendered":"<p><strong>El dimarts 3 de maig,\u00a0 els nens i nenes de P4, van anar a la biblioteca Just Casero i van participar de l\u2019 activitat :\u201dMonstres sota al llit\u201d.<\/strong><\/p>\n<p><strong>En aquesta visita es va centrar l\u2019 atenci\u00f3 : en l\u2019 emoci\u00f3 de la por ,definir qu\u00e8 \u00e9s un monstre\u00a0 i mostrar un ampli ventall d\u2019 \u00e0lbums il.lustrats que parlen de monstres.<\/strong><\/p>\n<p><strong>\u00a0<\/strong><strong>Es va iniciar l\u2019 activitat a la sala infantil de la biblioteca on la Maria va explicar el conte:\u201dDe qu\u00e8 t\u00e9 por el ratol\u00ed?\u201d; d\u2019 aquesta manera va introduir el tema de la por i els monstres.<\/strong><\/p>\n<p><b>Tot seguit els nens i nenes van anar a la sala polivalent on hi havia una bonica decoraci\u00f3 ambientada per l\u2019 ocasi\u00f3 (una habitaci\u00f3 amb llits petits on sota cadascun hi dormia un monstre que l\u2019 alumnat havia d\u2019 anar despertant\u00a0 i buscar de quin conte havia sortit) ; tamb\u00e9 hi havia una tauleta ,una l\u00e0mpara i un despertador.Al costat de la tauleta hi havia els contes dels quals els monstres havien sortit.<\/b><\/p>\n<p><strong>La Maria ens va explicar alguns d\u2019 aquests contes i\u00a0 com podem fer fora als monstres o coses que ens fan por.<\/strong><\/p>\n<p><strong>L\u2019 alumnat va gaudir molt de l\u2019 activitat.<\/strong><\/p>\n<p>&nbsp;<\/p>\n<p>Si voleu veure m\u00e9s fotos aneu a l&#8217;apartat de fotos P4 a la carpeta monstres sota al llit.<\/p>\n<p>&nbsp;<\/p>\n","protected":false},"excerpt":{"rendered":"<p>El dimarts 3 de maig,\u00a0 els nens i nenes de P4, van anar a la biblioteca Just Casero i van [&hellip;]<\/p>\n","protected":false},"author":13,"featured_media":2059,"comment_status":"open","ping_status":"closed","sticky":false,"template":"","format":"standard","meta":{"_bbp_topic_count":0,"_bbp_reply_count":0,"_bbp_total_topic_count":0,"_bbp_total_reply_count":0,"_bbp_voice_count":0,"_bbp_anonymous_reply_count":0,"_bbp_topic_count_hidden":0,"_bbp_reply_count_hidden":0,"_bbp_forum_subforum_count":0,"site-sidebar-layout":"default","site-content-layout":"","ast-site-content-layout":"","site-content-style":"default","site-sidebar-style":"default","ast-global-header-display":"","ast-banner-title-visibility":"","ast-main-header-display":"","ast-hfb-above-header-display":"","ast-hfb-below-header-display":"","ast-hfb-mobile-header-display":"","site-post-title":"","ast-breadcrumbs-content":"","ast-featured-img":"","footer-sml-layout":"","theme-transparent-header-meta":"","adv-header-id-meta":"","stick-header-meta":"","header-above-stick-meta":"","header-main-stick-meta":"","header-below-stick-meta":"","astra-migrate-meta-layouts":"default","ast-page-background-enabled":"default","ast-page-background-meta":{"desktop":{"background-color":"var(--ast-global-color-4)","background-image":"","background-repeat":"repeat","background-position":"center center","background-size":"auto","background-attachment":"scroll","background-type":"","background-media":"","overlay-type":"","overlay-color":"","overlay-opacity":"","overlay-gradient":""},"tablet":{"background-color":"","background-image":"","background-repeat":"repeat","background-position":"center center","background-size":"auto","background-attachment":"scroll","background-type":"","background-media":"","overlay-type":"","overlay-color":"","overlay-opacity":"","overlay-gradient":""},"mobile":{"background-color":"","background-image":"","background-repeat":"repeat","background-position":"center center","background-size":"auto","background-attachment":"scroll","background-type":"","background-media":"","overlay-type":"","overlay-color":"","overlay-opacity":"","overlay-gradient":""}},"ast-content-background-meta":{"desktop":{"background-color":"var(--ast-global-color-5)","background-image":"","background-repeat":"repeat","background-position":"center center","background-size":"auto","background-attachment":"scroll","background-type":"","background-media":"","overlay-type":"","overlay-color":"","overlay-opacity":"","overlay-gradient":""},"tablet":{"background-color":"var(--ast-global-color-5)","background-image":"","background-repeat":"repeat","background-position":"center center","background-size":"auto","background-attachment":"scroll","background-type":"","background-media":"","overlay-type":"","overlay-color":"","overlay-opacity":"","overlay-gradient":""},"mobile":{"background-color":"var(--ast-global-color-5)","background-image":"","background-repeat":"repeat","background-position":"center center","background-size":"auto","background-attachment":"scroll","background-type":"","background-media":"","overlay-type":"","overlay-color":"","overlay-opacity":"","overlay-gradient":""}},"footnotes":""},"categories":[2,1,68,4],"tags":[],"class_list":["post-2058","post","type-post","status-publish","format-standard","has-post-thumbnail","hentry","category-infantil","category-general","category-i4","category-portada"],"post_mailing_queue_ids":[],"_links":{"self":[{"href":"https:\/\/agora.xtec.cat\/escolacarmeauguet\/wp-json\/wp\/v2\/posts\/2058","targetHints":{"allow":["GET"]}}],"collection":[{"href":"https:\/\/agora.xtec.cat\/escolacarmeauguet\/wp-json\/wp\/v2\/posts"}],"about":[{"href":"https:\/\/agora.xtec.cat\/escolacarmeauguet\/wp-json\/wp\/v2\/types\/post"}],"author":[{"embeddable":true,"href":"https:\/\/agora.xtec.cat\/escolacarmeauguet\/wp-json\/wp\/v2\/users\/13"}],"replies":[{"embeddable":true,"href":"https:\/\/agora.xtec.cat\/escolacarmeauguet\/wp-json\/wp\/v2\/comments?post=2058"}],"version-history":[{"count":2,"href":"https:\/\/agora.xtec.cat\/escolacarmeauguet\/wp-json\/wp\/v2\/posts\/2058\/revisions"}],"predecessor-version":[{"id":2061,"href":"https:\/\/agora.xtec.cat\/escolacarmeauguet\/wp-json\/wp\/v2\/posts\/2058\/revisions\/2061"}],"wp:featuredmedia":[{"embeddable":true,"href":"https:\/\/agora.xtec.cat\/escolacarmeauguet\/wp-json\/wp\/v2\/media\/2059"}],"wp:attachment":[{"href":"https:\/\/agora.xtec.cat\/escolacarmeauguet\/wp-json\/wp\/v2\/media?parent=2058"}],"wp:term":[{"taxonomy":"category","embeddable":true,"href":"https:\/\/agora.xtec.cat\/escolacarmeauguet\/wp-json\/wp\/v2\/categories?post=2058"},{"taxonomy":"post_tag","embeddable":true,"href":"https:\/\/agora.xtec.cat\/escolacarmeauguet\/wp-json\/wp\/v2\/tags?post=2058"}],"curies":[{"name":"wp","href":"https:\/\/api.w.org\/{rel}","templated":true}]}}