{"id":9831,"date":"2023-03-08T09:58:11","date_gmt":"2023-03-08T08:58:11","guid":{"rendered":"https:\/\/agora.xtec.cat\/escolacansorts\/?p=9831"},"modified":"2023-03-08T09:58:42","modified_gmt":"2023-03-08T08:58:42","slug":"visita-especial-a-5e","status":"publish","type":"post","link":"https:\/\/agora.xtec.cat\/escolacansorts\/general\/visita-especial-a-5e\/","title":{"rendered":"VISITA ESPECIAL A 5\u00e8"},"content":{"rendered":"<p>Aprofitant el projecte de la volta al m\u00f3n, l&#8217;alumnat de 5\u00e8 ha rebut la visita de la Paula, una valenta que el 2016 va fer un viatge molt especial, va anar amb bici des de Girona fins a el Jap\u00f3. Ha compartit amb nosaltres la seva experi\u00e8ncia i ens ha obert una finestra a possibilitats que ens semblaven remotes!<\/p>\n<p style=\"text-align: center;\"><a href=\"https:\/\/agora.xtec.cat\/escolacansorts\/wp-content\/uploads\/usu1930\/2023\/03\/WhatsApp-Image-2023-03-07-at-11.54.57.jpeg\"><img loading=\"lazy\" decoding=\"async\" class=\"aligncenter wp-image-9832\" src=\"https:\/\/agora.xtec.cat\/escolacansorts\/wp-content\/uploads\/usu1930\/2023\/03\/WhatsApp-Image-2023-03-07-at-11.54.57-768x1024.jpeg\" alt=\"\" width=\"310\" height=\"413\" srcset=\"https:\/\/agora.xtec.cat\/escolacansorts\/wp-content\/uploads\/usu1930\/2023\/03\/WhatsApp-Image-2023-03-07-at-11.54.57-768x1024.jpeg 768w, https:\/\/agora.xtec.cat\/escolacansorts\/wp-content\/uploads\/usu1930\/2023\/03\/WhatsApp-Image-2023-03-07-at-11.54.57-225x300.jpeg 225w, https:\/\/agora.xtec.cat\/escolacansorts\/wp-content\/uploads\/usu1930\/2023\/03\/WhatsApp-Image-2023-03-07-at-11.54.57-1152x1536.jpeg 1152w, https:\/\/agora.xtec.cat\/escolacansorts\/wp-content\/uploads\/usu1930\/2023\/03\/WhatsApp-Image-2023-03-07-at-11.54.57.jpeg 1536w\" sizes=\"auto, (max-width: 310px) 100vw, 310px\" \/><\/a>Gr\u00e0cies, Paula i felicitats per l&#8217;aventura!<\/p>\n","protected":false},"excerpt":{"rendered":"<p>Aprofitant el projecte de la volta al m\u00f3n, l&#8217;alumnat de 5\u00e8 ha rebut la visita de la Paula, una valenta que el 2016 va fer un viatge molt especial, va anar amb bici des de Girona fins a el Jap\u00f3. Ha compartit amb nosaltres la&hellip;  <a href=\"https:\/\/agora.xtec.cat\/escolacansorts\/general\/visita-especial-a-5e\/\" title=\"Read VISITA ESPECIAL A 5\u00e8\">Llegeix m\u00e9s\u00bb<\/a><\/p>\n","protected":false},"author":1,"featured_media":9832,"comment_status":"closed","ping_status":"closed","sticky":false,"template":"","format":"standard","meta":{"_bbp_topic_count":0,"_bbp_reply_count":0,"_bbp_total_topic_count":0,"_bbp_total_reply_count":0,"_bbp_voice_count":0,"_bbp_anonymous_reply_count":0,"_bbp_topic_count_hidden":0,"_bbp_reply_count_hidden":0,"_bbp_forum_subforum_count":0,"footnotes":""},"categories":[64,1],"tags":[],"class_list":["post-9831","post","type-post","status-publish","format-standard","has-post-thumbnail","hentry","category-cs","category-general"],"post_mailing_queue_ids":[],"_links":{"self":[{"href":"https:\/\/agora.xtec.cat\/escolacansorts\/wp-json\/wp\/v2\/posts\/9831","targetHints":{"allow":["GET"]}}],"collection":[{"href":"https:\/\/agora.xtec.cat\/escolacansorts\/wp-json\/wp\/v2\/posts"}],"about":[{"href":"https:\/\/agora.xtec.cat\/escolacansorts\/wp-json\/wp\/v2\/types\/post"}],"author":[{"embeddable":true,"href":"https:\/\/agora.xtec.cat\/escolacansorts\/wp-json\/wp\/v2\/users\/1"}],"replies":[{"embeddable":true,"href":"https:\/\/agora.xtec.cat\/escolacansorts\/wp-json\/wp\/v2\/comments?post=9831"}],"version-history":[{"count":1,"href":"https:\/\/agora.xtec.cat\/escolacansorts\/wp-json\/wp\/v2\/posts\/9831\/revisions"}],"predecessor-version":[{"id":9833,"href":"https:\/\/agora.xtec.cat\/escolacansorts\/wp-json\/wp\/v2\/posts\/9831\/revisions\/9833"}],"wp:featuredmedia":[{"embeddable":true,"href":"https:\/\/agora.xtec.cat\/escolacansorts\/wp-json\/wp\/v2\/media\/9832"}],"wp:attachment":[{"href":"https:\/\/agora.xtec.cat\/escolacansorts\/wp-json\/wp\/v2\/media?parent=9831"}],"wp:term":[{"taxonomy":"category","embeddable":true,"href":"https:\/\/agora.xtec.cat\/escolacansorts\/wp-json\/wp\/v2\/categories?post=9831"},{"taxonomy":"post_tag","embeddable":true,"href":"https:\/\/agora.xtec.cat\/escolacansorts\/wp-json\/wp\/v2\/tags?post=9831"}],"curies":[{"name":"wp","href":"https:\/\/api.w.org\/{rel}","templated":true}]}}