{"id":9643,"date":"2022-03-10T16:12:08","date_gmt":"2022-03-10T15:12:08","guid":{"rendered":"https:\/\/agora.xtec.cat\/escolacansorts\/?p=9643"},"modified":"2024-07-08T11:35:33","modified_gmt":"2024-07-08T09:35:33","slug":"aquiproubullying","status":"publish","type":"post","link":"https:\/\/agora.xtec.cat\/escolacansorts\/general\/aquiproubullying\/","title":{"rendered":"#aqu\u00edproubullying"},"content":{"rendered":"<p>Des del curs 21-22, la nostra escola porta a terme el projecte #aqu\u00edproubullying. Es tracta d&#8217;un projecte d&#8217;innovaci\u00f3 pedag\u00f2gica del Departament d&#8217;Educaci\u00f3 que t\u00e9 com a objectius principals:<\/p>\n<ul>\n<li>Implicar la comunitat escolar davant els casos d\u2019assetjament.<\/li>\n<li>Potenciar el comprom\u00eds actiu de l\u2019alumnat en la prevenci\u00f3 i detecci\u00f3 dels casos d\u2019assetjament.<\/li>\n<li>Fomentar la gesti\u00f3 positiva dels conflictes.<\/li>\n<li>Contribuir al desenvolupament personal i social de l\u2019alumnat.<\/li>\n<\/ul>\n<p>El projecte es desenvolupar\u00e0 en tres cursos escolars i posa a l\u2019abast de l&#8217;escola la formaci\u00f3, estrat\u00e8gies i recursos necessaris per elaborar un projecte de prevenci\u00f3, detecci\u00f3 i intervenci\u00f3 davant l\u2019assetjament amb la participaci\u00f3 de tota la comunitat escolar, especialment de l\u2019alumnat qui actuar\u00e0 com observador i agent actiu i comprom\u00e8s en la lluita contra l\u2019assetjament alhora que adquireix les actituds i els valors propis de la compet\u00e8ncia social i ciutadana.<\/p>\n<p><img decoding=\"async\" class=\"aligncenter\" src=\"https:\/\/agora.xtec.cat\/ceipelcastellot\/wp-content\/uploads\/usu543\/2020\/01\/aquiproubullyuing.jpg\" alt=\"Aquiproubullying | Escola El Castellot\" \/><\/p>\n","protected":false},"excerpt":{"rendered":"<p>Des del curs 21-22, la nostra escola porta a terme el projecte #aqu\u00edproubullying. Es tracta d&#8217;un projecte d&#8217;innovaci\u00f3 pedag\u00f2gica del Departament d&#8217;Educaci\u00f3 que t\u00e9 com a objectius principals:<\/p>\n<ul>\n<li>Implicar la comunitat escolar davant els casos d\u2019assetjament.<\/li>\n<li>Potenciar el comprom\u00eds actiu de l\u2019alumnat en la prevenci\u00f3 i detecci\u00f3&hellip;  <a href=\"https:\/\/agora.xtec.cat\/escolacansorts\/general\/aquiproubullying\/\" title=\"Read #aqu\u00edproubullying\">Llegeix m\u00e9s\u00bb<\/a><br \/>\n","protected":false},"author":1,"featured_media":9644,"comment_status":"closed","ping_status":"closed","sticky":false,"template":"","format":"standard","meta":{"_bbp_topic_count":0,"_bbp_reply_count":0,"_bbp_total_topic_count":0,"_bbp_total_reply_count":0,"_bbp_voice_count":0,"_bbp_anonymous_reply_count":0,"_bbp_topic_count_hidden":0,"_bbp_reply_count_hidden":0,"_bbp_forum_subforum_count":0,"footnotes":""},"categories":[1],"tags":[],"class_list":["post-9643","post","type-post","status-publish","format-standard","has-post-thumbnail","hentry","category-general"],"post_mailing_queue_ids":[],"_links":{"self":[{"href":"https:\/\/agora.xtec.cat\/escolacansorts\/wp-json\/wp\/v2\/posts\/9643","targetHints":{"allow":["GET"]}}],"collection":[{"href":"https:\/\/agora.xtec.cat\/escolacansorts\/wp-json\/wp\/v2\/posts"}],"about":[{"href":"https:\/\/agora.xtec.cat\/escolacansorts\/wp-json\/wp\/v2\/types\/post"}],"author":[{"embeddable":true,"href":"https:\/\/agora.xtec.cat\/escolacansorts\/wp-json\/wp\/v2\/users\/1"}],"replies":[{"embeddable":true,"href":"https:\/\/agora.xtec.cat\/escolacansorts\/wp-json\/wp\/v2\/comments?post=9643"}],"version-history":[{"count":2,"href":"https:\/\/agora.xtec.cat\/escolacansorts\/wp-json\/wp\/v2\/posts\/9643\/revisions"}],"predecessor-version":[{"id":9985,"href":"https:\/\/agora.xtec.cat\/escolacansorts\/wp-json\/wp\/v2\/posts\/9643\/revisions\/9985"}],"wp:featuredmedia":[{"embeddable":true,"href":"https:\/\/agora.xtec.cat\/escolacansorts\/wp-json\/wp\/v2\/media\/9644"}],"wp:attachment":[{"href":"https:\/\/agora.xtec.cat\/escolacansorts\/wp-json\/wp\/v2\/media?parent=9643"}],"wp:term":[{"taxonomy":"category","embeddable":true,"href":"https:\/\/agora.xtec.cat\/escolacansorts\/wp-json\/wp\/v2\/categories?post=9643"},{"taxonomy":"post_tag","embeddable":true,"href":"https:\/\/agora.xtec.cat\/escolacansorts\/wp-json\/wp\/v2\/tags?post=9643"}],"curies":[{"name":"wp","href":"https:\/\/api.w.org\/{rel}","templated":true}]}}