{"id":9619,"date":"2022-02-18T12:18:23","date_gmt":"2022-02-18T11:18:23","guid":{"rendered":"https:\/\/agora.xtec.cat\/escolacansorts\/?p=9619"},"modified":"2022-02-18T12:19:10","modified_gmt":"2022-02-18T11:19:10","slug":"carnaval-2022","status":"publish","type":"post","link":"https:\/\/agora.xtec.cat\/escolacansorts\/general\/carnaval-2022\/","title":{"rendered":"Carnaval 2022"},"content":{"rendered":"<p>Ja est\u00e0 aqu\u00ed la setmana m\u00e9s esbojarrada de l&#8217;any!<a href=\"https:\/\/agora.xtec.cat\/escolacansorts\/wp-content\/uploads\/usu1930\/2022\/02\/Carnaval-22.png\"><img loading=\"lazy\" decoding=\"async\" class=\"aligncenter size-large wp-image-9620\" src=\"https:\/\/agora.xtec.cat\/escolacansorts\/wp-content\/uploads\/usu1930\/2022\/02\/Carnaval-22-1024x724.png\" alt=\"\" width=\"1024\" height=\"724\" srcset=\"https:\/\/agora.xtec.cat\/escolacansorts\/wp-content\/uploads\/usu1930\/2022\/02\/Carnaval-22-1024x724.png 1024w, https:\/\/agora.xtec.cat\/escolacansorts\/wp-content\/uploads\/usu1930\/2022\/02\/Carnaval-22-300x212.png 300w, https:\/\/agora.xtec.cat\/escolacansorts\/wp-content\/uploads\/usu1930\/2022\/02\/Carnaval-22-768x543.png 768w, https:\/\/agora.xtec.cat\/escolacansorts\/wp-content\/uploads\/usu1930\/2022\/02\/Carnaval-22-1536x1086.png 1536w, https:\/\/agora.xtec.cat\/escolacansorts\/wp-content\/uploads\/usu1930\/2022\/02\/Carnaval-22.png 2000w\" sizes=\"auto, (max-width: 1024px) 100vw, 1024px\" \/><\/a><\/p>\n<p>El passat dijous 10 de febrer es va celebrar l&#8217;assemblea de delegades i delegats de l&#8217;escola. Les i els representants de cada grup van portar les propostes d&#8217;activitats que havien parlat a les respectives aules. Amb les propostes de totes i tots ells vam decidir fer les activitats que teniu al cartell i van triar el men\u00fa especial per l&#8217;alumnat que es queda a dinar aquell dia: Sopa, pizza i gelat.<\/p>\n<p>Comencem la setmana m\u00e9s esbojarrada i m\u00e9s festiva de l&#8217;any.<\/p>\n<p>Feli\u00e7 carnestoltes a tothom!!!<\/p>\n","protected":false},"excerpt":{"rendered":"<p>Ja est\u00e0 aqu\u00ed la setmana m\u00e9s esbojarrada de l&#8217;any!<a href=\"https:\/\/agora.xtec.cat\/escolacansorts\/wp-content\/uploads\/usu1930\/2022\/02\/Carnaval-22.png\"><\/a><br \/>\nEl passat dijous 10 de febrer es va celebrar l&#8217;assemblea de delegades i delegats de l&#8217;escola. Les i els representants de cada grup van portar les propostes d&#8217;activitats que havien parlat a les respectives aules. Amb&hellip;  <a href=\"https:\/\/agora.xtec.cat\/escolacansorts\/general\/carnaval-2022\/\" title=\"Read Carnaval 2022\">Llegeix m\u00e9s\u00bb<\/a><\/p>\n","protected":false},"author":1,"featured_media":9620,"comment_status":"closed","ping_status":"closed","sticky":false,"template":"","format":"standard","meta":{"_bbp_topic_count":0,"_bbp_reply_count":0,"_bbp_total_topic_count":0,"_bbp_total_reply_count":0,"_bbp_voice_count":0,"_bbp_anonymous_reply_count":0,"_bbp_topic_count_hidden":0,"_bbp_reply_count_hidden":0,"_bbp_forum_subforum_count":0,"footnotes":""},"categories":[1],"tags":[],"class_list":["post-9619","post","type-post","status-publish","format-standard","has-post-thumbnail","hentry","category-general"],"post_mailing_queue_ids":[],"_links":{"self":[{"href":"https:\/\/agora.xtec.cat\/escolacansorts\/wp-json\/wp\/v2\/posts\/9619","targetHints":{"allow":["GET"]}}],"collection":[{"href":"https:\/\/agora.xtec.cat\/escolacansorts\/wp-json\/wp\/v2\/posts"}],"about":[{"href":"https:\/\/agora.xtec.cat\/escolacansorts\/wp-json\/wp\/v2\/types\/post"}],"author":[{"embeddable":true,"href":"https:\/\/agora.xtec.cat\/escolacansorts\/wp-json\/wp\/v2\/users\/1"}],"replies":[{"embeddable":true,"href":"https:\/\/agora.xtec.cat\/escolacansorts\/wp-json\/wp\/v2\/comments?post=9619"}],"version-history":[{"count":1,"href":"https:\/\/agora.xtec.cat\/escolacansorts\/wp-json\/wp\/v2\/posts\/9619\/revisions"}],"predecessor-version":[{"id":9621,"href":"https:\/\/agora.xtec.cat\/escolacansorts\/wp-json\/wp\/v2\/posts\/9619\/revisions\/9621"}],"wp:featuredmedia":[{"embeddable":true,"href":"https:\/\/agora.xtec.cat\/escolacansorts\/wp-json\/wp\/v2\/media\/9620"}],"wp:attachment":[{"href":"https:\/\/agora.xtec.cat\/escolacansorts\/wp-json\/wp\/v2\/media?parent=9619"}],"wp:term":[{"taxonomy":"category","embeddable":true,"href":"https:\/\/agora.xtec.cat\/escolacansorts\/wp-json\/wp\/v2\/categories?post=9619"},{"taxonomy":"post_tag","embeddable":true,"href":"https:\/\/agora.xtec.cat\/escolacansorts\/wp-json\/wp\/v2\/tags?post=9619"}],"curies":[{"name":"wp","href":"https:\/\/api.w.org\/{rel}","templated":true}]}}