{"id":9565,"date":"2021-12-13T12:03:16","date_gmt":"2021-12-13T11:03:16","guid":{"rendered":"https:\/\/agora.xtec.cat\/escolacansorts\/?p=9565"},"modified":"2021-12-17T16:24:12","modified_gmt":"2021-12-17T15:24:12","slug":"activitats-de-nadal","status":"publish","type":"post","link":"https:\/\/agora.xtec.cat\/escolacansorts\/general\/activitats-de-nadal\/","title":{"rendered":"Activitats de Nadal"},"content":{"rendered":"<p>S&#8217;acosten els \u00faltims dies de trimestre i el Nadal ja el tenim a tocar. \u00c9s per aix\u00f2 que a les aules han anat parlant de quines activitats volen fer aquests \u00faltims dies de trimestre.<\/p>\n<p>Les propostes dels diferents grup classe les van recollir les delegades i delegats i les van portar a l&#8217;assemblea.<\/p>\n<p>L&#8217;assemblea la vam celebrar el divendres 19 de novembre al porxo de l&#8217;escola. Amb les i els representants de cada classe vam triar les activitats a dur a terme aquests \u00faltims dies. Us deixem una infografia per a que sapigueu i esteu informats del que faran les vostres filles i fills.<\/p>\n<p><a href=\"https:\/\/agora.xtec.cat\/escolacansorts\/wp-content\/uploads\/usu1930\/2021\/12\/Organitzacio-Nadal-21-2.pdf\">Organitzaci\u00f3 Nadal 21<\/a><\/p>\n","protected":false},"excerpt":{"rendered":"<p>S&#8217;acosten els \u00faltims dies de trimestre i el Nadal ja el tenim a tocar. \u00c9s per aix\u00f2 que a les aules han anat parlant de quines activitats volen fer aquests \u00faltims dies de trimestre.<br \/>\nLes propostes dels diferents grup classe les van recollir les delegades i&hellip;  <a href=\"https:\/\/agora.xtec.cat\/escolacansorts\/general\/activitats-de-nadal\/\" title=\"Read Activitats de Nadal\">Llegeix m\u00e9s\u00bb<\/a><\/p>\n","protected":false},"author":1,"featured_media":9575,"comment_status":"closed","ping_status":"closed","sticky":false,"template":"","format":"standard","meta":{"_bbp_topic_count":0,"_bbp_reply_count":0,"_bbp_total_topic_count":0,"_bbp_total_reply_count":0,"_bbp_voice_count":0,"_bbp_anonymous_reply_count":0,"_bbp_topic_count_hidden":0,"_bbp_reply_count_hidden":0,"_bbp_forum_subforum_count":0,"footnotes":""},"categories":[1],"tags":[],"class_list":["post-9565","post","type-post","status-publish","format-standard","has-post-thumbnail","hentry","category-general"],"post_mailing_queue_ids":[],"_links":{"self":[{"href":"https:\/\/agora.xtec.cat\/escolacansorts\/wp-json\/wp\/v2\/posts\/9565","targetHints":{"allow":["GET"]}}],"collection":[{"href":"https:\/\/agora.xtec.cat\/escolacansorts\/wp-json\/wp\/v2\/posts"}],"about":[{"href":"https:\/\/agora.xtec.cat\/escolacansorts\/wp-json\/wp\/v2\/types\/post"}],"author":[{"embeddable":true,"href":"https:\/\/agora.xtec.cat\/escolacansorts\/wp-json\/wp\/v2\/users\/1"}],"replies":[{"embeddable":true,"href":"https:\/\/agora.xtec.cat\/escolacansorts\/wp-json\/wp\/v2\/comments?post=9565"}],"version-history":[{"count":3,"href":"https:\/\/agora.xtec.cat\/escolacansorts\/wp-json\/wp\/v2\/posts\/9565\/revisions"}],"predecessor-version":[{"id":9576,"href":"https:\/\/agora.xtec.cat\/escolacansorts\/wp-json\/wp\/v2\/posts\/9565\/revisions\/9576"}],"wp:featuredmedia":[{"embeddable":true,"href":"https:\/\/agora.xtec.cat\/escolacansorts\/wp-json\/wp\/v2\/media\/9575"}],"wp:attachment":[{"href":"https:\/\/agora.xtec.cat\/escolacansorts\/wp-json\/wp\/v2\/media?parent=9565"}],"wp:term":[{"taxonomy":"category","embeddable":true,"href":"https:\/\/agora.xtec.cat\/escolacansorts\/wp-json\/wp\/v2\/categories?post=9565"},{"taxonomy":"post_tag","embeddable":true,"href":"https:\/\/agora.xtec.cat\/escolacansorts\/wp-json\/wp\/v2\/tags?post=9565"}],"curies":[{"name":"wp","href":"https:\/\/api.w.org\/{rel}","templated":true}]}}