{"id":9511,"date":"2021-11-15T16:07:05","date_gmt":"2021-11-15T15:07:05","guid":{"rendered":"https:\/\/agora.xtec.cat\/escolacansorts\/?p=9511"},"modified":"2021-11-15T16:07:05","modified_gmt":"2021-11-15T15:07:05","slug":"taller-de-sensibilitzacio-amb-el-planeta","status":"publish","type":"post","link":"https:\/\/agora.xtec.cat\/escolacansorts\/general\/taller-de-sensibilitzacio-amb-el-planeta\/","title":{"rendered":"Taller de sensibilitzaci\u00f3 amb el planeta"},"content":{"rendered":"<p><span style=\"font-weight: 400;\">Avui dia 15 de novembre, l\u2019alumnat de 6\u00e8 hem realitzat un taller de sensibilitzaci\u00f3 amb el planeta sobre la construcci\u00f3 sostenible \u201cConstrucci\u00f3 amb blocs de terra\u201d.<\/span><\/p>\n<p><span style=\"font-weight: 400;\">Hem pogut con\u00e8ixer el projecte d\u2019una ONG a partir d\u2019un <\/span><a href=\"https:\/\/www.lleidasolidaria.org\/sensibilitzaci%C3%B3\"><span style=\"font-weight: 400;\">v\u00eddeo<\/span><\/a><span style=\"font-weight: 400;\">, i despr\u00e9s hem realitzat un ma\u00f3 natural premsant la barreja de sorra, palla i argila amb una mica d\u2019aigua.<\/span><\/p>\n<p><span style=\"font-weight: 400;\">Ha estat una experi\u00e8ncia molt interessant.<\/span><\/p>\n\n\t\t<style type=\"text\/css\">\n\t\t\t#gallery-1 {\n\t\t\t\tmargin: auto;\n\t\t\t}\n\t\t\t#gallery-1 .gallery-item {\n\t\t\t\tfloat: left;\n\t\t\t\tmargin-top: 10px;\n\t\t\t\ttext-align: center;\n\t\t\t\twidth: 33%;\n\t\t\t}\n\t\t\t#gallery-1 img {\n\t\t\t\tborder: 2px solid #cfcfcf;\n\t\t\t}\n\t\t\t#gallery-1 .gallery-caption {\n\t\t\t\tmargin-left: 0;\n\t\t\t}\n\t\t\t\/* see gallery_shortcode() in wp-includes\/media.php *\/\n\t\t<\/style>\n\t\t<div id='gallery-1' class='gallery galleryid-9511 gallery-columns-3 gallery-size-thumbnail'><dl class='gallery-item'>\n\t\t\t<dt class='gallery-icon portrait'>\n\t\t\t\t<a href='https:\/\/agora.xtec.cat\/escolacansorts\/general\/taller-de-sensibilitzacio-amb-el-planeta\/attachment\/foto-de-javi-lopez\/'><img loading=\"lazy\" decoding=\"async\" width=\"150\" height=\"150\" src=\"https:\/\/agora.xtec.cat\/escolacansorts\/wp-content\/uploads\/usu1930\/2021\/11\/Foto-de-Javi-Lo\u0301pez-150x150.jpg\" class=\"attachment-thumbnail size-thumbnail\" alt=\"\" \/><\/a>\n\t\t\t<\/dt><\/dl><dl class='gallery-item'>\n\t\t\t<dt class='gallery-icon landscape'>\n\t\t\t\t<a href='https:\/\/agora.xtec.cat\/escolacansorts\/general\/taller-de-sensibilitzacio-amb-el-planeta\/attachment\/img_20211115_121603_opt\/'><img loading=\"lazy\" decoding=\"async\" width=\"150\" height=\"150\" src=\"https:\/\/agora.xtec.cat\/escolacansorts\/wp-content\/uploads\/usu1930\/2021\/11\/IMG_20211115_121603_opt-150x150.jpg\" class=\"attachment-thumbnail size-thumbnail\" alt=\"\" \/><\/a>\n\t\t\t<\/dt><\/dl><dl class='gallery-item'>\n\t\t\t<dt class='gallery-icon landscape'>\n\t\t\t\t<a href='https:\/\/agora.xtec.cat\/escolacansorts\/general\/taller-de-sensibilitzacio-amb-el-planeta\/attachment\/img_20211115_121626_opt\/'><img loading=\"lazy\" decoding=\"async\" width=\"150\" height=\"150\" src=\"https:\/\/agora.xtec.cat\/escolacansorts\/wp-content\/uploads\/usu1930\/2021\/11\/IMG_20211115_121626_opt-150x150.jpg\" class=\"attachment-thumbnail size-thumbnail\" alt=\"\" \/><\/a>\n\t\t\t<\/dt><\/dl><br style=\"clear: both\" \/><dl class='gallery-item'>\n\t\t\t<dt class='gallery-icon landscape'>\n\t\t\t\t<a href='https:\/\/agora.xtec.cat\/escolacansorts\/general\/taller-de-sensibilitzacio-amb-el-planeta\/attachment\/img_20211115_122117_opt\/'><img loading=\"lazy\" decoding=\"async\" width=\"150\" height=\"150\" src=\"https:\/\/agora.xtec.cat\/escolacansorts\/wp-content\/uploads\/usu1930\/2021\/11\/IMG_20211115_122117_opt-150x150.jpg\" class=\"attachment-thumbnail size-thumbnail\" alt=\"\" \/><\/a>\n\t\t\t<\/dt><\/dl>\n\t\t\t<br style='clear: both' \/>\n\t\t<\/div>\n\n","protected":false},"excerpt":{"rendered":"<p>Avui dia 15 de novembre, l\u2019alumnat de 6\u00e8 hem realitzat un taller de sensibilitzaci\u00f3 amb el planeta sobre la construcci\u00f3 sostenible \u201cConstrucci\u00f3 amb blocs de terra\u201d.<br \/>\nHem pogut con\u00e8ixer el projecte d\u2019una ONG a partir d\u2019un <a href=\"https:\/\/www.lleidasolidaria.org\/sensibilitzaci%C3%B3\">v\u00eddeo<\/a>, i despr\u00e9s hem realitzat un ma\u00f3 natural premsant&hellip;  <a href=\"https:\/\/agora.xtec.cat\/escolacansorts\/general\/taller-de-sensibilitzacio-amb-el-planeta\/\" title=\"Read Taller de sensibilitzaci\u00f3 amb el planeta\">Llegeix m\u00e9s\u00bb<\/a><\/p>\n","protected":false},"author":7,"featured_media":9517,"comment_status":"closed","ping_status":"closed","sticky":false,"template":"","format":"standard","meta":{"_bbp_topic_count":0,"_bbp_reply_count":0,"_bbp_total_topic_count":0,"_bbp_total_reply_count":0,"_bbp_voice_count":0,"_bbp_anonymous_reply_count":0,"_bbp_topic_count_hidden":0,"_bbp_reply_count_hidden":0,"_bbp_forum_subforum_count":0,"footnotes":""},"categories":[64,1,73],"tags":[79],"class_list":["post-9511","post","type-post","status-publish","format-standard","has-post-thumbnail","hentry","category-cs","category-general","category-projecte-ods","tag-cicle-superior"],"post_mailing_queue_ids":[],"_links":{"self":[{"href":"https:\/\/agora.xtec.cat\/escolacansorts\/wp-json\/wp\/v2\/posts\/9511","targetHints":{"allow":["GET"]}}],"collection":[{"href":"https:\/\/agora.xtec.cat\/escolacansorts\/wp-json\/wp\/v2\/posts"}],"about":[{"href":"https:\/\/agora.xtec.cat\/escolacansorts\/wp-json\/wp\/v2\/types\/post"}],"author":[{"embeddable":true,"href":"https:\/\/agora.xtec.cat\/escolacansorts\/wp-json\/wp\/v2\/users\/7"}],"replies":[{"embeddable":true,"href":"https:\/\/agora.xtec.cat\/escolacansorts\/wp-json\/wp\/v2\/comments?post=9511"}],"version-history":[{"count":2,"href":"https:\/\/agora.xtec.cat\/escolacansorts\/wp-json\/wp\/v2\/posts\/9511\/revisions"}],"predecessor-version":[{"id":9521,"href":"https:\/\/agora.xtec.cat\/escolacansorts\/wp-json\/wp\/v2\/posts\/9511\/revisions\/9521"}],"wp:featuredmedia":[{"embeddable":true,"href":"https:\/\/agora.xtec.cat\/escolacansorts\/wp-json\/wp\/v2\/media\/9517"}],"wp:attachment":[{"href":"https:\/\/agora.xtec.cat\/escolacansorts\/wp-json\/wp\/v2\/media?parent=9511"}],"wp:term":[{"taxonomy":"category","embeddable":true,"href":"https:\/\/agora.xtec.cat\/escolacansorts\/wp-json\/wp\/v2\/categories?post=9511"},{"taxonomy":"post_tag","embeddable":true,"href":"https:\/\/agora.xtec.cat\/escolacansorts\/wp-json\/wp\/v2\/tags?post=9511"}],"curies":[{"name":"wp","href":"https:\/\/api.w.org\/{rel}","templated":true}]}}