{"id":9331,"date":"2021-03-05T19:08:43","date_gmt":"2021-03-05T18:08:43","guid":{"rendered":"https:\/\/agora.xtec.cat\/escolacansorts\/?p=9331"},"modified":"2021-03-05T19:10:11","modified_gmt":"2021-03-05T18:10:11","slug":"art-efimer-al-pati","status":"publish","type":"post","link":"https:\/\/agora.xtec.cat\/escolacansorts\/general\/art-efimer-al-pati\/","title":{"rendered":"ART EF\u00cdMER AL PATI"},"content":{"rendered":"<p>Els nens i nenes de 1r de Prim\u00e0ria ens hem convertit en artistes aquesta tarda. Hem sortit al pati i ens hem imaginat que la pista era el nostre full de treball. Hem dibuixat amb guixos de colors una mica de tot: una selva, una n\u00f2ria, una casa amb piscina, un parc d&#8217;atraccions, alguns autoretrats i fins i tot un Titanic. Hem practicat l&#8217;art ef\u00edmer ja que som conscients que la nostra galeria d&#8217;art no ser\u00e0 perp\u00e8tua.<\/p>\n<p><a href=\"https:\/\/agora.xtec.cat\/escolacansorts\/wp-content\/uploads\/usu1930\/2021\/03\/20210305_154220-COLLAGE.jpg\"><img loading=\"lazy\" decoding=\"async\" class=\"aligncenter size-large wp-image-9332\" src=\"https:\/\/agora.xtec.cat\/escolacansorts\/wp-content\/uploads\/usu1930\/2021\/03\/20210305_154220-COLLAGE-1024x1024.jpg\" alt=\"\" width=\"1024\" height=\"1024\" srcset=\"https:\/\/agora.xtec.cat\/escolacansorts\/wp-content\/uploads\/usu1930\/2021\/03\/20210305_154220-COLLAGE-1024x1024.jpg 1024w, https:\/\/agora.xtec.cat\/escolacansorts\/wp-content\/uploads\/usu1930\/2021\/03\/20210305_154220-COLLAGE-150x150.jpg 150w, https:\/\/agora.xtec.cat\/escolacansorts\/wp-content\/uploads\/usu1930\/2021\/03\/20210305_154220-COLLAGE-300x300.jpg 300w, https:\/\/agora.xtec.cat\/escolacansorts\/wp-content\/uploads\/usu1930\/2021\/03\/20210305_154220-COLLAGE-768x768.jpg 768w, https:\/\/agora.xtec.cat\/escolacansorts\/wp-content\/uploads\/usu1930\/2021\/03\/20210305_154220-COLLAGE.jpg 2046w\" sizes=\"auto, (max-width: 1024px) 100vw, 1024px\" \/><\/a><\/p>\n","protected":false},"excerpt":{"rendered":"<p>Els nens i nenes de 1r de Prim\u00e0ria ens hem convertit en artistes aquesta tarda. Hem sortit al pati i ens hem imaginat que la pista era el nostre full de treball. Hem dibuixat amb guixos de colors una mica de tot: una selva, una&hellip;  <a href=\"https:\/\/agora.xtec.cat\/escolacansorts\/general\/art-efimer-al-pati\/\" title=\"Read ART EF\u00cdMER AL PATI\">Llegeix m\u00e9s\u00bb<\/a><\/p>\n","protected":false},"author":1,"featured_media":9333,"comment_status":"open","ping_status":"closed","sticky":false,"template":"","format":"standard","meta":{"_bbp_topic_count":0,"_bbp_reply_count":0,"_bbp_total_topic_count":0,"_bbp_total_reply_count":0,"_bbp_voice_count":0,"_bbp_anonymous_reply_count":0,"_bbp_topic_count_hidden":0,"_bbp_reply_count_hidden":0,"_bbp_forum_subforum_count":0,"footnotes":""},"categories":[5,61,1],"tags":[76,74,75],"class_list":["post-9331","post","type-post","status-publish","format-standard","has-post-thumbnail","hentry","category-blogs","category-ci","category-general","tag-art-efimer","tag-cicle-inicial","tag-educacio-visual-i-plastica"],"post_mailing_queue_ids":[],"_links":{"self":[{"href":"https:\/\/agora.xtec.cat\/escolacansorts\/wp-json\/wp\/v2\/posts\/9331","targetHints":{"allow":["GET"]}}],"collection":[{"href":"https:\/\/agora.xtec.cat\/escolacansorts\/wp-json\/wp\/v2\/posts"}],"about":[{"href":"https:\/\/agora.xtec.cat\/escolacansorts\/wp-json\/wp\/v2\/types\/post"}],"author":[{"embeddable":true,"href":"https:\/\/agora.xtec.cat\/escolacansorts\/wp-json\/wp\/v2\/users\/1"}],"replies":[{"embeddable":true,"href":"https:\/\/agora.xtec.cat\/escolacansorts\/wp-json\/wp\/v2\/comments?post=9331"}],"version-history":[{"count":2,"href":"https:\/\/agora.xtec.cat\/escolacansorts\/wp-json\/wp\/v2\/posts\/9331\/revisions"}],"predecessor-version":[{"id":9335,"href":"https:\/\/agora.xtec.cat\/escolacansorts\/wp-json\/wp\/v2\/posts\/9331\/revisions\/9335"}],"wp:featuredmedia":[{"embeddable":true,"href":"https:\/\/agora.xtec.cat\/escolacansorts\/wp-json\/wp\/v2\/media\/9333"}],"wp:attachment":[{"href":"https:\/\/agora.xtec.cat\/escolacansorts\/wp-json\/wp\/v2\/media?parent=9331"}],"wp:term":[{"taxonomy":"category","embeddable":true,"href":"https:\/\/agora.xtec.cat\/escolacansorts\/wp-json\/wp\/v2\/categories?post=9331"},{"taxonomy":"post_tag","embeddable":true,"href":"https:\/\/agora.xtec.cat\/escolacansorts\/wp-json\/wp\/v2\/tags?post=9331"}],"curies":[{"name":"wp","href":"https:\/\/api.w.org\/{rel}","templated":true}]}}