{"id":9252,"date":"2021-01-22T11:20:37","date_gmt":"2021-01-22T10:20:37","guid":{"rendered":"https:\/\/agora.xtec.cat\/escolacansorts\/?p=9252"},"modified":"2021-01-22T11:23:30","modified_gmt":"2021-01-22T10:23:30","slug":"%f0%9f%8f%a5-entrevistem-a-la-berta-representant-de-la-creu-roja","status":"publish","type":"post","link":"https:\/\/agora.xtec.cat\/escolacansorts\/general\/%f0%9f%8f%a5-entrevistem-a-la-berta-representant-de-la-creu-roja\/","title":{"rendered":"\ud83c\udfe5 ENTREVISTEM A LA BERTA, REPRESENTANT DE LA CREU ROJA"},"content":{"rendered":"<p style=\"text-align: left;\"><b><a href=\"https:\/\/agora.xtec.cat\/escolacansorts\/wp-content\/uploads\/usu1930\/2021\/01\/IMG_0325.jpg\"><img loading=\"lazy\" decoding=\"async\" class=\"alignleft wp-image-9253 size-medium\" src=\"https:\/\/agora.xtec.cat\/escolacansorts\/wp-content\/uploads\/usu1930\/2021\/01\/IMG_0325-300x225.jpg\" alt=\"\" width=\"300\" height=\"225\" srcset=\"https:\/\/agora.xtec.cat\/escolacansorts\/wp-content\/uploads\/usu1930\/2021\/01\/IMG_0325-300x225.jpg 300w, https:\/\/agora.xtec.cat\/escolacansorts\/wp-content\/uploads\/usu1930\/2021\/01\/IMG_0325-768x576.jpg 768w, https:\/\/agora.xtec.cat\/escolacansorts\/wp-content\/uploads\/usu1930\/2021\/01\/IMG_0325-1024x768.jpg 1024w, https:\/\/agora.xtec.cat\/escolacansorts\/wp-content\/uploads\/usu1930\/2021\/01\/IMG_0325-200x150.jpg 200w\" sizes=\"auto, (max-width: 300px) 100vw, 300px\" \/><\/a><\/b><\/p>\n<p style=\"text-align: left;\"><b>Els <\/b><b>reporters de 5\u00e8B hem entrevistat a la Berta Garcia, representant de la Creu Roja. Li hem fet preguntes sobre l&#8217;alimentaci\u00f3 saludable, qu\u00e8 opina sobre el tema,\u00a0 qu\u00e8 ha canviat amb la COVID i com s\u2019organitzen per ajudar a les persones. Ens ha respost aix\u00f2: \u00a0 <\/b><b>\u00a0\u00a0\u00a0\u00a0\u00a0\u00a0\u00a0\u00a0\u00a0\u00a0\u00a0\u00a0\u00a0\u00a0\u00a0\u00a0\u00a0\u00a0\u00a0\u00a0\u00a0\u00a0\u00a0\u00a0\u00a0\u00a0\u00a0\u00a0\u00a0\u00a0\u00a0\u00a0\u00a0\u00a0<\/b><span style=\"font-weight: 400;\"> \u00a0\u00a0\u00a0\u00a0\u00a0\u00a0\u00a0\u00a0\u00a0\u00a0\u00a0\u00a0\u00a0\u00a0\u00a0\u00a0\u00a0 <\/span><\/p>\n<p style=\"text-align: left;\"><b>Han canviat molt les coses des de que hi ha el coronavirus\/Covid-19?<\/b><\/p>\n<p><span style=\"font-weight: 400;\">Si han canviat perqu\u00e8 la gent no pot anar a treballar i es queda sense diners per\u00a0 aix\u00f2 hem de repartir m\u00e9s menjar.<\/span><b>\u00a0<\/b><\/p>\n<p><b>Quins aliments s\u00f3n els que porteu m\u00e9s a les cases?<\/b><\/p>\n<p><span style=\"font-weight: 400;\">Portem aliments secs com les llegums, aliments frescos com la carn, fruita, verdura, galetes&#8230;<\/span><\/p>\n<p><b>Quantes persones demanen aliments? \u00a0 <\/b><b>\u00a0\u00a0\u00a0\u00a0\u00a0\u00a0\u00a0\u00a0\u00a0\u00a0\u00a0\u00a0\u00a0\u00a0\u00a0\u00a0\u00a0\u00a0\u00a0\u00a0\u00a0\u00a0\u00a0\u00a0\u00a0\u00a0\u00a0\u00a0\u00a0\u00a0\u00a0\u00a0\u00a0\u00a0\u00a0\u00a0\u00a0\u00a0\u00a0\u00a0\u00a0\u00a0\u00a0\u00a0\u00a0\u00a0\u00a0\u00a0\u00a0\u00a0\u00a0\u00a0\u00a0\u00a0\u00a0\u00a0\u00a0\u00a0\u00a0\u00a0\u00a0\u00a0\u00a0\u00a0\u00a0\u00a0\u00a0\u00a0\u00a0<\/b><\/p>\n<p><span style=\"font-weight: 400;\">Nosaltres repartim a les fam\u00edlies una vegada al mes. Si que \u00e9s veritat que amb el coronavirus ha canviat molt la situaci\u00f3. Abans repart\u00edem a unes 50 fam\u00edlies i ara ha augmentat fins a 80.\u00a0<\/span><\/p>\n<p><b>Qui s\u2019encarrega de portar el menjar a les cases?<\/b><\/p>\n<p><span style=\"font-weight: 400;\">Creu Roja \u00e9s una ONG i hi col\u00b7laboren persones volunt\u00e0ries. Aquestes persones en grups de 4 o 5 s\u2019encarreguen de repartir els aliments en furgonetes.<\/span><\/p>\n<p><b>Quanta estona esteu repartint el menjar?<\/b><\/p>\n<p><span style=\"font-weight: 400;\">Tot el mat\u00ed, comencem a les nou del mat\u00ed fins quasi a les 3h del migdia.\u00a0<\/span><\/p>\n<p><b>Quin consell donaries perqu\u00e8 les persones tinguin una alimentaci\u00f3 saludable?<\/b><\/p>\n<p><span style=\"font-weight: 400;\">Quan ens trobem amb les fam\u00edlies que tenen aquesta ajuda, els expliquem que \u00e9s important que tinguin una alimentaci\u00f3 saludable i que els diners que tenen se\u2019ls gastin en fruita, verdura&#8230; i no en aliments ultraprocessats.<\/span><b>\u00a0\u00a0\u00a0\u00a0\u00a0\u00a0<\/b><\/p>\n<p><b> <\/b><b>Qu\u00e8 feu amb el menjar que sobra?<\/b><\/p>\n<p><span style=\"font-weight: 400;\">Ara amb el Covid no ens sobra menjar per\u00f2 el que f\u00e8iem era guardar-lo a un congelador y donar-lo si alg\u00fa ho necessita.<\/span><\/p>\n<p><b>Creieu que tothom pot tenir una alimentaci\u00f3 saludable? <\/b><span style=\"font-weight: 400;\">\u00a0<\/span><\/p>\n<p><span style=\"font-weight: 400;\">Tothom pot per\u00f2 quasi ning\u00fa ho fa, per costum, per falta de coneixement\u2026<\/span><\/p>\n<p><span style=\"font-weight: 400;\">Per\u00f2 tothom ho pot fer.<\/span><\/p>\n<p>&nbsp;<\/p>\n","protected":false},"excerpt":{"rendered":"<p>Els reporters de 5\u00e8B hem entrevistat a la Berta Garcia, representant de la Creu Roja. Li hem fet preguntes sobre l&#8217;alimentaci\u00f3 saludable, qu\u00e8 opina sobre el tema,\u00a0 qu\u00e8 ha canviat amb la COVID i com s\u2019organitzen per ajudar a les persones.&hellip;  <a href=\"https:\/\/agora.xtec.cat\/escolacansorts\/general\/%f0%9f%8f%a5-entrevistem-a-la-berta-representant-de-la-creu-roja\/\" title=\"Read \ud83c\udfe5 ENTREVISTEM A LA BERTA, REPRESENTANT DE LA CREU ROJA\">Llegeix m\u00e9s\u00bb<\/a><\/p>\n","protected":false},"author":1,"featured_media":9253,"comment_status":"open","ping_status":"closed","sticky":false,"template":"","format":"standard","meta":{"_bbp_topic_count":0,"_bbp_reply_count":0,"_bbp_total_topic_count":0,"_bbp_total_reply_count":0,"_bbp_voice_count":0,"_bbp_anonymous_reply_count":0,"_bbp_topic_count_hidden":0,"_bbp_reply_count_hidden":0,"_bbp_forum_subforum_count":0,"footnotes":""},"categories":[64,1,73],"tags":[],"class_list":["post-9252","post","type-post","status-publish","format-standard","has-post-thumbnail","hentry","category-cs","category-general","category-projecte-ods"],"post_mailing_queue_ids":[],"_links":{"self":[{"href":"https:\/\/agora.xtec.cat\/escolacansorts\/wp-json\/wp\/v2\/posts\/9252","targetHints":{"allow":["GET"]}}],"collection":[{"href":"https:\/\/agora.xtec.cat\/escolacansorts\/wp-json\/wp\/v2\/posts"}],"about":[{"href":"https:\/\/agora.xtec.cat\/escolacansorts\/wp-json\/wp\/v2\/types\/post"}],"author":[{"embeddable":true,"href":"https:\/\/agora.xtec.cat\/escolacansorts\/wp-json\/wp\/v2\/users\/1"}],"replies":[{"embeddable":true,"href":"https:\/\/agora.xtec.cat\/escolacansorts\/wp-json\/wp\/v2\/comments?post=9252"}],"version-history":[{"count":3,"href":"https:\/\/agora.xtec.cat\/escolacansorts\/wp-json\/wp\/v2\/posts\/9252\/revisions"}],"predecessor-version":[{"id":9259,"href":"https:\/\/agora.xtec.cat\/escolacansorts\/wp-json\/wp\/v2\/posts\/9252\/revisions\/9259"}],"wp:featuredmedia":[{"embeddable":true,"href":"https:\/\/agora.xtec.cat\/escolacansorts\/wp-json\/wp\/v2\/media\/9253"}],"wp:attachment":[{"href":"https:\/\/agora.xtec.cat\/escolacansorts\/wp-json\/wp\/v2\/media?parent=9252"}],"wp:term":[{"taxonomy":"category","embeddable":true,"href":"https:\/\/agora.xtec.cat\/escolacansorts\/wp-json\/wp\/v2\/categories?post=9252"},{"taxonomy":"post_tag","embeddable":true,"href":"https:\/\/agora.xtec.cat\/escolacansorts\/wp-json\/wp\/v2\/tags?post=9252"}],"curies":[{"name":"wp","href":"https:\/\/api.w.org\/{rel}","templated":true}]}}