{"id":907,"date":"2019-04-24T15:50:55","date_gmt":"2019-04-24T13:50:55","guid":{"rendered":"https:\/\/agora.xtec.cat\/escolacansorts\/?p=907"},"modified":"2019-10-07T16:58:36","modified_gmt":"2019-10-07T14:58:36","slug":"cantem-2019","status":"publish","type":"post","link":"https:\/\/agora.xtec.cat\/escolacansorts\/blogs\/cm\/cantem-2019\/","title":{"rendered":"CANTEM 2019"},"content":{"rendered":"<p>El passat dijous 4 d&#8217;abril, els alumnes de 3r van participar en <a href=\"https:\/\/serveiseducatius.xtec.cat\/vallesoccidental8\/general\/xi-cantem\/\" target=\"_blank\" rel=\"noopener noreferrer\">XI trobada del Cantem<\/a> organitzada pel grup de treball dels mestres de M\u00fasica del CRP de Castellar.<\/p>\n<p>Aquesta vegada ens van fer gaudir de la cantata <em>El Ratol\u00ed electr\u00f2nic<\/em> dels compositors Jes\u00fas Nieto i Ricard Gimeno.<\/p>\n<p>Ho van fer d&#8217;all\u00f2 m\u00e9s b\u00e9!!!!!!!!<\/p>\n<p><iframe loading=\"lazy\" src=\"https:\/\/www.youtube.com\/embed\/IS7svJcedlA\" width=\"560\" height=\"315\" frameborder=\"0\" allowfullscreen=\"allowfullscreen\"><\/iframe><\/p>\n<p>&nbsp;<\/p>\n","protected":false},"excerpt":{"rendered":"<p>El passat dijous 4 d&#8217;abril, els alumnes de 3r van participar en <a href=\"https:\/\/serveiseducatius.xtec.cat\/vallesoccidental8\/general\/xi-cantem\/\" target=\"_blank\" rel=\"noopener noreferrer\">XI trobada del Cantem<\/a> organitzada pel grup de treball dels mestres de M\u00fasica del CRP de Castellar.<br \/>\nAquesta vegada ens van fer gaudir de la cantata El Ratol\u00ed electr\u00f2nic dels&hellip;  <a href=\"https:\/\/agora.xtec.cat\/escolacansorts\/blogs\/cm\/cantem-2019\/\" title=\"Read CANTEM 2019\">Llegeix m\u00e9s\u00bb<\/a><\/p>\n","protected":false},"author":1,"featured_media":908,"comment_status":"open","ping_status":"closed","sticky":false,"template":"","format":"standard","meta":{"_bbp_topic_count":0,"_bbp_reply_count":0,"_bbp_total_topic_count":0,"_bbp_total_reply_count":0,"_bbp_voice_count":0,"_bbp_anonymous_reply_count":0,"_bbp_topic_count_hidden":0,"_bbp_reply_count_hidden":0,"_bbp_forum_subforum_count":0,"footnotes":""},"categories":[65],"tags":[],"class_list":["post-907","post","type-post","status-publish","format-standard","has-post-thumbnail","hentry","category-cm"],"post_mailing_queue_ids":[],"_links":{"self":[{"href":"https:\/\/agora.xtec.cat\/escolacansorts\/wp-json\/wp\/v2\/posts\/907","targetHints":{"allow":["GET"]}}],"collection":[{"href":"https:\/\/agora.xtec.cat\/escolacansorts\/wp-json\/wp\/v2\/posts"}],"about":[{"href":"https:\/\/agora.xtec.cat\/escolacansorts\/wp-json\/wp\/v2\/types\/post"}],"author":[{"embeddable":true,"href":"https:\/\/agora.xtec.cat\/escolacansorts\/wp-json\/wp\/v2\/users\/1"}],"replies":[{"embeddable":true,"href":"https:\/\/agora.xtec.cat\/escolacansorts\/wp-json\/wp\/v2\/comments?post=907"}],"version-history":[{"count":3,"href":"https:\/\/agora.xtec.cat\/escolacansorts\/wp-json\/wp\/v2\/posts\/907\/revisions"}],"predecessor-version":[{"id":1063,"href":"https:\/\/agora.xtec.cat\/escolacansorts\/wp-json\/wp\/v2\/posts\/907\/revisions\/1063"}],"wp:featuredmedia":[{"embeddable":true,"href":"https:\/\/agora.xtec.cat\/escolacansorts\/wp-json\/wp\/v2\/media\/908"}],"wp:attachment":[{"href":"https:\/\/agora.xtec.cat\/escolacansorts\/wp-json\/wp\/v2\/media?parent=907"}],"wp:term":[{"taxonomy":"category","embeddable":true,"href":"https:\/\/agora.xtec.cat\/escolacansorts\/wp-json\/wp\/v2\/categories?post=907"},{"taxonomy":"post_tag","embeddable":true,"href":"https:\/\/agora.xtec.cat\/escolacansorts\/wp-json\/wp\/v2\/tags?post=907"}],"curies":[{"name":"wp","href":"https:\/\/api.w.org\/{rel}","templated":true}]}}