{"id":1747,"date":"2020-01-22T14:29:30","date_gmt":"2020-01-22T13:29:30","guid":{"rendered":"https:\/\/agora.xtec.cat\/escolacansorts\/?p=1747"},"modified":"2020-01-29T16:28:39","modified_gmt":"2020-01-29T15:28:39","slug":"el-nou-disseny-de-la-biblioteca-ja-es-una-realitat","status":"publish","type":"post","link":"https:\/\/agora.xtec.cat\/escolacansorts\/general\/el-nou-disseny-de-la-biblioteca-ja-es-una-realitat\/","title":{"rendered":"El nou disseny de la biblioteca ja \u00e9s una realitat"},"content":{"rendered":"<p>Despr\u00e9s d&#8217;un mesos dedicats al disseny del nou model de biblioteca, finalment podem dir que ja \u00e9s una realitat. L&#8217;objectiu d&#8217;aquesta nova biblioteca \u00e9s que sigui un punt de trobada i un acollidor rac\u00f3 de lectura per a petits i grans.<\/p>\n<p>Des de l&#8217;inici de curs s&#8217;han anat incorporant nous espais, racons i mobiliari per facilitar una biblioteca m\u00e9s plural, c\u00f2mode i comfortable.<\/p>\n<p>A m\u00e9s, tamb\u00e9 s&#8217;han incl\u00f2s novetats com el rac\u00f3 del c\u00f2mic i del manga, el d&#8217;angl\u00e8s, l&#8217;espai d&#8217;educaci\u00f3 emocional i una tria d&#8217;\u00e0lbums il\u00b7lustrats per a cada cicle.<\/p>\n<p>Us esperem il\u00b7lusionats per gaudir plegats de la m\u00e0gia de la lectura.<\/p>\n\n\t\t<style type=\"text\/css\">\n\t\t\t#gallery-1 {\n\t\t\t\tmargin: auto;\n\t\t\t}\n\t\t\t#gallery-1 .gallery-item {\n\t\t\t\tfloat: left;\n\t\t\t\tmargin-top: 10px;\n\t\t\t\ttext-align: center;\n\t\t\t\twidth: 33%;\n\t\t\t}\n\t\t\t#gallery-1 img {\n\t\t\t\tborder: 2px solid #cfcfcf;\n\t\t\t}\n\t\t\t#gallery-1 .gallery-caption {\n\t\t\t\tmargin-left: 0;\n\t\t\t}\n\t\t\t\/* see gallery_shortcode() in wp-includes\/media.php *\/\n\t\t<\/style>\n\t\t<div id='gallery-1' class='gallery galleryid-1747 gallery-columns-3 gallery-size-medium'><dl class='gallery-item'>\n\t\t\t<dt class='gallery-icon landscape'>\n\t\t\t\t<a href='https:\/\/agora.xtec.cat\/escolacansorts\/general\/el-nou-disseny-de-la-biblioteca-ja-es-una-realitat\/attachment\/whatsapp-image-2020-01-17-at-13-09-041\/'><img loading=\"lazy\" decoding=\"async\" width=\"300\" height=\"225\" src=\"https:\/\/agora.xtec.cat\/escolacansorts\/wp-content\/uploads\/usu1930\/2020\/01\/WhatsApp-Image-2020-01-17-at-13.09.041-300x225.jpeg\" class=\"attachment-medium size-medium\" alt=\"\" srcset=\"https:\/\/agora.xtec.cat\/escolacansorts\/wp-content\/uploads\/usu1930\/2020\/01\/WhatsApp-Image-2020-01-17-at-13.09.041-300x225.jpeg 300w, https:\/\/agora.xtec.cat\/escolacansorts\/wp-content\/uploads\/usu1930\/2020\/01\/WhatsApp-Image-2020-01-17-at-13.09.041-768x576.jpeg 768w, https:\/\/agora.xtec.cat\/escolacansorts\/wp-content\/uploads\/usu1930\/2020\/01\/WhatsApp-Image-2020-01-17-at-13.09.041-1024x768.jpeg 1024w, https:\/\/agora.xtec.cat\/escolacansorts\/wp-content\/uploads\/usu1930\/2020\/01\/WhatsApp-Image-2020-01-17-at-13.09.041-200x150.jpeg 200w, https:\/\/agora.xtec.cat\/escolacansorts\/wp-content\/uploads\/usu1930\/2020\/01\/WhatsApp-Image-2020-01-17-at-13.09.041.jpeg 1600w\" sizes=\"auto, (max-width: 300px) 100vw, 300px\" \/><\/a>\n\t\t\t<\/dt><\/dl><dl class='gallery-item'>\n\t\t\t<dt class='gallery-icon landscape'>\n\t\t\t\t<a href='https:\/\/agora.xtec.cat\/escolacansorts\/general\/el-nou-disseny-de-la-biblioteca-ja-es-una-realitat\/attachment\/whatsapp-image-2020-01-17-at-13-09-00\/'><img loading=\"lazy\" decoding=\"async\" width=\"300\" height=\"225\" src=\"https:\/\/agora.xtec.cat\/escolacansorts\/wp-content\/uploads\/usu1930\/2020\/01\/WhatsApp-Image-2020-01-17-at-13.09.00-300x225.jpeg\" class=\"attachment-medium size-medium\" alt=\"\" srcset=\"https:\/\/agora.xtec.cat\/escolacansorts\/wp-content\/uploads\/usu1930\/2020\/01\/WhatsApp-Image-2020-01-17-at-13.09.00-300x225.jpeg 300w, https:\/\/agora.xtec.cat\/escolacansorts\/wp-content\/uploads\/usu1930\/2020\/01\/WhatsApp-Image-2020-01-17-at-13.09.00-768x576.jpeg 768w, https:\/\/agora.xtec.cat\/escolacansorts\/wp-content\/uploads\/usu1930\/2020\/01\/WhatsApp-Image-2020-01-17-at-13.09.00-1024x768.jpeg 1024w, https:\/\/agora.xtec.cat\/escolacansorts\/wp-content\/uploads\/usu1930\/2020\/01\/WhatsApp-Image-2020-01-17-at-13.09.00-200x150.jpeg 200w, https:\/\/agora.xtec.cat\/escolacansorts\/wp-content\/uploads\/usu1930\/2020\/01\/WhatsApp-Image-2020-01-17-at-13.09.00.jpeg 1600w\" sizes=\"auto, (max-width: 300px) 100vw, 300px\" \/><\/a>\n\t\t\t<\/dt><\/dl><dl class='gallery-item'>\n\t\t\t<dt class='gallery-icon landscape'>\n\t\t\t\t<a href='https:\/\/agora.xtec.cat\/escolacansorts\/general\/el-nou-disseny-de-la-biblioteca-ja-es-una-realitat\/attachment\/whatsapp-image-2020-01-17-at-13-09-051\/'><img loading=\"lazy\" decoding=\"async\" width=\"300\" height=\"225\" src=\"https:\/\/agora.xtec.cat\/escolacansorts\/wp-content\/uploads\/usu1930\/2020\/01\/WhatsApp-Image-2020-01-17-at-13.09.051-300x225.jpeg\" class=\"attachment-medium size-medium\" alt=\"\" srcset=\"https:\/\/agora.xtec.cat\/escolacansorts\/wp-content\/uploads\/usu1930\/2020\/01\/WhatsApp-Image-2020-01-17-at-13.09.051-300x225.jpeg 300w, https:\/\/agora.xtec.cat\/escolacansorts\/wp-content\/uploads\/usu1930\/2020\/01\/WhatsApp-Image-2020-01-17-at-13.09.051-768x576.jpeg 768w, https:\/\/agora.xtec.cat\/escolacansorts\/wp-content\/uploads\/usu1930\/2020\/01\/WhatsApp-Image-2020-01-17-at-13.09.051-1024x768.jpeg 1024w, https:\/\/agora.xtec.cat\/escolacansorts\/wp-content\/uploads\/usu1930\/2020\/01\/WhatsApp-Image-2020-01-17-at-13.09.051-200x150.jpeg 200w, https:\/\/agora.xtec.cat\/escolacansorts\/wp-content\/uploads\/usu1930\/2020\/01\/WhatsApp-Image-2020-01-17-at-13.09.051.jpeg 1600w\" sizes=\"auto, (max-width: 300px) 100vw, 300px\" \/><\/a>\n\t\t\t<\/dt><\/dl><br style=\"clear: both\" \/><dl class='gallery-item'>\n\t\t\t<dt class='gallery-icon landscape'>\n\t\t\t\t<a href='https:\/\/agora.xtec.cat\/escolacansorts\/general\/el-nou-disseny-de-la-biblioteca-ja-es-una-realitat\/attachment\/whatsapp-image-2020-01-17-at-13-09-04\/'><img loading=\"lazy\" decoding=\"async\" width=\"300\" height=\"225\" src=\"https:\/\/agora.xtec.cat\/escolacansorts\/wp-content\/uploads\/usu1930\/2020\/01\/WhatsApp-Image-2020-01-17-at-13.09.04-300x225.jpeg\" class=\"attachment-medium size-medium\" alt=\"\" srcset=\"https:\/\/agora.xtec.cat\/escolacansorts\/wp-content\/uploads\/usu1930\/2020\/01\/WhatsApp-Image-2020-01-17-at-13.09.04-300x225.jpeg 300w, https:\/\/agora.xtec.cat\/escolacansorts\/wp-content\/uploads\/usu1930\/2020\/01\/WhatsApp-Image-2020-01-17-at-13.09.04-768x576.jpeg 768w, https:\/\/agora.xtec.cat\/escolacansorts\/wp-content\/uploads\/usu1930\/2020\/01\/WhatsApp-Image-2020-01-17-at-13.09.04-1024x768.jpeg 1024w, https:\/\/agora.xtec.cat\/escolacansorts\/wp-content\/uploads\/usu1930\/2020\/01\/WhatsApp-Image-2020-01-17-at-13.09.04-200x150.jpeg 200w, https:\/\/agora.xtec.cat\/escolacansorts\/wp-content\/uploads\/usu1930\/2020\/01\/WhatsApp-Image-2020-01-17-at-13.09.04.jpeg 1600w\" sizes=\"auto, (max-width: 300px) 100vw, 300px\" \/><\/a>\n\t\t\t<\/dt><\/dl><dl class='gallery-item'>\n\t\t\t<dt class='gallery-icon landscape'>\n\t\t\t\t<a href='https:\/\/agora.xtec.cat\/escolacansorts\/general\/el-nou-disseny-de-la-biblioteca-ja-es-una-realitat\/attachment\/whatsapp-image-2020-01-17-at-13-09-05\/'><img loading=\"lazy\" decoding=\"async\" width=\"300\" height=\"225\" src=\"https:\/\/agora.xtec.cat\/escolacansorts\/wp-content\/uploads\/usu1930\/2020\/01\/WhatsApp-Image-2020-01-17-at-13.09.05-300x225.jpeg\" class=\"attachment-medium size-medium\" alt=\"\" srcset=\"https:\/\/agora.xtec.cat\/escolacansorts\/wp-content\/uploads\/usu1930\/2020\/01\/WhatsApp-Image-2020-01-17-at-13.09.05-300x225.jpeg 300w, https:\/\/agora.xtec.cat\/escolacansorts\/wp-content\/uploads\/usu1930\/2020\/01\/WhatsApp-Image-2020-01-17-at-13.09.05-768x576.jpeg 768w, https:\/\/agora.xtec.cat\/escolacansorts\/wp-content\/uploads\/usu1930\/2020\/01\/WhatsApp-Image-2020-01-17-at-13.09.05-1024x768.jpeg 1024w, https:\/\/agora.xtec.cat\/escolacansorts\/wp-content\/uploads\/usu1930\/2020\/01\/WhatsApp-Image-2020-01-17-at-13.09.05-200x150.jpeg 200w, https:\/\/agora.xtec.cat\/escolacansorts\/wp-content\/uploads\/usu1930\/2020\/01\/WhatsApp-Image-2020-01-17-at-13.09.05.jpeg 1600w\" sizes=\"auto, (max-width: 300px) 100vw, 300px\" \/><\/a>\n\t\t\t<\/dt><\/dl><dl class='gallery-item'>\n\t\t\t<dt class='gallery-icon landscape'>\n\t\t\t\t<a href='https:\/\/agora.xtec.cat\/escolacansorts\/general\/el-nou-disseny-de-la-biblioteca-ja-es-una-realitat\/attachment\/whatsapp-image-2020-01-17-at-13-09-49\/'><img loading=\"lazy\" decoding=\"async\" width=\"300\" height=\"264\" src=\"https:\/\/agora.xtec.cat\/escolacansorts\/wp-content\/uploads\/usu1930\/2020\/01\/WhatsApp-Image-2020-01-17-at-13.09.49-300x264.jpeg\" class=\"attachment-medium size-medium\" alt=\"\" srcset=\"https:\/\/agora.xtec.cat\/escolacansorts\/wp-content\/uploads\/usu1930\/2020\/01\/WhatsApp-Image-2020-01-17-at-13.09.49-300x264.jpeg 300w, https:\/\/agora.xtec.cat\/escolacansorts\/wp-content\/uploads\/usu1930\/2020\/01\/WhatsApp-Image-2020-01-17-at-13.09.49-768x675.jpeg 768w, https:\/\/agora.xtec.cat\/escolacansorts\/wp-content\/uploads\/usu1930\/2020\/01\/WhatsApp-Image-2020-01-17-at-13.09.49-1024x900.jpeg 1024w, https:\/\/agora.xtec.cat\/escolacansorts\/wp-content\/uploads\/usu1930\/2020\/01\/WhatsApp-Image-2020-01-17-at-13.09.49.jpeg 1600w\" sizes=\"auto, (max-width: 300px) 100vw, 300px\" \/><\/a>\n\t\t\t<\/dt><\/dl><br style=\"clear: both\" \/>\n\t\t<\/div>\n\n","protected":false},"excerpt":{"rendered":"<p>Despr\u00e9s d&#8217;un mesos dedicats al disseny del nou model de biblioteca, finalment podem dir que ja \u00e9s una realitat. L&#8217;objectiu d&#8217;aquesta nova biblioteca \u00e9s que sigui un punt de trobada i un acollidor rac\u00f3 de lectura per a petits i grans.<br \/>\nDes de l&#8217;inici de curs&hellip;  <a href=\"https:\/\/agora.xtec.cat\/escolacansorts\/general\/el-nou-disseny-de-la-biblioteca-ja-es-una-realitat\/\" title=\"Read El nou disseny de la biblioteca ja \u00e9s una realitat\">Llegeix m\u00e9s\u00bb<\/a><\/p>\n","protected":false},"author":1,"featured_media":1749,"comment_status":"open","ping_status":"closed","sticky":false,"template":"","format":"standard","meta":{"_bbp_topic_count":0,"_bbp_reply_count":0,"_bbp_total_topic_count":0,"_bbp_total_reply_count":0,"_bbp_voice_count":0,"_bbp_anonymous_reply_count":0,"_bbp_topic_count_hidden":0,"_bbp_reply_count_hidden":0,"_bbp_forum_subforum_count":0,"footnotes":""},"categories":[66,1],"tags":[],"class_list":["post-1747","post","type-post","status-publish","format-standard","has-post-thumbnail","hentry","category-biblio","category-general"],"post_mailing_queue_ids":[],"_links":{"self":[{"href":"https:\/\/agora.xtec.cat\/escolacansorts\/wp-json\/wp\/v2\/posts\/1747","targetHints":{"allow":["GET"]}}],"collection":[{"href":"https:\/\/agora.xtec.cat\/escolacansorts\/wp-json\/wp\/v2\/posts"}],"about":[{"href":"https:\/\/agora.xtec.cat\/escolacansorts\/wp-json\/wp\/v2\/types\/post"}],"author":[{"embeddable":true,"href":"https:\/\/agora.xtec.cat\/escolacansorts\/wp-json\/wp\/v2\/users\/1"}],"replies":[{"embeddable":true,"href":"https:\/\/agora.xtec.cat\/escolacansorts\/wp-json\/wp\/v2\/comments?post=1747"}],"version-history":[{"count":3,"href":"https:\/\/agora.xtec.cat\/escolacansorts\/wp-json\/wp\/v2\/posts\/1747\/revisions"}],"predecessor-version":[{"id":1775,"href":"https:\/\/agora.xtec.cat\/escolacansorts\/wp-json\/wp\/v2\/posts\/1747\/revisions\/1775"}],"wp:featuredmedia":[{"embeddable":true,"href":"https:\/\/agora.xtec.cat\/escolacansorts\/wp-json\/wp\/v2\/media\/1749"}],"wp:attachment":[{"href":"https:\/\/agora.xtec.cat\/escolacansorts\/wp-json\/wp\/v2\/media?parent=1747"}],"wp:term":[{"taxonomy":"category","embeddable":true,"href":"https:\/\/agora.xtec.cat\/escolacansorts\/wp-json\/wp\/v2\/categories?post=1747"},{"taxonomy":"post_tag","embeddable":true,"href":"https:\/\/agora.xtec.cat\/escolacansorts\/wp-json\/wp\/v2\/tags?post=1747"}],"curies":[{"name":"wp","href":"https:\/\/api.w.org\/{rel}","templated":true}]}}