{"id":1734,"date":"2020-01-21T09:40:19","date_gmt":"2020-01-21T08:40:19","guid":{"rendered":"https:\/\/agora.xtec.cat\/escolacansorts\/?p=1734"},"modified":"2020-01-21T09:40:56","modified_gmt":"2020-01-21T08:40:56","slug":"comencem-el-projecte-llegim-en-parella","status":"publish","type":"post","link":"https:\/\/agora.xtec.cat\/escolacansorts\/general\/comencem-el-projecte-llegim-en-parella\/","title":{"rendered":"Comencem el projecte &#8220;Llegim en parella&#8221;"},"content":{"rendered":"<p>Un altre curs iniciem el projecte &#8220;Llegim en parella&#8221; entre els nens i nenes de 2n i 3r de prim\u00e0ria. Els nens i nenes de 3r faran de padrins\/es lectors i compartiran dues sessions setmanals de lectura en parella amb els seus fillols\/es lectors de 2n. Cada sessi\u00f3 llegiran textos de diverses tipologies i despr\u00e9s faran les preguntes de comprensi\u00f3 lectora corresponents.<\/p>\n\n\t\t<style type=\"text\/css\">\n\t\t\t#gallery-1 {\n\t\t\t\tmargin: auto;\n\t\t\t}\n\t\t\t#gallery-1 .gallery-item {\n\t\t\t\tfloat: left;\n\t\t\t\tmargin-top: 10px;\n\t\t\t\ttext-align: center;\n\t\t\t\twidth: 33%;\n\t\t\t}\n\t\t\t#gallery-1 img {\n\t\t\t\tborder: 2px solid #cfcfcf;\n\t\t\t}\n\t\t\t#gallery-1 .gallery-caption {\n\t\t\t\tmargin-left: 0;\n\t\t\t}\n\t\t\t\/* see gallery_shortcode() in wp-includes\/media.php *\/\n\t\t<\/style>\n\t\t<div id='gallery-1' class='gallery galleryid-1734 gallery-columns-3 gallery-size-medium'><dl class='gallery-item'>\n\t\t\t<dt class='gallery-icon landscape'>\n\t\t\t\t<a href='https:\/\/agora.xtec.cat\/escolacansorts\/general\/comencem-el-projecte-llegim-en-parella\/attachment\/img_20200121_092809\/'><img loading=\"lazy\" decoding=\"async\" width=\"300\" height=\"225\" src=\"https:\/\/agora.xtec.cat\/escolacansorts\/wp-content\/uploads\/usu1930\/2020\/01\/IMG_20200121_092809-300x225.jpg\" class=\"attachment-medium size-medium\" alt=\"\" srcset=\"https:\/\/agora.xtec.cat\/escolacansorts\/wp-content\/uploads\/usu1930\/2020\/01\/IMG_20200121_092809-300x225.jpg 300w, https:\/\/agora.xtec.cat\/escolacansorts\/wp-content\/uploads\/usu1930\/2020\/01\/IMG_20200121_092809-768x576.jpg 768w, https:\/\/agora.xtec.cat\/escolacansorts\/wp-content\/uploads\/usu1930\/2020\/01\/IMG_20200121_092809-1024x768.jpg 1024w, https:\/\/agora.xtec.cat\/escolacansorts\/wp-content\/uploads\/usu1930\/2020\/01\/IMG_20200121_092809-200x150.jpg 200w\" sizes=\"auto, (max-width: 300px) 100vw, 300px\" \/><\/a>\n\t\t\t<\/dt><\/dl><dl class='gallery-item'>\n\t\t\t<dt class='gallery-icon landscape'>\n\t\t\t\t<a href='https:\/\/agora.xtec.cat\/escolacansorts\/general\/comencem-el-projecte-llegim-en-parella\/attachment\/img_20200121_092833\/'><img loading=\"lazy\" decoding=\"async\" width=\"300\" height=\"225\" src=\"https:\/\/agora.xtec.cat\/escolacansorts\/wp-content\/uploads\/usu1930\/2020\/01\/IMG_20200121_092833-300x225.jpg\" class=\"attachment-medium size-medium\" alt=\"\" srcset=\"https:\/\/agora.xtec.cat\/escolacansorts\/wp-content\/uploads\/usu1930\/2020\/01\/IMG_20200121_092833-300x225.jpg 300w, https:\/\/agora.xtec.cat\/escolacansorts\/wp-content\/uploads\/usu1930\/2020\/01\/IMG_20200121_092833-768x576.jpg 768w, https:\/\/agora.xtec.cat\/escolacansorts\/wp-content\/uploads\/usu1930\/2020\/01\/IMG_20200121_092833-1024x768.jpg 1024w, https:\/\/agora.xtec.cat\/escolacansorts\/wp-content\/uploads\/usu1930\/2020\/01\/IMG_20200121_092833-200x150.jpg 200w\" sizes=\"auto, (max-width: 300px) 100vw, 300px\" \/><\/a>\n\t\t\t<\/dt><\/dl><dl class='gallery-item'>\n\t\t\t<dt class='gallery-icon landscape'>\n\t\t\t\t<a href='https:\/\/agora.xtec.cat\/escolacansorts\/general\/comencem-el-projecte-llegim-en-parella\/attachment\/img_20200121_092856\/'><img loading=\"lazy\" decoding=\"async\" width=\"300\" height=\"225\" src=\"https:\/\/agora.xtec.cat\/escolacansorts\/wp-content\/uploads\/usu1930\/2020\/01\/IMG_20200121_092856-300x225.jpg\" class=\"attachment-medium size-medium\" alt=\"\" srcset=\"https:\/\/agora.xtec.cat\/escolacansorts\/wp-content\/uploads\/usu1930\/2020\/01\/IMG_20200121_092856-300x225.jpg 300w, https:\/\/agora.xtec.cat\/escolacansorts\/wp-content\/uploads\/usu1930\/2020\/01\/IMG_20200121_092856-768x576.jpg 768w, https:\/\/agora.xtec.cat\/escolacansorts\/wp-content\/uploads\/usu1930\/2020\/01\/IMG_20200121_092856-1024x768.jpg 1024w, https:\/\/agora.xtec.cat\/escolacansorts\/wp-content\/uploads\/usu1930\/2020\/01\/IMG_20200121_092856-200x150.jpg 200w\" sizes=\"auto, (max-width: 300px) 100vw, 300px\" \/><\/a>\n\t\t\t<\/dt><\/dl><br style=\"clear: both\" \/>\n\t\t<\/div>\n\n<p>&nbsp;<\/p>\n","protected":false},"excerpt":{"rendered":"<p>Un altre curs iniciem el projecte &#8220;Llegim en parella&#8221; entre els nens i nenes de 2n i 3r de prim\u00e0ria. Els nens i nenes de 3r faran de padrins\/es lectors i compartiran dues sessions setmanals de lectura en parella amb els seus fillols\/es lectors de&hellip;  <a href=\"https:\/\/agora.xtec.cat\/escolacansorts\/general\/comencem-el-projecte-llegim-en-parella\/\" title=\"Read Comencem el projecte &#8220;Llegim en parella&#8221;\">Llegeix m\u00e9s\u00bb<\/a><\/p>\n","protected":false},"author":1,"featured_media":1736,"comment_status":"open","ping_status":"closed","sticky":false,"template":"","format":"standard","meta":{"_bbp_topic_count":0,"_bbp_reply_count":0,"_bbp_total_topic_count":0,"_bbp_total_reply_count":0,"_bbp_voice_count":0,"_bbp_anonymous_reply_count":0,"_bbp_topic_count_hidden":0,"_bbp_reply_count_hidden":0,"_bbp_forum_subforum_count":0,"footnotes":""},"categories":[61,65,1],"tags":[],"class_list":["post-1734","post","type-post","status-publish","format-standard","has-post-thumbnail","hentry","category-ci","category-cm","category-general"],"post_mailing_queue_ids":[],"_links":{"self":[{"href":"https:\/\/agora.xtec.cat\/escolacansorts\/wp-json\/wp\/v2\/posts\/1734","targetHints":{"allow":["GET"]}}],"collection":[{"href":"https:\/\/agora.xtec.cat\/escolacansorts\/wp-json\/wp\/v2\/posts"}],"about":[{"href":"https:\/\/agora.xtec.cat\/escolacansorts\/wp-json\/wp\/v2\/types\/post"}],"author":[{"embeddable":true,"href":"https:\/\/agora.xtec.cat\/escolacansorts\/wp-json\/wp\/v2\/users\/1"}],"replies":[{"embeddable":true,"href":"https:\/\/agora.xtec.cat\/escolacansorts\/wp-json\/wp\/v2\/comments?post=1734"}],"version-history":[{"count":1,"href":"https:\/\/agora.xtec.cat\/escolacansorts\/wp-json\/wp\/v2\/posts\/1734\/revisions"}],"predecessor-version":[{"id":1738,"href":"https:\/\/agora.xtec.cat\/escolacansorts\/wp-json\/wp\/v2\/posts\/1734\/revisions\/1738"}],"wp:featuredmedia":[{"embeddable":true,"href":"https:\/\/agora.xtec.cat\/escolacansorts\/wp-json\/wp\/v2\/media\/1736"}],"wp:attachment":[{"href":"https:\/\/agora.xtec.cat\/escolacansorts\/wp-json\/wp\/v2\/media?parent=1734"}],"wp:term":[{"taxonomy":"category","embeddable":true,"href":"https:\/\/agora.xtec.cat\/escolacansorts\/wp-json\/wp\/v2\/categories?post=1734"},{"taxonomy":"post_tag","embeddable":true,"href":"https:\/\/agora.xtec.cat\/escolacansorts\/wp-json\/wp\/v2\/tags?post=1734"}],"curies":[{"name":"wp","href":"https:\/\/api.w.org\/{rel}","templated":true}]}}