{"id":1692,"date":"2020-01-16T09:56:10","date_gmt":"2020-01-16T08:56:10","guid":{"rendered":"https:\/\/agora.xtec.cat\/escolacansorts\/?p=1692"},"modified":"2020-01-16T13:27:17","modified_gmt":"2020-01-16T12:27:17","slug":"taller-de-percussio-corporal-5e","status":"publish","type":"post","link":"https:\/\/agora.xtec.cat\/escolacansorts\/general\/taller-de-percussio-corporal-5e\/","title":{"rendered":"TALLER DE PERCUSSI\u00d3 CORPORAL 5\u00e8"},"content":{"rendered":"<p>Un any m\u00e9s, els nens i nenes de 5\u00e8 han gaudit del taller de percussi\u00f3 amb el Santi Serratosa. Musicoterapeuta i percussionista corporal.<\/p>\n<p>Amb el moviment i la percussi\u00f3 corporal hem creat una coreografia fant\u00e0stica tots plegats.<\/p>\n<p>Aqu\u00ed us deixem algunes fotos i un video perqu\u00e8 pogueu gaudir a casa.<\/p>\n<p><iframe loading=\"lazy\" src=\"https:\/\/www.youtube.com\/embed\/X1je0TYFn-E\" width=\"560\" height=\"315\" frameborder=\"0\" allowfullscreen=\"allowfullscreen\"><\/iframe><\/p>\n<p><a href=\"https:\/\/agora.xtec.cat\/escolacansorts\/wp-content\/uploads\/usu1930\/2020\/01\/IMG_0124.jpg\"><img loading=\"lazy\" decoding=\"async\" class=\"wp-image-1693 size-large\" src=\"https:\/\/agora.xtec.cat\/escolacansorts\/wp-content\/uploads\/usu1930\/2020\/01\/IMG_0124-1024x768.jpg\" alt=\"\" width=\"1024\" height=\"768\" srcset=\"https:\/\/agora.xtec.cat\/escolacansorts\/wp-content\/uploads\/usu1930\/2020\/01\/IMG_0124-1024x768.jpg 1024w, https:\/\/agora.xtec.cat\/escolacansorts\/wp-content\/uploads\/usu1930\/2020\/01\/IMG_0124-300x225.jpg 300w, https:\/\/agora.xtec.cat\/escolacansorts\/wp-content\/uploads\/usu1930\/2020\/01\/IMG_0124-768x576.jpg 768w, https:\/\/agora.xtec.cat\/escolacansorts\/wp-content\/uploads\/usu1930\/2020\/01\/IMG_0124-200x150.jpg 200w\" sizes=\"auto, (max-width: 1024px) 100vw, 1024px\" \/><\/a><\/p>\n<p>&nbsp;<\/p>\n<p><a href=\"https:\/\/agora.xtec.cat\/escolacansorts\/wp-content\/uploads\/usu1930\/2020\/01\/IMG_0117.jpg\"><img loading=\"lazy\" decoding=\"async\" class=\"alignnone wp-image-1694 size-large\" src=\"https:\/\/agora.xtec.cat\/escolacansorts\/wp-content\/uploads\/usu1930\/2020\/01\/IMG_0117-1024x768.jpg\" alt=\"\" width=\"1024\" height=\"768\" srcset=\"https:\/\/agora.xtec.cat\/escolacansorts\/wp-content\/uploads\/usu1930\/2020\/01\/IMG_0117-1024x768.jpg 1024w, https:\/\/agora.xtec.cat\/escolacansorts\/wp-content\/uploads\/usu1930\/2020\/01\/IMG_0117-300x225.jpg 300w, https:\/\/agora.xtec.cat\/escolacansorts\/wp-content\/uploads\/usu1930\/2020\/01\/IMG_0117-768x576.jpg 768w, https:\/\/agora.xtec.cat\/escolacansorts\/wp-content\/uploads\/usu1930\/2020\/01\/IMG_0117-200x150.jpg 200w\" sizes=\"auto, (max-width: 1024px) 100vw, 1024px\" \/><\/a><\/p>\n<p>&nbsp;<\/p>\n<p><a href=\"https:\/\/agora.xtec.cat\/escolacansorts\/wp-content\/uploads\/usu1930\/2020\/01\/IMG_0109.jpg\"><img loading=\"lazy\" decoding=\"async\" class=\"alignnone wp-image-1695 size-large\" src=\"https:\/\/agora.xtec.cat\/escolacansorts\/wp-content\/uploads\/usu1930\/2020\/01\/IMG_0109-1024x768.jpg\" alt=\"\" width=\"1024\" height=\"768\" srcset=\"https:\/\/agora.xtec.cat\/escolacansorts\/wp-content\/uploads\/usu1930\/2020\/01\/IMG_0109-1024x768.jpg 1024w, https:\/\/agora.xtec.cat\/escolacansorts\/wp-content\/uploads\/usu1930\/2020\/01\/IMG_0109-300x225.jpg 300w, https:\/\/agora.xtec.cat\/escolacansorts\/wp-content\/uploads\/usu1930\/2020\/01\/IMG_0109-768x576.jpg 768w, https:\/\/agora.xtec.cat\/escolacansorts\/wp-content\/uploads\/usu1930\/2020\/01\/IMG_0109-200x150.jpg 200w\" sizes=\"auto, (max-width: 1024px) 100vw, 1024px\" \/><\/a><\/p>\n<p>&nbsp;<\/p>\n<p>&nbsp;<\/p>\n","protected":false},"excerpt":{"rendered":"<p>Un any m\u00e9s, els nens i nenes de 5\u00e8 han gaudit del taller de percussi\u00f3 amb el Santi Serratosa. Musicoterapeuta i percussionista corporal.<br \/>\nAmb el moviment i la percussi\u00f3 corporal hem creat una coreografia fant\u00e0stica tots plegats.<br \/>\nAqu\u00ed us deixem algunes fotos i un video perqu\u00e8 pogueu&hellip;  <a href=\"https:\/\/agora.xtec.cat\/escolacansorts\/general\/taller-de-percussio-corporal-5e\/\" title=\"Read TALLER DE PERCUSSI\u00d3 CORPORAL 5\u00e8\">Llegeix m\u00e9s\u00bb<\/a><\/p>\n","protected":false},"author":1,"featured_media":1696,"comment_status":"open","ping_status":"closed","sticky":false,"template":"","format":"standard","meta":{"_bbp_topic_count":0,"_bbp_reply_count":0,"_bbp_total_topic_count":0,"_bbp_total_reply_count":0,"_bbp_voice_count":0,"_bbp_anonymous_reply_count":0,"_bbp_topic_count_hidden":0,"_bbp_reply_count_hidden":0,"_bbp_forum_subforum_count":0,"footnotes":""},"categories":[64,1,70],"tags":[],"class_list":["post-1692","post","type-post","status-publish","format-standard","has-post-thumbnail","hentry","category-cs","category-general","category-musica"],"post_mailing_queue_ids":[],"_links":{"self":[{"href":"https:\/\/agora.xtec.cat\/escolacansorts\/wp-json\/wp\/v2\/posts\/1692","targetHints":{"allow":["GET"]}}],"collection":[{"href":"https:\/\/agora.xtec.cat\/escolacansorts\/wp-json\/wp\/v2\/posts"}],"about":[{"href":"https:\/\/agora.xtec.cat\/escolacansorts\/wp-json\/wp\/v2\/types\/post"}],"author":[{"embeddable":true,"href":"https:\/\/agora.xtec.cat\/escolacansorts\/wp-json\/wp\/v2\/users\/1"}],"replies":[{"embeddable":true,"href":"https:\/\/agora.xtec.cat\/escolacansorts\/wp-json\/wp\/v2\/comments?post=1692"}],"version-history":[{"count":3,"href":"https:\/\/agora.xtec.cat\/escolacansorts\/wp-json\/wp\/v2\/posts\/1692\/revisions"}],"predecessor-version":[{"id":1708,"href":"https:\/\/agora.xtec.cat\/escolacansorts\/wp-json\/wp\/v2\/posts\/1692\/revisions\/1708"}],"wp:featuredmedia":[{"embeddable":true,"href":"https:\/\/agora.xtec.cat\/escolacansorts\/wp-json\/wp\/v2\/media\/1696"}],"wp:attachment":[{"href":"https:\/\/agora.xtec.cat\/escolacansorts\/wp-json\/wp\/v2\/media?parent=1692"}],"wp:term":[{"taxonomy":"category","embeddable":true,"href":"https:\/\/agora.xtec.cat\/escolacansorts\/wp-json\/wp\/v2\/categories?post=1692"},{"taxonomy":"post_tag","embeddable":true,"href":"https:\/\/agora.xtec.cat\/escolacansorts\/wp-json\/wp\/v2\/tags?post=1692"}],"curies":[{"name":"wp","href":"https:\/\/api.w.org\/{rel}","templated":true}]}}