{"id":1667,"date":"2019-12-19T09:27:06","date_gmt":"2019-12-19T08:27:06","guid":{"rendered":"https:\/\/agora.xtec.cat\/escolacansorts\/?p=1667"},"modified":"2019-12-19T16:38:03","modified_gmt":"2019-12-19T15:38:03","slug":"el-nadal-de-sempre","status":"publish","type":"post","link":"https:\/\/agora.xtec.cat\/escolacansorts\/general\/el-nadal-de-sempre\/","title":{"rendered":"EL NADAL DE SEMPRE"},"content":{"rendered":"<p style=\"text-align: left;\">Com cada any, el concert de Nadal ens ha fet passar una bona estona.<\/p>\n<p style=\"text-align: left;\">Aquest any, recordant les nadales de sempre, petits i grans hem compartit un moment nost\u00e0lgic, divertit i entranyable; viatjant, de nou, al cor del Nadal, que per cada fam\u00edlia \u00e9s personal i diferent.<\/p>\n<p style=\"text-align: left;\">Per tornar a reviure el concert, aqu\u00ed us deixem el concert sencer per cicles:<\/p>\n<p style=\"text-align: left;\"><iframe loading=\"lazy\" src=\"https:\/\/www.youtube.com\/embed\/Zb4avxZoBQU\" width=\"560\" height=\"315\" frameborder=\"0\" allowfullscreen=\"allowfullscreen\"><\/iframe><\/p>\n<p style=\"text-align: left;\"><iframe loading=\"lazy\" src=\"https:\/\/www.youtube.com\/embed\/l6qO92YzY28\" width=\"560\" height=\"315\" frameborder=\"0\" allowfullscreen=\"allowfullscreen\"><\/iframe><\/p>\n<p style=\"text-align: left;\"><iframe loading=\"lazy\" src=\"https:\/\/www.youtube.com\/embed\/ckRxCZn9yfc\" width=\"560\" height=\"315\" frameborder=\"0\" allowfullscreen=\"allowfullscreen\"><\/iframe><\/p>\n<p style=\"text-align: left;\"><iframe loading=\"lazy\" src=\"https:\/\/www.youtube.com\/embed\/gXUrqWPPbss\" width=\"560\" height=\"315\" frameborder=\"0\" allowfullscreen=\"allowfullscreen\"><\/iframe><\/p>\n<p style=\"text-align: center;\"><a href=\"https:\/\/agora.xtec.cat\/escolacansorts\/wp-content\/uploads\/usu1930\/2019\/12\/IMG_6043.jpg\"><img loading=\"lazy\" decoding=\"async\" class=\"alignnone wp-image-1668 size-large alignleft\" src=\"https:\/\/agora.xtec.cat\/escolacansorts\/wp-content\/uploads\/usu1930\/2019\/12\/IMG_6043-e1576743982729-1024x700.jpg\" alt=\"\" width=\"1024\" height=\"700\" srcset=\"https:\/\/agora.xtec.cat\/escolacansorts\/wp-content\/uploads\/usu1930\/2019\/12\/IMG_6043-e1576743982729-1024x700.jpg 1024w, https:\/\/agora.xtec.cat\/escolacansorts\/wp-content\/uploads\/usu1930\/2019\/12\/IMG_6043-e1576743982729-300x205.jpg 300w, https:\/\/agora.xtec.cat\/escolacansorts\/wp-content\/uploads\/usu1930\/2019\/12\/IMG_6043-e1576743982729-768x525.jpg 768w\" sizes=\"auto, (max-width: 1024px) 100vw, 1024px\" \/><\/a><\/p>\n","protected":false},"excerpt":{"rendered":"<p>Com cada any, el concert de Nadal ens ha fet passar una bona estona.<br \/>\nAquest any, recordant les nadales de sempre, petits i grans hem compartit un moment nost\u00e0lgic, divertit i entranyable; viatjant, de nou, al cor del Nadal, que per cada fam\u00edlia \u00e9s personal i&hellip;  <a href=\"https:\/\/agora.xtec.cat\/escolacansorts\/general\/el-nadal-de-sempre\/\" title=\"Read EL NADAL DE SEMPRE\">Llegeix m\u00e9s\u00bb<\/a><\/p>\n","protected":false},"author":1,"featured_media":1668,"comment_status":"open","ping_status":"closed","sticky":false,"template":"","format":"standard","meta":{"_bbp_topic_count":0,"_bbp_reply_count":0,"_bbp_total_topic_count":0,"_bbp_total_reply_count":0,"_bbp_voice_count":0,"_bbp_anonymous_reply_count":0,"_bbp_topic_count_hidden":0,"_bbp_reply_count_hidden":0,"_bbp_forum_subforum_count":0,"footnotes":""},"categories":[61,65,64,1,2,70],"tags":[],"class_list":["post-1667","post","type-post","status-publish","format-standard","has-post-thumbnail","hentry","category-ci","category-cm","category-cs","category-general","category-infantil","category-musica"],"post_mailing_queue_ids":[],"_links":{"self":[{"href":"https:\/\/agora.xtec.cat\/escolacansorts\/wp-json\/wp\/v2\/posts\/1667","targetHints":{"allow":["GET"]}}],"collection":[{"href":"https:\/\/agora.xtec.cat\/escolacansorts\/wp-json\/wp\/v2\/posts"}],"about":[{"href":"https:\/\/agora.xtec.cat\/escolacansorts\/wp-json\/wp\/v2\/types\/post"}],"author":[{"embeddable":true,"href":"https:\/\/agora.xtec.cat\/escolacansorts\/wp-json\/wp\/v2\/users\/1"}],"replies":[{"embeddable":true,"href":"https:\/\/agora.xtec.cat\/escolacansorts\/wp-json\/wp\/v2\/comments?post=1667"}],"version-history":[{"count":4,"href":"https:\/\/agora.xtec.cat\/escolacansorts\/wp-json\/wp\/v2\/posts\/1667\/revisions"}],"predecessor-version":[{"id":1687,"href":"https:\/\/agora.xtec.cat\/escolacansorts\/wp-json\/wp\/v2\/posts\/1667\/revisions\/1687"}],"wp:featuredmedia":[{"embeddable":true,"href":"https:\/\/agora.xtec.cat\/escolacansorts\/wp-json\/wp\/v2\/media\/1668"}],"wp:attachment":[{"href":"https:\/\/agora.xtec.cat\/escolacansorts\/wp-json\/wp\/v2\/media?parent=1667"}],"wp:term":[{"taxonomy":"category","embeddable":true,"href":"https:\/\/agora.xtec.cat\/escolacansorts\/wp-json\/wp\/v2\/categories?post=1667"},{"taxonomy":"post_tag","embeddable":true,"href":"https:\/\/agora.xtec.cat\/escolacansorts\/wp-json\/wp\/v2\/tags?post=1667"}],"curies":[{"name":"wp","href":"https:\/\/api.w.org\/{rel}","templated":true}]}}