{"id":1226,"date":"2019-11-07T12:37:06","date_gmt":"2019-11-07T11:37:06","guid":{"rendered":"https:\/\/agora.xtec.cat\/escolacansorts\/?p=1226"},"modified":"2019-11-26T22:39:25","modified_gmt":"2019-11-26T21:39:25","slug":"les-maletes-viatgeres-ja-estan-a-punt","status":"publish","type":"post","link":"https:\/\/agora.xtec.cat\/escolacansorts\/biblio\/les-maletes-viatgeres-ja-estan-a-punt\/","title":{"rendered":"Les maletes viatgeres a punt"},"content":{"rendered":"<p>Des de la biblioteca de l&#8217;escola oferim als m\u00e9s petits una maleta molt especial. Els nens i nenes d&#8217;infantil ja tenen les maletes viatgeres al seus abast, carregades de contes i revistes perqu\u00e8 descobreixin les apassionants hist\u00f2ries que s&#8217;amaguen darrera de la m\u00e0gia de les paraules.<\/p>\n\n\t\t<style type=\"text\/css\">\n\t\t\t#gallery-1 {\n\t\t\t\tmargin: auto;\n\t\t\t}\n\t\t\t#gallery-1 .gallery-item {\n\t\t\t\tfloat: left;\n\t\t\t\tmargin-top: 10px;\n\t\t\t\ttext-align: center;\n\t\t\t\twidth: 50%;\n\t\t\t}\n\t\t\t#gallery-1 img {\n\t\t\t\tborder: 2px solid #cfcfcf;\n\t\t\t}\n\t\t\t#gallery-1 .gallery-caption {\n\t\t\t\tmargin-left: 0;\n\t\t\t}\n\t\t\t\/* see gallery_shortcode() in wp-includes\/media.php *\/\n\t\t<\/style>\n\t\t<div id='gallery-1' class='gallery galleryid-1226 gallery-columns-2 gallery-size-medium'><dl class='gallery-item'>\n\t\t\t<dt class='gallery-icon landscape'>\n\t\t\t\t<a href='https:\/\/agora.xtec.cat\/escolacansorts\/biblio\/les-maletes-viatgeres-ja-estan-a-punt\/attachment\/img-20191107-wa0004-1\/'><img loading=\"lazy\" decoding=\"async\" width=\"300\" height=\"219\" src=\"https:\/\/agora.xtec.cat\/escolacansorts\/wp-content\/uploads\/usu1930\/2019\/11\/IMG-20191107-WA0004-1-e1573128507951-300x219.jpg\" class=\"attachment-medium size-medium\" alt=\"\" srcset=\"https:\/\/agora.xtec.cat\/escolacansorts\/wp-content\/uploads\/usu1930\/2019\/11\/IMG-20191107-WA0004-1-e1573128507951-300x219.jpg 300w, https:\/\/agora.xtec.cat\/escolacansorts\/wp-content\/uploads\/usu1930\/2019\/11\/IMG-20191107-WA0004-1-e1573128507951-768x561.jpg 768w, https:\/\/agora.xtec.cat\/escolacansorts\/wp-content\/uploads\/usu1930\/2019\/11\/IMG-20191107-WA0004-1-e1573128507951-1024x749.jpg 1024w, https:\/\/agora.xtec.cat\/escolacansorts\/wp-content\/uploads\/usu1930\/2019\/11\/IMG-20191107-WA0004-1-e1573128507951.jpg 2048w\" sizes=\"auto, (max-width: 300px) 100vw, 300px\" \/><\/a>\n\t\t\t<\/dt><\/dl><dl class='gallery-item'>\n\t\t\t<dt class='gallery-icon landscape'>\n\t\t\t\t<a href='https:\/\/agora.xtec.cat\/escolacansorts\/biblio\/les-maletes-viatgeres-ja-estan-a-punt\/attachment\/img-20191106-wa0002\/'><img loading=\"lazy\" decoding=\"async\" width=\"300\" height=\"225\" src=\"https:\/\/agora.xtec.cat\/escolacansorts\/wp-content\/uploads\/usu1930\/2019\/11\/IMG-20191106-WA0002-300x225.jpg\" class=\"attachment-medium size-medium\" alt=\"\" srcset=\"https:\/\/agora.xtec.cat\/escolacansorts\/wp-content\/uploads\/usu1930\/2019\/11\/IMG-20191106-WA0002-300x225.jpg 300w, https:\/\/agora.xtec.cat\/escolacansorts\/wp-content\/uploads\/usu1930\/2019\/11\/IMG-20191106-WA0002-768x576.jpg 768w, https:\/\/agora.xtec.cat\/escolacansorts\/wp-content\/uploads\/usu1930\/2019\/11\/IMG-20191106-WA0002-1024x768.jpg 1024w, https:\/\/agora.xtec.cat\/escolacansorts\/wp-content\/uploads\/usu1930\/2019\/11\/IMG-20191106-WA0002-200x150.jpg 200w, https:\/\/agora.xtec.cat\/escolacansorts\/wp-content\/uploads\/usu1930\/2019\/11\/IMG-20191106-WA0002.jpg 2048w\" sizes=\"auto, (max-width: 300px) 100vw, 300px\" \/><\/a>\n\t\t\t<\/dt><\/dl><br style=\"clear: both\" \/>\n\t\t<\/div>\n\n<p>&nbsp;<\/p>\n","protected":false},"excerpt":{"rendered":"<p>Des de la biblioteca de l&#8217;escola oferim als m\u00e9s petits una maleta molt especial. Els nens i nenes d&#8217;infantil ja tenen les maletes viatgeres al seus abast, carregades de contes i revistes perqu\u00e8 descobreixin les apassionants hist\u00f2ries que s&#8217;amaguen darrera de la m\u00e0gia de les&hellip;  <a href=\"https:\/\/agora.xtec.cat\/escolacansorts\/biblio\/les-maletes-viatgeres-ja-estan-a-punt\/\" title=\"Read Les maletes viatgeres a punt\">Llegeix m\u00e9s\u00bb<\/a><\/p>\n","protected":false},"author":1,"featured_media":1231,"comment_status":"open","ping_status":"closed","sticky":false,"template":"","format":"standard","meta":{"_bbp_topic_count":0,"_bbp_reply_count":0,"_bbp_total_topic_count":0,"_bbp_total_reply_count":0,"_bbp_voice_count":0,"_bbp_anonymous_reply_count":0,"_bbp_topic_count_hidden":0,"_bbp_reply_count_hidden":0,"_bbp_forum_subforum_count":0,"footnotes":""},"categories":[66],"tags":[],"class_list":["post-1226","post","type-post","status-publish","format-standard","has-post-thumbnail","hentry","category-biblio"],"post_mailing_queue_ids":[],"_links":{"self":[{"href":"https:\/\/agora.xtec.cat\/escolacansorts\/wp-json\/wp\/v2\/posts\/1226","targetHints":{"allow":["GET"]}}],"collection":[{"href":"https:\/\/agora.xtec.cat\/escolacansorts\/wp-json\/wp\/v2\/posts"}],"about":[{"href":"https:\/\/agora.xtec.cat\/escolacansorts\/wp-json\/wp\/v2\/types\/post"}],"author":[{"embeddable":true,"href":"https:\/\/agora.xtec.cat\/escolacansorts\/wp-json\/wp\/v2\/users\/1"}],"replies":[{"embeddable":true,"href":"https:\/\/agora.xtec.cat\/escolacansorts\/wp-json\/wp\/v2\/comments?post=1226"}],"version-history":[{"count":3,"href":"https:\/\/agora.xtec.cat\/escolacansorts\/wp-json\/wp\/v2\/posts\/1226\/revisions"}],"predecessor-version":[{"id":1506,"href":"https:\/\/agora.xtec.cat\/escolacansorts\/wp-json\/wp\/v2\/posts\/1226\/revisions\/1506"}],"wp:featuredmedia":[{"embeddable":true,"href":"https:\/\/agora.xtec.cat\/escolacansorts\/wp-json\/wp\/v2\/media\/1231"}],"wp:attachment":[{"href":"https:\/\/agora.xtec.cat\/escolacansorts\/wp-json\/wp\/v2\/media?parent=1226"}],"wp:term":[{"taxonomy":"category","embeddable":true,"href":"https:\/\/agora.xtec.cat\/escolacansorts\/wp-json\/wp\/v2\/categories?post=1226"},{"taxonomy":"post_tag","embeddable":true,"href":"https:\/\/agora.xtec.cat\/escolacansorts\/wp-json\/wp\/v2\/tags?post=1226"}],"curies":[{"name":"wp","href":"https:\/\/api.w.org\/{rel}","templated":true}]}}