{"id":10052,"date":"2025-03-06T12:16:21","date_gmt":"2025-03-06T11:16:21","guid":{"rendered":"https:\/\/agora.xtec.cat\/escolacansorts\/?p=10052"},"modified":"2025-03-06T12:16:21","modified_gmt":"2025-03-06T11:16:21","slug":"carnestoltes-a-lescola","status":"publish","type":"post","link":"https:\/\/agora.xtec.cat\/escolacansorts\/general\/carnestoltes-a-lescola\/","title":{"rendered":"Carnestoltes a l&#8217;escola"},"content":{"rendered":"<p data-start=\"66\" data-end=\"276\">El passat divendres 28 de febrer, vam celebrar el Carnaval a l\u2019escola. Vam passar un mat\u00ed ple d&#8217;activitats i tallers on els infants m\u00e9s grans i m\u00e9s petits van poder crear les seves pr\u00f2pies m\u00e0scares, es van disfressar, es van pintar la cara i van gaudir d&#8217;un mat\u00ed ple d&#8217;activitats relacionades amb el Carnaval.<\/p>\n<p data-start=\"66\" data-end=\"276\">A la tarda, vam realitzar la Rua de Carnaval al pati de l&#8217;escola, on tots els infants van poder fer una desfilada i mostrar les seves disfresses amb la millor energia, m\u00fasica, balls i, per descomptat, un munt de somriures!<\/p>\n<p data-start=\"412\" data-end=\"588\">Finalment, el dimecres de Cendra, vam tenir la col\u00b7laboraci\u00f3 dels Sentcremats per acomiadar-nos\u00a0del Rei Carnestoltes, amb el desig que l&#8217;any vinent la festa sigui encara m\u00e9s gran i divertida. Fins l&#8217;any que ve, Rei Carnestoltes!<\/p>\n<p><a href=\"https:\/\/agora.xtec.cat\/escolacansorts\/wp-content\/uploads\/usu1930\/2025\/03\/Captura-de-pantalla-2025-03-06-114017.png\"><img loading=\"lazy\" decoding=\"async\" class=\"aligncenter size-full wp-image-10056\" src=\"https:\/\/agora.xtec.cat\/escolacansorts\/wp-content\/uploads\/usu1930\/2025\/03\/Captura-de-pantalla-2025-03-06-114017.png\" alt=\"\" width=\"914\" height=\"685\" srcset=\"https:\/\/agora.xtec.cat\/escolacansorts\/wp-content\/uploads\/usu1930\/2025\/03\/Captura-de-pantalla-2025-03-06-114017.png 914w, https:\/\/agora.xtec.cat\/escolacansorts\/wp-content\/uploads\/usu1930\/2025\/03\/Captura-de-pantalla-2025-03-06-114017-300x225.png 300w, https:\/\/agora.xtec.cat\/escolacansorts\/wp-content\/uploads\/usu1930\/2025\/03\/Captura-de-pantalla-2025-03-06-114017-768x576.png 768w, https:\/\/agora.xtec.cat\/escolacansorts\/wp-content\/uploads\/usu1930\/2025\/03\/Captura-de-pantalla-2025-03-06-114017-200x150.png 200w\" sizes=\"auto, (max-width: 914px) 100vw, 914px\" \/><\/a><a href=\"https:\/\/agora.xtec.cat\/escolacansorts\/wp-content\/uploads\/usu1930\/2025\/03\/Captura-de-pantalla-2025-03-06-113843.png\"><img loading=\"lazy\" decoding=\"async\" class=\"aligncenter size-full wp-image-10053\" src=\"https:\/\/agora.xtec.cat\/escolacansorts\/wp-content\/uploads\/usu1930\/2025\/03\/Captura-de-pantalla-2025-03-06-113843.png\" alt=\"\" width=\"912\" height=\"683\" srcset=\"https:\/\/agora.xtec.cat\/escolacansorts\/wp-content\/uploads\/usu1930\/2025\/03\/Captura-de-pantalla-2025-03-06-113843.png 912w, https:\/\/agora.xtec.cat\/escolacansorts\/wp-content\/uploads\/usu1930\/2025\/03\/Captura-de-pantalla-2025-03-06-113843-300x225.png 300w, https:\/\/agora.xtec.cat\/escolacansorts\/wp-content\/uploads\/usu1930\/2025\/03\/Captura-de-pantalla-2025-03-06-113843-768x575.png 768w, https:\/\/agora.xtec.cat\/escolacansorts\/wp-content\/uploads\/usu1930\/2025\/03\/Captura-de-pantalla-2025-03-06-113843-200x150.png 200w\" sizes=\"auto, (max-width: 912px) 100vw, 912px\" \/><\/a><\/p>\n<p data-start=\"590\" data-end=\"699\">\n","protected":false},"excerpt":{"rendered":"<p>El passat divendres 28 de febrer, vam celebrar el Carnaval a l\u2019escola. Vam passar un mat\u00ed ple d&#8217;activitats i tallers on els infants m\u00e9s grans i m\u00e9s petits van poder crear les seves pr\u00f2pies m\u00e0scares, es van disfressar, es van pintar la cara i van&hellip;  <a href=\"https:\/\/agora.xtec.cat\/escolacansorts\/general\/carnestoltes-a-lescola\/\" title=\"Read Carnestoltes a l&#8217;escola\">Llegeix m\u00e9s\u00bb<\/a><\/p>\n","protected":false},"author":1,"featured_media":10054,"comment_status":"closed","ping_status":"closed","sticky":false,"template":"","format":"standard","meta":{"_bbp_topic_count":0,"_bbp_reply_count":0,"_bbp_total_topic_count":0,"_bbp_total_reply_count":0,"_bbp_voice_count":0,"_bbp_anonymous_reply_count":0,"_bbp_topic_count_hidden":0,"_bbp_reply_count_hidden":0,"_bbp_forum_subforum_count":0,"footnotes":""},"categories":[1],"tags":[],"class_list":["post-10052","post","type-post","status-publish","format-standard","has-post-thumbnail","hentry","category-general"],"post_mailing_queue_ids":[],"_links":{"self":[{"href":"https:\/\/agora.xtec.cat\/escolacansorts\/wp-json\/wp\/v2\/posts\/10052","targetHints":{"allow":["GET"]}}],"collection":[{"href":"https:\/\/agora.xtec.cat\/escolacansorts\/wp-json\/wp\/v2\/posts"}],"about":[{"href":"https:\/\/agora.xtec.cat\/escolacansorts\/wp-json\/wp\/v2\/types\/post"}],"author":[{"embeddable":true,"href":"https:\/\/agora.xtec.cat\/escolacansorts\/wp-json\/wp\/v2\/users\/1"}],"replies":[{"embeddable":true,"href":"https:\/\/agora.xtec.cat\/escolacansorts\/wp-json\/wp\/v2\/comments?post=10052"}],"version-history":[{"count":3,"href":"https:\/\/agora.xtec.cat\/escolacansorts\/wp-json\/wp\/v2\/posts\/10052\/revisions"}],"predecessor-version":[{"id":10059,"href":"https:\/\/agora.xtec.cat\/escolacansorts\/wp-json\/wp\/v2\/posts\/10052\/revisions\/10059"}],"wp:featuredmedia":[{"embeddable":true,"href":"https:\/\/agora.xtec.cat\/escolacansorts\/wp-json\/wp\/v2\/media\/10054"}],"wp:attachment":[{"href":"https:\/\/agora.xtec.cat\/escolacansorts\/wp-json\/wp\/v2\/media?parent=10052"}],"wp:term":[{"taxonomy":"category","embeddable":true,"href":"https:\/\/agora.xtec.cat\/escolacansorts\/wp-json\/wp\/v2\/categories?post=10052"},{"taxonomy":"post_tag","embeddable":true,"href":"https:\/\/agora.xtec.cat\/escolacansorts\/wp-json\/wp\/v2\/tags?post=10052"}],"curies":[{"name":"wp","href":"https:\/\/api.w.org\/{rel}","templated":true}]}}