{"id":10027,"date":"2024-11-25T13:29:25","date_gmt":"2024-11-25T12:29:25","guid":{"rendered":"https:\/\/agora.xtec.cat\/escolacansorts\/?p=10027"},"modified":"2024-11-25T13:30:09","modified_gmt":"2024-11-25T12:30:09","slug":"celebrem-santa-cecilia","status":"publish","type":"post","link":"https:\/\/agora.xtec.cat\/escolacansorts\/general\/celebrem-santa-cecilia\/","title":{"rendered":"Celebrem Santa Cec\u00edlia"},"content":{"rendered":"<p>El passat 22 de novembre vam celebrar una jornada molt especial a la nostra escola: el Dia de Santa Cec\u00edlia, la patrona de la m\u00fasica. Aquesta efem\u00e8ride ens va oferir l&#8217;oportunitat de reflexionar sobre la import\u00e0ncia de la m\u00fasica en les nostres vides i gaudir de les seves diverses manifestacions.<\/p>\n<p>Durant la jornada, vam poder gaudir de petites actuacions musicals a c\u00e0rrec dels infants de l&#8217;escola, que van interpretar peces de diferents estils i g\u00e8neres amb els seus instruments musicals. A m\u00e9s, vam tenir la gran sort de poder escoltar en directe les actuacions del Cor jove de Sentmenat, creant un espai de conviv\u00e8ncia i d&#8217;emoci\u00f3 compartida.<\/p>\n<p>Volem agrair a tots i totes les que van participar en aquesta celebraci\u00f3, i especialment als infants i mestres de m\u00fasica que van fer possible que aquesta jornada fos tan especial. La m\u00fasica continua sent una part fonamental de la nostra identitat i, amb iniciatives com aquesta, seguirem fomentant-la i celebrant-la cada dia.<\/p>\n<p><a href=\"https:\/\/agora.xtec.cat\/escolacansorts\/wp-content\/uploads\/usu1930\/2024\/11\/Santa-Cecilia-scaled.jpg\"><img loading=\"lazy\" decoding=\"async\" class=\"aligncenter size-large wp-image-10028\" src=\"https:\/\/agora.xtec.cat\/escolacansorts\/wp-content\/uploads\/usu1930\/2024\/11\/Santa-Cecilia-1024x472.jpg\" alt=\"\" width=\"1024\" height=\"472\" srcset=\"https:\/\/agora.xtec.cat\/escolacansorts\/wp-content\/uploads\/usu1930\/2024\/11\/Santa-Cecilia-1024x472.jpg 1024w, https:\/\/agora.xtec.cat\/escolacansorts\/wp-content\/uploads\/usu1930\/2024\/11\/Santa-Cecilia-300x138.jpg 300w, https:\/\/agora.xtec.cat\/escolacansorts\/wp-content\/uploads\/usu1930\/2024\/11\/Santa-Cecilia-768x354.jpg 768w, https:\/\/agora.xtec.cat\/escolacansorts\/wp-content\/uploads\/usu1930\/2024\/11\/Santa-Cecilia-1536x708.jpg 1536w, https:\/\/agora.xtec.cat\/escolacansorts\/wp-content\/uploads\/usu1930\/2024\/11\/Santa-Cecilia-2048x944.jpg 2048w\" sizes=\"auto, (max-width: 1024px) 100vw, 1024px\" \/><\/a><\/p>\n","protected":false},"excerpt":{"rendered":"<p>El passat 22 de novembre vam celebrar una jornada molt especial a la nostra escola: el Dia de Santa Cec\u00edlia, la patrona de la m\u00fasica. Aquesta efem\u00e8ride ens va oferir l&#8217;oportunitat de reflexionar sobre la import\u00e0ncia de la m\u00fasica en les nostres vides i gaudir&hellip;  <a href=\"https:\/\/agora.xtec.cat\/escolacansorts\/general\/celebrem-santa-cecilia\/\" title=\"Read Celebrem Santa Cec\u00edlia\">Llegeix m\u00e9s\u00bb<\/a><\/p>\n","protected":false},"author":1,"featured_media":10029,"comment_status":"closed","ping_status":"closed","sticky":false,"template":"","format":"standard","meta":{"_bbp_topic_count":0,"_bbp_reply_count":0,"_bbp_total_topic_count":0,"_bbp_total_reply_count":0,"_bbp_voice_count":0,"_bbp_anonymous_reply_count":0,"_bbp_topic_count_hidden":0,"_bbp_reply_count_hidden":0,"_bbp_forum_subforum_count":0,"footnotes":""},"categories":[1,70],"tags":[],"class_list":["post-10027","post","type-post","status-publish","format-standard","has-post-thumbnail","hentry","category-general","category-musica"],"post_mailing_queue_ids":[],"_links":{"self":[{"href":"https:\/\/agora.xtec.cat\/escolacansorts\/wp-json\/wp\/v2\/posts\/10027","targetHints":{"allow":["GET"]}}],"collection":[{"href":"https:\/\/agora.xtec.cat\/escolacansorts\/wp-json\/wp\/v2\/posts"}],"about":[{"href":"https:\/\/agora.xtec.cat\/escolacansorts\/wp-json\/wp\/v2\/types\/post"}],"author":[{"embeddable":true,"href":"https:\/\/agora.xtec.cat\/escolacansorts\/wp-json\/wp\/v2\/users\/1"}],"replies":[{"embeddable":true,"href":"https:\/\/agora.xtec.cat\/escolacansorts\/wp-json\/wp\/v2\/comments?post=10027"}],"version-history":[{"count":2,"href":"https:\/\/agora.xtec.cat\/escolacansorts\/wp-json\/wp\/v2\/posts\/10027\/revisions"}],"predecessor-version":[{"id":10031,"href":"https:\/\/agora.xtec.cat\/escolacansorts\/wp-json\/wp\/v2\/posts\/10027\/revisions\/10031"}],"wp:featuredmedia":[{"embeddable":true,"href":"https:\/\/agora.xtec.cat\/escolacansorts\/wp-json\/wp\/v2\/media\/10029"}],"wp:attachment":[{"href":"https:\/\/agora.xtec.cat\/escolacansorts\/wp-json\/wp\/v2\/media?parent=10027"}],"wp:term":[{"taxonomy":"category","embeddable":true,"href":"https:\/\/agora.xtec.cat\/escolacansorts\/wp-json\/wp\/v2\/categories?post=10027"},{"taxonomy":"post_tag","embeddable":true,"href":"https:\/\/agora.xtec.cat\/escolacansorts\/wp-json\/wp\/v2\/tags?post=10027"}],"curies":[{"name":"wp","href":"https:\/\/api.w.org\/{rel}","templated":true}]}}