{"id":22593,"date":"2020-12-18T16:53:35","date_gmt":"2020-12-18T15:53:35","guid":{"rendered":"https:\/\/agora.xtec.cat\/escolacanserra\/?p=22593"},"modified":"2020-12-18T16:53:35","modified_gmt":"2020-12-18T15:53:35","slug":"el-nadal-arriba-a-la-classe-de-la-lluna","status":"publish","type":"post","link":"https:\/\/agora.xtec.cat\/escolacanserra\/infantil\/i3\/el-nadal-arriba-a-la-classe-de-la-lluna\/","title":{"rendered":"El Nadal arriba a la classe de la LLUNA!"},"content":{"rendered":"<p>Hola fam\u00edlies de P3!<\/p>\n<p>Ja queda ben poc per acabar el trimestre i per l\u2019arribada de les festes de Nadal i a les classes de P3 hem anat realitzant diverses activitats relacionades amb aquesta \u00e8poca de l\u2019any.<\/p>\n<p>Des de que va comen\u00e7ar el mes de desembre tenim a la classe un calendari d\u2019advent i cada dia li toca a un nen o nena obrir un sobre en el que troba una petita sorpresa.<\/p>\n<p>A l\u2019aula hem dedicat un petit rac\u00f3 a un arbre de Nadal que hem anat guarnint amb boles que hem picat i guarnit. Ens ha quedat un arbre ben bonic!<\/p>\n<p>Tamb\u00e9 ens vam fer unes fotos ben divertides amb motius nadalencs per tal de decorar el vest\u00edbul, en forma d\u2019arbre, on tenim al Ti\u00f3 d\u2019educaci\u00f3 infantil.<\/p>\n<p>A m\u00e9s a m\u00e9s, hem fet una postal sorpresa que rebreu, juntament amb totes les feines fetes al llarg del trimestre, i ens vam aprendre un poema que esperem que us agradi molt.<\/p>\n<p>Una altra activitat que ens ha agradat molt ha estat la de confegir ninots de neu amb material ben divers! I a la classe de m\u00fasica hem escoltat i treballat la can\u00e7\u00f3 \u201cEl ninot de neu\u201d que podeu escoltar <a href=\"https:\/\/www.youtube.com\/watch?v=CkLuvcQOXRM\">aqu\u00ed.<\/a><\/p>\n<p>Si voleu veure les fotos de totes aquestes activitats ho podeu fer al seg\u00fcent carrusel:<\/p>\n\n<p>&nbsp;<\/p>\n<p>Salutacions,<\/p>\n<p>Mestres de P3.<\/p>\n","protected":false},"excerpt":{"rendered":"<p>Hola fam\u00edlies de P3! Ja queda ben poc per acabar el trimestre i per l\u2019arribada de les festes de Nadal i a les classes de P3 hem anat realitzant diverses activitats relacionades amb aquesta \u00e8poca de l\u2019any. Des de que va comen\u00e7ar el mes de desembre tenim a la classe un calendari d\u2019advent i cada [&hellip;]<\/p>\n","protected":false},"author":82,"featured_media":22700,"comment_status":"open","ping_status":"closed","sticky":false,"template":"","format":"standard","meta":{"_bbp_topic_count":0,"_bbp_reply_count":0,"_bbp_total_topic_count":0,"_bbp_total_reply_count":0,"_bbp_voice_count":0,"_bbp_anonymous_reply_count":0,"_bbp_topic_count_hidden":0,"_bbp_reply_count_hidden":0,"_bbp_forum_subforum_count":0,"site-sidebar-layout":"default","site-content-layout":"","ast-site-content-layout":"","site-content-style":"default","site-sidebar-style":"default","ast-global-header-display":"","ast-banner-title-visibility":"","ast-main-header-display":"","ast-hfb-above-header-display":"","ast-hfb-below-header-display":"","ast-hfb-mobile-header-display":"","site-post-title":"","ast-breadcrumbs-content":"","ast-featured-img":"","footer-sml-layout":"","theme-transparent-header-meta":"","adv-header-id-meta":"","stick-header-meta":"","header-above-stick-meta":"","header-main-stick-meta":"","header-below-stick-meta":"","astra-migrate-meta-layouts":"default","ast-page-background-enabled":"default","ast-page-background-meta":{"desktop":{"background-color":"var(--ast-global-color-4)","background-image":"","background-repeat":"repeat","background-position":"center center","background-size":"auto","background-attachment":"scroll","background-type":"","background-media":"","overlay-type":"","overlay-color":"","overlay-opacity":"","overlay-gradient":""},"tablet":{"background-color":"","background-image":"","background-repeat":"repeat","background-position":"center center","background-size":"auto","background-attachment":"scroll","background-type":"","background-media":"","overlay-type":"","overlay-color":"","overlay-opacity":"","overlay-gradient":""},"mobile":{"background-color":"","background-image":"","background-repeat":"repeat","background-position":"center center","background-size":"auto","background-attachment":"scroll","background-type":"","background-media":"","overlay-type":"","overlay-color":"","overlay-opacity":"","overlay-gradient":""}},"ast-content-background-meta":{"desktop":{"background-color":"var(--ast-global-color-5)","background-image":"","background-repeat":"repeat","background-position":"center center","background-size":"auto","background-attachment":"scroll","background-type":"","background-media":"","overlay-type":"","overlay-color":"","overlay-opacity":"","overlay-gradient":""},"tablet":{"background-color":"var(--ast-global-color-5)","background-image":"","background-repeat":"repeat","background-position":"center center","background-size":"auto","background-attachment":"scroll","background-type":"","background-media":"","overlay-type":"","overlay-color":"","overlay-opacity":"","overlay-gradient":""},"mobile":{"background-color":"var(--ast-global-color-5)","background-image":"","background-repeat":"repeat","background-position":"center center","background-size":"auto","background-attachment":"scroll","background-type":"","background-media":"","overlay-type":"","overlay-color":"","overlay-opacity":"","overlay-gradient":""}},"footnotes":""},"categories":[3],"tags":[],"class_list":["post-22593","post","type-post","status-publish","format-standard","has-post-thumbnail","hentry","category-i3"],"post_mailing_queue_ids":[],"_links":{"self":[{"href":"https:\/\/agora.xtec.cat\/escolacanserra\/wp-json\/wp\/v2\/posts\/22593","targetHints":{"allow":["GET"]}}],"collection":[{"href":"https:\/\/agora.xtec.cat\/escolacanserra\/wp-json\/wp\/v2\/posts"}],"about":[{"href":"https:\/\/agora.xtec.cat\/escolacanserra\/wp-json\/wp\/v2\/types\/post"}],"author":[{"embeddable":true,"href":"https:\/\/agora.xtec.cat\/escolacanserra\/wp-json\/wp\/v2\/users\/82"}],"replies":[{"embeddable":true,"href":"https:\/\/agora.xtec.cat\/escolacanserra\/wp-json\/wp\/v2\/comments?post=22593"}],"version-history":[{"count":2,"href":"https:\/\/agora.xtec.cat\/escolacanserra\/wp-json\/wp\/v2\/posts\/22593\/revisions"}],"predecessor-version":[{"id":22658,"href":"https:\/\/agora.xtec.cat\/escolacanserra\/wp-json\/wp\/v2\/posts\/22593\/revisions\/22658"}],"wp:featuredmedia":[{"embeddable":true,"href":"https:\/\/agora.xtec.cat\/escolacanserra\/wp-json\/wp\/v2\/media\/22700"}],"wp:attachment":[{"href":"https:\/\/agora.xtec.cat\/escolacanserra\/wp-json\/wp\/v2\/media?parent=22593"}],"wp:term":[{"taxonomy":"category","embeddable":true,"href":"https:\/\/agora.xtec.cat\/escolacanserra\/wp-json\/wp\/v2\/categories?post=22593"},{"taxonomy":"post_tag","embeddable":true,"href":"https:\/\/agora.xtec.cat\/escolacanserra\/wp-json\/wp\/v2\/tags?post=22593"}],"curies":[{"name":"wp","href":"https:\/\/api.w.org\/{rel}","templated":true}]}}