{"id":21555,"date":"2020-06-08T12:43:36","date_gmt":"2020-06-08T10:43:36","guid":{"rendered":"https:\/\/agora.xtec.cat\/escolacanserra\/?p=21555"},"modified":"2020-08-15T11:29:13","modified_gmt":"2020-08-15T09:29:13","slug":"sollicituds-dajuts-de-menjador-escolar-20-21","status":"publish","type":"post","link":"https:\/\/agora.xtec.cat\/escolacanserra\/infantil\/i3\/sollicituds-dajuts-de-menjador-escolar-20-21\/","title":{"rendered":"Sol\u00b7licituds d&#8217;ajuts de menjador escolar 20-21"},"content":{"rendered":"<p><span style=\"color: #000000;\">\u00a0Aquest dilluns 8 de juny, s&#8217;obre el termini de presentaci\u00f3 d&#8217;<strong>ajuts de menjador escolar<\/strong> pel curs 2020\/2021.<\/span><\/p>\n<p><span style=\"color: #000000;\">Aquestes sol\u00b7licituds es poden presentar <strong>del 8 al 26 de juny<\/strong>\u00a0a l<strong>&#8216;Oficina d&#8217;Atenci\u00f3 Ciutadan<\/strong>a\u00a0ubicada al passeig Doctor Moragas, 224, oberta al p\u00fablic des d&#8217;aquest dilluns dia 8,\u00a0amb <strong>cita pr\u00e8via<\/strong> trucant al tel\u00e8fon <strong>93 729 71 71<\/strong> extensions 135 i 286.<\/span><\/p>\n<p><span style=\"color: #000000;\">Les persones interessades podran recollir les sol\u00b7licituds en diferents espais i horaris:<\/span><\/p>\n<ul style=\"margin-bottom: 20px; margin-left: 0px; padding-left: 15px; border: 0px; outline: 0px; vertical-align: baseline; font-variant-numeric: inherit; font-variant-east-asian: inherit; font-stretch: inherit; font-size: 12px; line-height: inherit; font-family: Arial, Helvetica, sans-serif; list-style-image: initial; color: #666666;\">\n<li style=\"border: 0px; outline: 0px; vertical-align: baseline; font: inherit;\"><span style=\"color: #000000;\">Escoles de Prim\u00e0ria: de 9 a 13 hores.<\/span><\/li>\n<li style=\"border: 0px; outline: 0px; vertical-align: baseline; font: inherit;\"><span style=\"color: #000000;\">Oficina d&#8217;Atenci\u00f3 Ciutadana:\u00a0de 8 a 14 hores<\/span><\/li>\n<li style=\"border: 0px; outline: 0px; vertical-align: baseline; font: inherit;\"><span style=\"color: #000000;\">Centre Serveis Socials: de 8 a 14 hores\u00a0<\/span><\/li>\n<\/ul>\n<div class=\"field-label\"><span style=\"color: #000000;\">Tamb\u00e9 us les podeu descarregar als seg\u00fcents enlla\u00e7os:\u00a0\u00a0<\/span><\/div>\n<div class=\"field-items\">\n<div class=\"field-item even\"><span class=\"file\"><img decoding=\"async\" class=\"file-icon\" title=\"application\/pdf\" src=\"http:\/\/www.bdv.cat\/modules\/file\/icons\/application-pdf.png\" alt=\"\" \/><a title=\"sol-licitud_menjador_escolar_2020-2021.pdf\" href=\"http:\/\/www.bdv.cat\/sites\/default\/files\/common\/sol-licitud_menjador_escolar_2020-2021.pdf\" target=\"_blank\" rel=\"noopener noreferrer\" type=\"application\/pdf; length=47922\">Sol\u00b7licitud Menjador Escolar 2020-2021<\/a><\/span><\/div>\n<div class=\"field-item odd\"><span class=\"file\"><img decoding=\"async\" class=\"file-icon\" title=\"application\/pdf\" src=\"http:\/\/www.bdv.cat\/modules\/file\/icons\/application-pdf.png\" alt=\"\" \/><a title=\"acceptacio_responsable_menjador_2020-2021.pdf\" href=\"http:\/\/www.bdv.cat\/sites\/default\/files\/common\/acceptacio_responsable_menjador_2020-2021.pdf\" target=\"_blank\" rel=\"noopener noreferrer\" type=\"application\/pdf; length=31604\">Acceptaci\u00f3 responsable Menjador 2020-2021<\/a><\/span><\/div>\n<div class=\"field-item even\"><span class=\"file\"><img decoding=\"async\" class=\"file-icon\" title=\"application\/pdf\" src=\"http:\/\/www.bdv.cat\/modules\/file\/icons\/application-pdf.png\" alt=\"\" \/><a title=\"autoritzacio_muf_2020-2021.pdf\" href=\"http:\/\/www.bdv.cat\/sites\/default\/files\/common\/autoritzacio_muf_2020-2021.pdf\" target=\"_blank\" rel=\"noopener noreferrer\" type=\"application\/pdf; length=80982\">Autoritzaci\u00f3 MUF 2020-2021<\/a><\/span><\/div>\n<div><\/div>\n<\/div>\n<div><\/div>\n<div>\u2757Per aquest curs 2020\/2021, se separa la convocat\u00f2ria d&#8217;ajuts de menjador de la de material escolar. Del 8 al 26 de juny<strong> nom\u00e9s<\/strong> se sol\u00b7licita l<strong>&#8216;ajut de menjador<\/strong> escolar i <strong>m\u00e9s endavant<\/strong> s&#8217;obrir\u00e0 una nova convocat\u00f2ria amb unes bases especifiques de <strong>material escolar<\/strong>.<\/div>\n","protected":false},"excerpt":{"rendered":"<p>\u00a0Aquest dilluns 8 de juny, s&#8217;obre el termini de presentaci\u00f3 d&#8217;ajuts de menjador escolar pel curs 2020\/2021. Aquestes sol\u00b7licituds es poden presentar del 8 al 26 de juny\u00a0a l&#8216;Oficina d&#8217;Atenci\u00f3 Ciutadana\u00a0ubicada al passeig Doctor Moragas, 224, oberta al p\u00fablic des d&#8217;aquest dilluns dia 8,\u00a0amb cita pr\u00e8via trucant al tel\u00e8fon 93 729 71 71 extensions 135 [&hellip;]<\/p>\n","protected":false},"author":1,"featured_media":21556,"comment_status":"open","ping_status":"closed","sticky":false,"template":"","format":"standard","meta":{"_bbp_topic_count":0,"_bbp_reply_count":0,"_bbp_total_topic_count":0,"_bbp_total_reply_count":0,"_bbp_voice_count":0,"_bbp_anonymous_reply_count":0,"_bbp_topic_count_hidden":0,"_bbp_reply_count_hidden":0,"_bbp_forum_subforum_count":0,"site-sidebar-layout":"default","site-content-layout":"","ast-site-content-layout":"","site-content-style":"default","site-sidebar-style":"default","ast-global-header-display":"","ast-banner-title-visibility":"","ast-main-header-display":"","ast-hfb-above-header-display":"","ast-hfb-below-header-display":"","ast-hfb-mobile-header-display":"","site-post-title":"","ast-breadcrumbs-content":"","ast-featured-img":"","footer-sml-layout":"","theme-transparent-header-meta":"","adv-header-id-meta":"","stick-header-meta":"","header-above-stick-meta":"","header-main-stick-meta":"","header-below-stick-meta":"","astra-migrate-meta-layouts":"default","ast-page-background-enabled":"default","ast-page-background-meta":{"desktop":{"background-color":"var(--ast-global-color-4)","background-image":"","background-repeat":"repeat","background-position":"center center","background-size":"auto","background-attachment":"scroll","background-type":"","background-media":"","overlay-type":"","overlay-color":"","overlay-opacity":"","overlay-gradient":""},"tablet":{"background-color":"","background-image":"","background-repeat":"repeat","background-position":"center center","background-size":"auto","background-attachment":"scroll","background-type":"","background-media":"","overlay-type":"","overlay-color":"","overlay-opacity":"","overlay-gradient":""},"mobile":{"background-color":"","background-image":"","background-repeat":"repeat","background-position":"center center","background-size":"auto","background-attachment":"scroll","background-type":"","background-media":"","overlay-type":"","overlay-color":"","overlay-opacity":"","overlay-gradient":""}},"ast-content-background-meta":{"desktop":{"background-color":"var(--ast-global-color-5)","background-image":"","background-repeat":"repeat","background-position":"center center","background-size":"auto","background-attachment":"scroll","background-type":"","background-media":"","overlay-type":"","overlay-color":"","overlay-opacity":"","overlay-gradient":""},"tablet":{"background-color":"var(--ast-global-color-5)","background-image":"","background-repeat":"repeat","background-position":"center center","background-size":"auto","background-attachment":"scroll","background-type":"","background-media":"","overlay-type":"","overlay-color":"","overlay-opacity":"","overlay-gradient":""},"mobile":{"background-color":"var(--ast-global-color-5)","background-image":"","background-repeat":"repeat","background-position":"center center","background-size":"auto","background-attachment":"scroll","background-type":"","background-media":"","overlay-type":"","overlay-color":"","overlay-opacity":"","overlay-gradient":""}},"footnotes":""},"categories":[10,11,12,13,14,3,8,9,21,4],"tags":[],"class_list":["post-21555","post","type-post","status-publish","format-standard","has-post-thumbnail","hentry","category-1r","category-2n","category-3r","category-4t","category-5e","category-i3","category-i4","category-i5","category-informacions","category-portada"],"post_mailing_queue_ids":[],"_links":{"self":[{"href":"https:\/\/agora.xtec.cat\/escolacanserra\/wp-json\/wp\/v2\/posts\/21555","targetHints":{"allow":["GET"]}}],"collection":[{"href":"https:\/\/agora.xtec.cat\/escolacanserra\/wp-json\/wp\/v2\/posts"}],"about":[{"href":"https:\/\/agora.xtec.cat\/escolacanserra\/wp-json\/wp\/v2\/types\/post"}],"author":[{"embeddable":true,"href":"https:\/\/agora.xtec.cat\/escolacanserra\/wp-json\/wp\/v2\/users\/1"}],"replies":[{"embeddable":true,"href":"https:\/\/agora.xtec.cat\/escolacanserra\/wp-json\/wp\/v2\/comments?post=21555"}],"version-history":[{"count":3,"href":"https:\/\/agora.xtec.cat\/escolacanserra\/wp-json\/wp\/v2\/posts\/21555\/revisions"}],"predecessor-version":[{"id":21756,"href":"https:\/\/agora.xtec.cat\/escolacanserra\/wp-json\/wp\/v2\/posts\/21555\/revisions\/21756"}],"wp:featuredmedia":[{"embeddable":true,"href":"https:\/\/agora.xtec.cat\/escolacanserra\/wp-json\/wp\/v2\/media\/21556"}],"wp:attachment":[{"href":"https:\/\/agora.xtec.cat\/escolacanserra\/wp-json\/wp\/v2\/media?parent=21555"}],"wp:term":[{"taxonomy":"category","embeddable":true,"href":"https:\/\/agora.xtec.cat\/escolacanserra\/wp-json\/wp\/v2\/categories?post=21555"},{"taxonomy":"post_tag","embeddable":true,"href":"https:\/\/agora.xtec.cat\/escolacanserra\/wp-json\/wp\/v2\/tags?post=21555"}],"curies":[{"name":"wp","href":"https:\/\/api.w.org\/{rel}","templated":true}]}}