{"id":18974,"date":"2020-03-01T22:19:42","date_gmt":"2020-03-01T21:19:42","guid":{"rendered":"https:\/\/agora.xtec.cat\/escolacanserra\/?p=18974"},"modified":"2020-03-03T09:26:17","modified_gmt":"2020-03-03T08:26:17","slug":"setmana-cultural-somiem-que-inventem-aguiles","status":"publish","type":"post","link":"https:\/\/agora.xtec.cat\/escolacanserra\/infantil\/setmana-cultural-somiem-que-inventem-aguiles\/","title":{"rendered":"Setmana Cultural &#8220;Somiem que inventem&#8221; \u00c0guiles"},"content":{"rendered":"<p>La Setmana Cultural ja s&#8217;ha acabat i els infants de\u00a0<span class=\"hiddenSpellError\">P4<\/span>\u00a0hem gaudit molt convertint-nos en inventors i inventores.<\/p>\n<p>Hem treballat els transports aeris i hem conegut a un gran inventor\u00a0<span class=\"hiddenSpellError\">Leonardo<\/span>\u00a0Da Vinci.<\/p>\n<p>Despr\u00e9s de con\u00e8ixer una mica qui era i el seu gran desig de volar com els ocells, vam comen\u00e7ar a investigar i treballar les diferents m\u00e0quines que les persones han creat per poder viatjar pel cel i arribar fins a l&#8217;espai.<\/p>\n<p>I quina millor activitat per comen\u00e7ar que construir el nostre propi coet!<\/p>\n<p>Despr\u00e9s de fer l&#8217;esb\u00f3s igual que feia en <span class=\"hiddenSpellError\">Leonardo<\/span> , amb la millor companyia, els nostres companys i companyes de cinqu\u00e8 que amb molta il\u00b7lusi\u00f3 ens van venir a ajudar,vam construir el nostre coet amb molt material reciclat.\u00a0 Semblava que els nostres coets estaven a punt d&#8217;enlairar-se!<\/p>\n<p>Mireu que bonics!<\/p>\n\n<p>Per\u00f2\u00a0aix\u00f2\u00a0nom\u00e9s havia estat el comen\u00e7ament,\u00a0despr\u00e9s\u00a0van venir moltes altres activitats interessants i divertides com:<\/p>\n<p>Mirar el cartell de la setmana Cultural i votar quin dels invents que es treballarien a l&#8217;escola ens semblava m\u00e9s important.<br \/>\nVa guanyar el\u00a0m\u00f2bil!<\/p>\n<p><img loading=\"lazy\" decoding=\"async\" class=\"aligncenter\" src=\"https:\/\/agora.xtec.cat\/escolacanserra\/wp-content\/uploads\/usu244\/2020\/03\/IMG_20200229_221142.jpg\" width=\"250\" height=\"163\" \/><\/p>\n<p>Posar-se d&#8217;acord per parelles per crear el nostre propi invent .<\/p>\n\n<p>Aquestes van ser les nostres idees!<\/p>\n\n<p>Con\u00e8ixer quins transports aeris es van inventar primer, com eren i com s\u00f3n ara i fer entre tots\u00a0 la l\u00ednia del temps.<\/p>\n<p><img loading=\"lazy\" decoding=\"async\" class=\"aligncenter\" src=\"https:\/\/agora.xtec.cat\/escolacanserra\/wp-content\/uploads\/usu244\/2020\/03\/IMG_20200228_161413.jpg\" width=\"292\" height=\"164\" \/><\/p>\n\n<p>I el m\u00e9s divertit!\u00a0 fer experiments i disparar coets amb la reacci\u00f3 del bicarbonat amb el vinagre, amb l&#8217;aire trepitjant amb el peu o bufant amb totes les nostres forces!<\/p>\n<div style=\"width: 848px;\" class=\"wp-video\"><!--[if lt IE 9]><script>document.createElement('video');<\/script><![endif]-->\n<video class=\"wp-video-shortcode\" id=\"video-18974-1\" width=\"848\" height=\"480\" preload=\"metadata\" controls=\"controls\"><source type=\"video\/mp4\" src=\"https:\/\/agora.xtec.cat\/escolacanserra\/wp-content\/uploads\/usu244\/2020\/03\/VID-20200220-WA0007.mp4?_=1\" \/><a href=\"https:\/\/agora.xtec.cat\/escolacanserra\/wp-content\/uploads\/usu244\/2020\/03\/VID-20200220-WA0007.mp4\">https:\/\/agora.xtec.cat\/escolacanserra\/wp-content\/uploads\/usu244\/2020\/03\/VID-20200220-WA0007.mp4<\/a><\/video><\/div>\n<p>&nbsp;<\/p>\n<p><iframe loading=\"lazy\" src=\"\/\/www.youtube.com\/embed\/gY3pISecht0\" width=\"560\" height=\"314\"><\/iframe><\/p>\n<p>Per acabar &#8230;<br \/>\nEns\u00a0posem una disfressa<br \/>\nper saltar, cantar i ballar!<\/p>\n\n","protected":false},"excerpt":{"rendered":"<p>La Setmana Cultural ja s&#8217;ha acabat i els infants de\u00a0P4\u00a0hem gaudit molt convertint-nos en inventors i inventores. Hem treballat els transports aeris i hem conegut a un gran inventor\u00a0Leonardo\u00a0Da Vinci. Despr\u00e9s de con\u00e8ixer una mica qui era i el seu gran desig de volar com els ocells, vam comen\u00e7ar a investigar i treballar les diferents [&hellip;]<\/p>\n","protected":false},"author":24,"featured_media":19018,"comment_status":"open","ping_status":"closed","sticky":false,"template":"","format":"standard","meta":{"_bbp_topic_count":0,"_bbp_reply_count":0,"_bbp_total_topic_count":0,"_bbp_total_reply_count":0,"_bbp_voice_count":0,"_bbp_anonymous_reply_count":0,"_bbp_topic_count_hidden":0,"_bbp_reply_count_hidden":0,"_bbp_forum_subforum_count":0,"site-sidebar-layout":"default","site-content-layout":"","ast-site-content-layout":"","site-content-style":"default","site-sidebar-style":"default","ast-global-header-display":"","ast-banner-title-visibility":"","ast-main-header-display":"","ast-hfb-above-header-display":"","ast-hfb-below-header-display":"","ast-hfb-mobile-header-display":"","site-post-title":"","ast-breadcrumbs-content":"","ast-featured-img":"","footer-sml-layout":"","theme-transparent-header-meta":"","adv-header-id-meta":"","stick-header-meta":"","header-above-stick-meta":"","header-main-stick-meta":"","header-below-stick-meta":"","astra-migrate-meta-layouts":"default","ast-page-background-enabled":"default","ast-page-background-meta":{"desktop":{"background-color":"var(--ast-global-color-4)","background-image":"","background-repeat":"repeat","background-position":"center center","background-size":"auto","background-attachment":"scroll","background-type":"","background-media":"","overlay-type":"","overlay-color":"","overlay-opacity":"","overlay-gradient":""},"tablet":{"background-color":"","background-image":"","background-repeat":"repeat","background-position":"center center","background-size":"auto","background-attachment":"scroll","background-type":"","background-media":"","overlay-type":"","overlay-color":"","overlay-opacity":"","overlay-gradient":""},"mobile":{"background-color":"","background-image":"","background-repeat":"repeat","background-position":"center center","background-size":"auto","background-attachment":"scroll","background-type":"","background-media":"","overlay-type":"","overlay-color":"","overlay-opacity":"","overlay-gradient":""}},"ast-content-background-meta":{"desktop":{"background-color":"var(--ast-global-color-5)","background-image":"","background-repeat":"repeat","background-position":"center center","background-size":"auto","background-attachment":"scroll","background-type":"","background-media":"","overlay-type":"","overlay-color":"","overlay-opacity":"","overlay-gradient":""},"tablet":{"background-color":"var(--ast-global-color-5)","background-image":"","background-repeat":"repeat","background-position":"center center","background-size":"auto","background-attachment":"scroll","background-type":"","background-media":"","overlay-type":"","overlay-color":"","overlay-opacity":"","overlay-gradient":""},"mobile":{"background-color":"var(--ast-global-color-5)","background-image":"","background-repeat":"repeat","background-position":"center center","background-size":"auto","background-attachment":"scroll","background-type":"","background-media":"","overlay-type":"","overlay-color":"","overlay-opacity":"","overlay-gradient":""}},"footnotes":""},"categories":[8,2,28],"tags":[],"class_list":["post-18974","post","type-post","status-publish","format-standard","has-post-thumbnail","hentry","category-i4","category-infantil","category-setmana-cultural"],"post_mailing_queue_ids":[],"_links":{"self":[{"href":"https:\/\/agora.xtec.cat\/escolacanserra\/wp-json\/wp\/v2\/posts\/18974","targetHints":{"allow":["GET"]}}],"collection":[{"href":"https:\/\/agora.xtec.cat\/escolacanserra\/wp-json\/wp\/v2\/posts"}],"about":[{"href":"https:\/\/agora.xtec.cat\/escolacanserra\/wp-json\/wp\/v2\/types\/post"}],"author":[{"embeddable":true,"href":"https:\/\/agora.xtec.cat\/escolacanserra\/wp-json\/wp\/v2\/users\/24"}],"replies":[{"embeddable":true,"href":"https:\/\/agora.xtec.cat\/escolacanserra\/wp-json\/wp\/v2\/comments?post=18974"}],"version-history":[{"count":3,"href":"https:\/\/agora.xtec.cat\/escolacanserra\/wp-json\/wp\/v2\/posts\/18974\/revisions"}],"predecessor-version":[{"id":19406,"href":"https:\/\/agora.xtec.cat\/escolacanserra\/wp-json\/wp\/v2\/posts\/18974\/revisions\/19406"}],"wp:featuredmedia":[{"embeddable":true,"href":"https:\/\/agora.xtec.cat\/escolacanserra\/wp-json\/wp\/v2\/media\/19018"}],"wp:attachment":[{"href":"https:\/\/agora.xtec.cat\/escolacanserra\/wp-json\/wp\/v2\/media?parent=18974"}],"wp:term":[{"taxonomy":"category","embeddable":true,"href":"https:\/\/agora.xtec.cat\/escolacanserra\/wp-json\/wp\/v2\/categories?post=18974"},{"taxonomy":"post_tag","embeddable":true,"href":"https:\/\/agora.xtec.cat\/escolacanserra\/wp-json\/wp\/v2\/tags?post=18974"}],"curies":[{"name":"wp","href":"https:\/\/api.w.org\/{rel}","templated":true}]}}