{"id":16618,"date":"2019-09-06T17:41:31","date_gmt":"2019-09-06T15:41:31","guid":{"rendered":"http:\/\/agora.xtec.cat\/escolacanserra\/?p=16618"},"modified":"2019-11-22T09:44:15","modified_gmt":"2019-11-22T08:44:15","slug":"inscripcions-activitats-extraescolars-curs-2019-2020","status":"publish","type":"post","link":"https:\/\/agora.xtec.cat\/escolacanserra\/portada\/inscripcions-activitats-extraescolars-curs-2019-2020\/","title":{"rendered":"Inscripcions Activitats Extraescolars curs 2019-2020"},"content":{"rendered":"<p><a href=\"http:\/\/agora.xtec.cat\/escolacanserra\/wp-content\/uploads\/usu244\/2015\/07\/nou.gif\"><img loading=\"lazy\" decoding=\"async\" class=\"alignnone size-full wp-image-4317\" src=\"http:\/\/agora.xtec.cat\/escolacanserra\/wp-content\/uploads\/usu244\/2015\/07\/nou.gif\" alt=\"nou\" width=\"60\" height=\"27\" \/><\/a><a href=\"https:\/\/agora.xtec.cat\/escolacanserra\/wp-content\/uploads\/usu244\/2019\/09\/Inscripcions-setembre-taulell-CAN-SERRA-19-20-1.pdf\">Inscripcions setembre CAN SERRA<\/a> (EN VERD VEUREU LES ACTIVITATS QUE ARRENCARAN AL\u00a0 SETEMBRE I EN VERMELL LES QUE DE MOMENT NO)<\/p>\n<p><span style=\"font-family: inherit; font-size: 1em;\">Us informem que les inscripcions perqu\u00e8 el vostre infant participi en les activitats extraescolars del curs 2019- 2020 que ben aviat comen\u00e7a, les haureu de fer telem\u00e0ticament.<\/span><\/p>\n<p>Per inscriure al vostre infant a les activitats, heu de clicar al seg\u00fcent enlla\u00e7 i omplir totes les dades que \u00fas demana (no cal adjuntar foto).<\/p>\n<p><a href=\"http:\/\/clubgadex.playoffinformatica.com\/Preinscripcio.php?idConfiguracioFormulariColegi=6\">http:\/\/clubgadex.playoffinformatica.com\/Preinscripcio.php?idConfiguracioFormulariColegi=6<\/a><\/p>\n<p>Aquesta inscripci\u00f3 \u00e9s l&#8217;\u00fanica manera d&#8217;inscriure al vostre infant a les extraescolars. Les fam\u00edlies que ja vau entregar el full d&#8217;inscripci\u00f3 durant els mesos de maig i juny HAUREU DE TORNAR A FER LA INSCRIPCI\u00d3 TELEM\u00c0TICAMENT.<\/p>\n<p>Si teniu qualsevol dubte a l&#8217;hora de fer la inscripci\u00f3, ens podeu trucar al 663.963.664 i us ajudarem a fer-la.<\/p>\n<p><a href=\"https:\/\/agora.xtec.cat\/escolacanserra\/wp-content\/uploads\/usu244\/2019\/06\/Tr\u00edptic-Can-Serra-extraescolars-19-20-1.pdf\">Tr\u00edptic-Can-Serra-extraescolars-19-20<\/a><\/p>\n","protected":false},"excerpt":{"rendered":"<p>Inscripcions setembre CAN SERRA (EN VERD VEUREU LES ACTIVITATS QUE ARRENCARAN AL\u00a0 SETEMBRE I EN VERMELL LES QUE DE MOMENT NO) Us informem que les inscripcions perqu\u00e8 el vostre infant participi en les activitats extraescolars del curs 2019- 2020 que ben aviat comen\u00e7a, les haureu de fer telem\u00e0ticament. Per inscriure al vostre infant a les [&hellip;]<\/p>\n","protected":false},"author":20,"featured_media":0,"comment_status":"open","ping_status":"closed","sticky":false,"template":"","format":"standard","meta":{"_bbp_topic_count":0,"_bbp_reply_count":0,"_bbp_total_topic_count":0,"_bbp_total_reply_count":0,"_bbp_voice_count":0,"_bbp_anonymous_reply_count":0,"_bbp_topic_count_hidden":0,"_bbp_reply_count_hidden":0,"_bbp_forum_subforum_count":0,"site-sidebar-layout":"default","site-content-layout":"","ast-site-content-layout":"","site-content-style":"default","site-sidebar-style":"default","ast-global-header-display":"","ast-banner-title-visibility":"","ast-main-header-display":"","ast-hfb-above-header-display":"","ast-hfb-below-header-display":"","ast-hfb-mobile-header-display":"","site-post-title":"","ast-breadcrumbs-content":"","ast-featured-img":"","footer-sml-layout":"","theme-transparent-header-meta":"","adv-header-id-meta":"","stick-header-meta":"","header-above-stick-meta":"","header-main-stick-meta":"","header-below-stick-meta":"","astra-migrate-meta-layouts":"default","ast-page-background-enabled":"default","ast-page-background-meta":{"desktop":{"background-color":"var(--ast-global-color-4)","background-image":"","background-repeat":"repeat","background-position":"center center","background-size":"auto","background-attachment":"scroll","background-type":"","background-media":"","overlay-type":"","overlay-color":"","overlay-opacity":"","overlay-gradient":""},"tablet":{"background-color":"","background-image":"","background-repeat":"repeat","background-position":"center center","background-size":"auto","background-attachment":"scroll","background-type":"","background-media":"","overlay-type":"","overlay-color":"","overlay-opacity":"","overlay-gradient":""},"mobile":{"background-color":"","background-image":"","background-repeat":"repeat","background-position":"center center","background-size":"auto","background-attachment":"scroll","background-type":"","background-media":"","overlay-type":"","overlay-color":"","overlay-opacity":"","overlay-gradient":""}},"ast-content-background-meta":{"desktop":{"background-color":"var(--ast-global-color-5)","background-image":"","background-repeat":"repeat","background-position":"center center","background-size":"auto","background-attachment":"scroll","background-type":"","background-media":"","overlay-type":"","overlay-color":"","overlay-opacity":"","overlay-gradient":""},"tablet":{"background-color":"var(--ast-global-color-5)","background-image":"","background-repeat":"repeat","background-position":"center center","background-size":"auto","background-attachment":"scroll","background-type":"","background-media":"","overlay-type":"","overlay-color":"","overlay-opacity":"","overlay-gradient":""},"mobile":{"background-color":"var(--ast-global-color-5)","background-image":"","background-repeat":"repeat","background-position":"center center","background-size":"auto","background-attachment":"scroll","background-type":"","background-media":"","overlay-type":"","overlay-color":"","overlay-opacity":"","overlay-gradient":""}},"footnotes":""},"categories":[4],"tags":[],"class_list":["post-16618","post","type-post","status-publish","format-standard","hentry","category-portada"],"post_mailing_queue_ids":[],"_links":{"self":[{"href":"https:\/\/agora.xtec.cat\/escolacanserra\/wp-json\/wp\/v2\/posts\/16618","targetHints":{"allow":["GET"]}}],"collection":[{"href":"https:\/\/agora.xtec.cat\/escolacanserra\/wp-json\/wp\/v2\/posts"}],"about":[{"href":"https:\/\/agora.xtec.cat\/escolacanserra\/wp-json\/wp\/v2\/types\/post"}],"author":[{"embeddable":true,"href":"https:\/\/agora.xtec.cat\/escolacanserra\/wp-json\/wp\/v2\/users\/20"}],"replies":[{"embeddable":true,"href":"https:\/\/agora.xtec.cat\/escolacanserra\/wp-json\/wp\/v2\/comments?post=16618"}],"version-history":[{"count":3,"href":"https:\/\/agora.xtec.cat\/escolacanserra\/wp-json\/wp\/v2\/posts\/16618\/revisions"}],"predecessor-version":[{"id":16625,"href":"https:\/\/agora.xtec.cat\/escolacanserra\/wp-json\/wp\/v2\/posts\/16618\/revisions\/16625"}],"wp:attachment":[{"href":"https:\/\/agora.xtec.cat\/escolacanserra\/wp-json\/wp\/v2\/media?parent=16618"}],"wp:term":[{"taxonomy":"category","embeddable":true,"href":"https:\/\/agora.xtec.cat\/escolacanserra\/wp-json\/wp\/v2\/categories?post=16618"},{"taxonomy":"post_tag","embeddable":true,"href":"https:\/\/agora.xtec.cat\/escolacanserra\/wp-json\/wp\/v2\/tags?post=16618"}],"curies":[{"name":"wp","href":"https:\/\/api.w.org\/{rel}","templated":true}]}}