{"id":16354,"date":"2019-06-07T14:49:49","date_gmt":"2019-06-07T12:49:49","guid":{"rendered":"http:\/\/agora.xtec.cat\/escolacanserra\/?p=16354"},"modified":"2019-06-07T14:51:52","modified_gmt":"2019-06-07T12:51:52","slug":"dansa-a-la-placa-de-lajuntament-la-bolangera","status":"publish","type":"post","link":"https:\/\/agora.xtec.cat\/escolacanserra\/musica\/dansa-a-la-placa-de-lajuntament-la-bolangera\/","title":{"rendered":"Dansa a la pla\u00e7a de l&#8217;ajuntament: la Bolangera."},"content":{"rendered":"<p>El passat dia cinc de juny l&#8217;alumnat de tercer va poder ensenyar als familiars que van acudir a la pla\u00e7a de l&#8217;ajuntament el treball que des de feia tres mesos duien assajant: la dansa de la bolangera. Aquest any, en la catorzena edici\u00f3 d&#8217;aquesta celebraci\u00f3 amb totes les escoles de Barber\u00e0 del Vall\u00e8s al carrer, vam ballar aquest tradicional ball franc\u00e8s i vam poder escoltar la interpretaci\u00f3 de la bolangera per part de l&#8217;Escola de M\u00fasica de Barber\u00e0 del Vall\u00e8s.<\/p>\n<p>Seguint l&#8217;estructura d&#8217;aquest en forma de rotllana i amb diferents moviments es va treballar una coreografia, que amb molta implicaci\u00f3, l&#8217;alumnat de la nostra escola vam dur a l&#8217;actuaci\u00f3 davant del p\u00fablic.<\/p>\n<p>Amb aquesta dansa hem treballat molts \u00e0mbits a l&#8217;aula de m\u00fasica; algunes molt importants com el treball en grup, el respecte cap al treball de la resta de companys i la coordinaci\u00f3.<\/p>\n<p>L&#8217;alumnat i professorat vam gaudir molt amb l&#8217;actuaci\u00f3!! Esperem que a les fam\u00edlies us hagi agradat tant com a nosaltres!<\/p>\n<p>&nbsp;<\/p>\n<p><img loading=\"lazy\" decoding=\"async\" class=\"aligncenter size-full wp-image-16355\" src=\"https:\/\/agora.xtec.cat\/escolacanserra\/wp-content\/uploads\/usu244\/2019\/06\/IMG_20190605_152429_opt-e1559911655170.jpg\" alt=\"\" width=\"258\" height=\"266\" \/><\/p>\n<p><a href=\"https:\/\/agora.xtec.cat\/escolacanserra\/wp-content\/uploads\/usu244\/2019\/06\/IMG_20190605_153105_opt-e1559911748156.jpg\"><img loading=\"lazy\" decoding=\"async\" class=\"aligncenter size-full wp-image-16356\" src=\"https:\/\/agora.xtec.cat\/escolacanserra\/wp-content\/uploads\/usu244\/2019\/06\/IMG_20190605_153105_opt-e1559911748156.jpg\" alt=\"\" width=\"200\" height=\"266\" \/><\/a><\/p>\n<p>&nbsp;<\/p>\n","protected":false},"excerpt":{"rendered":"<p>El passat dia cinc de juny l&#8217;alumnat de tercer va poder ensenyar als familiars que van acudir a la pla\u00e7a de l&#8217;ajuntament el treball que des de feia tres mesos duien assajant: la dansa de la bolangera. Aquest any, en la catorzena edici\u00f3 d&#8217;aquesta celebraci\u00f3 amb totes les escoles de Barber\u00e0 del Vall\u00e8s al carrer, [&hellip;]<\/p>\n","protected":false},"author":1,"featured_media":16356,"comment_status":"open","ping_status":"closed","sticky":false,"template":"","format":"standard","meta":{"_bbp_topic_count":0,"_bbp_reply_count":0,"_bbp_total_topic_count":0,"_bbp_total_reply_count":0,"_bbp_voice_count":0,"_bbp_anonymous_reply_count":0,"_bbp_topic_count_hidden":0,"_bbp_reply_count_hidden":0,"_bbp_forum_subforum_count":0,"site-sidebar-layout":"default","site-content-layout":"","ast-site-content-layout":"","site-content-style":"default","site-sidebar-style":"default","ast-global-header-display":"","ast-banner-title-visibility":"","ast-main-header-display":"","ast-hfb-above-header-display":"","ast-hfb-below-header-display":"","ast-hfb-mobile-header-display":"","site-post-title":"","ast-breadcrumbs-content":"","ast-featured-img":"","footer-sml-layout":"","theme-transparent-header-meta":"","adv-header-id-meta":"","stick-header-meta":"","header-above-stick-meta":"","header-main-stick-meta":"","header-below-stick-meta":"","astra-migrate-meta-layouts":"default","ast-page-background-enabled":"default","ast-page-background-meta":{"desktop":{"background-color":"var(--ast-global-color-4)","background-image":"","background-repeat":"repeat","background-position":"center center","background-size":"auto","background-attachment":"scroll","background-type":"","background-media":"","overlay-type":"","overlay-color":"","overlay-opacity":"","overlay-gradient":""},"tablet":{"background-color":"","background-image":"","background-repeat":"repeat","background-position":"center center","background-size":"auto","background-attachment":"scroll","background-type":"","background-media":"","overlay-type":"","overlay-color":"","overlay-opacity":"","overlay-gradient":""},"mobile":{"background-color":"","background-image":"","background-repeat":"repeat","background-position":"center center","background-size":"auto","background-attachment":"scroll","background-type":"","background-media":"","overlay-type":"","overlay-color":"","overlay-opacity":"","overlay-gradient":""}},"ast-content-background-meta":{"desktop":{"background-color":"var(--ast-global-color-5)","background-image":"","background-repeat":"repeat","background-position":"center center","background-size":"auto","background-attachment":"scroll","background-type":"","background-media":"","overlay-type":"","overlay-color":"","overlay-opacity":"","overlay-gradient":""},"tablet":{"background-color":"var(--ast-global-color-5)","background-image":"","background-repeat":"repeat","background-position":"center center","background-size":"auto","background-attachment":"scroll","background-type":"","background-media":"","overlay-type":"","overlay-color":"","overlay-opacity":"","overlay-gradient":""},"mobile":{"background-color":"var(--ast-global-color-5)","background-image":"","background-repeat":"repeat","background-position":"center center","background-size":"auto","background-attachment":"scroll","background-type":"","background-media":"","overlay-type":"","overlay-color":"","overlay-opacity":"","overlay-gradient":""}},"footnotes":""},"categories":[23],"tags":[],"class_list":["post-16354","post","type-post","status-publish","format-standard","has-post-thumbnail","hentry","category-musica"],"post_mailing_queue_ids":[],"_links":{"self":[{"href":"https:\/\/agora.xtec.cat\/escolacanserra\/wp-json\/wp\/v2\/posts\/16354","targetHints":{"allow":["GET"]}}],"collection":[{"href":"https:\/\/agora.xtec.cat\/escolacanserra\/wp-json\/wp\/v2\/posts"}],"about":[{"href":"https:\/\/agora.xtec.cat\/escolacanserra\/wp-json\/wp\/v2\/types\/post"}],"author":[{"embeddable":true,"href":"https:\/\/agora.xtec.cat\/escolacanserra\/wp-json\/wp\/v2\/users\/1"}],"replies":[{"embeddable":true,"href":"https:\/\/agora.xtec.cat\/escolacanserra\/wp-json\/wp\/v2\/comments?post=16354"}],"version-history":[{"count":1,"href":"https:\/\/agora.xtec.cat\/escolacanserra\/wp-json\/wp\/v2\/posts\/16354\/revisions"}],"predecessor-version":[{"id":16357,"href":"https:\/\/agora.xtec.cat\/escolacanserra\/wp-json\/wp\/v2\/posts\/16354\/revisions\/16357"}],"wp:featuredmedia":[{"embeddable":true,"href":"https:\/\/agora.xtec.cat\/escolacanserra\/wp-json\/wp\/v2\/media\/16356"}],"wp:attachment":[{"href":"https:\/\/agora.xtec.cat\/escolacanserra\/wp-json\/wp\/v2\/media?parent=16354"}],"wp:term":[{"taxonomy":"category","embeddable":true,"href":"https:\/\/agora.xtec.cat\/escolacanserra\/wp-json\/wp\/v2\/categories?post=16354"},{"taxonomy":"post_tag","embeddable":true,"href":"https:\/\/agora.xtec.cat\/escolacanserra\/wp-json\/wp\/v2\/tags?post=16354"}],"curies":[{"name":"wp","href":"https:\/\/api.w.org\/{rel}","templated":true}]}}