{"id":12699,"date":"2018-02-26T16:12:44","date_gmt":"2018-02-26T15:12:44","guid":{"rendered":"http:\/\/agora.xtec.cat\/escolacanserra\/?p=12699"},"modified":"2018-02-26T16:12:44","modified_gmt":"2018-02-26T15:12:44","slug":"cantania-2018-reserva-dentrades","status":"publish","type":"post","link":"https:\/\/agora.xtec.cat\/escolacanserra\/primaria\/superior\/5e\/cantania-2018-reserva-dentrades\/","title":{"rendered":"CANT\u00c0NIA 2018: RESERVA D&#8217;ENTRADES."},"content":{"rendered":"<p style=\"font-weight: 400;\">Benvolgudes fam\u00edlies de 5\u00e8,<\/p>\n<p style=\"font-weight: 400;\">Un any m\u00e9s, els alumnes de 5\u00e8 participen en el projecte de m\u00fasica<strong>\u00a0CANT\u00c0NIA<\/strong>: participarem en un concert al Teatre\/Auditori de Sant Cugat i cantarem la cantata &#8220;<strong><em>PART\u00cdCULES<\/em><\/strong>&#8220;. Es tracta d\u2019una pe\u00e7a musical composta especialment per a que la cantin, en un cicle de diversos concerts, alumnes de nombroses escoles de Catalunya.\u00a0No \u00e9s una activitat optativa,\u00a0<strong>tots els alumnes hi participen<\/strong>, ja que \u00e9s una activitat que forma part del projecte educatiu de l\u2019escola.<\/p>\n<p style=\"font-weight: 400;\"><strong>La Cant\u00e0nia es far\u00e0 el dimarts 15 de maig de 2018 al Teatre Auditori de Sant Cugat (16:30h).<\/strong>Aquell dia, alumnes i mestres dinarem a l&#8217;escola i anirem tots plegats en autocar per fer l&#8217;assaig general abans de l&#8217;actuaci\u00f3. Informarem de tots els detalls en els propers correus.<\/p>\n<p style=\"font-weight: 400;\">Es tracta d\u2019un espectacle on es coordinen desenes d\u2019escoles i centenars de nens, per aix\u00f2 hi ha diferents<strong>\u00a0aspectes organitzatius<\/strong>\u00a0que cal tenir en compte: us els farem saber mitjan\u00e7ant\u00a0<strong>tres correus<\/strong>\u00a0electr\u00f2nics:<\/p>\n<p style=\"font-weight: 400;\">1r correu: reserva d&#8217;entrades (aquest correu electr\u00f2nic).<\/p>\n<p style=\"font-weight: 400;\">2n correu: compra d&#8217;entrades<\/p>\n<p style=\"font-weight: 400;\">3r correu: log\u00edstica i organitzaci\u00f3 per la Cant\u00e0nia.<\/p>\n<p style=\"font-weight: 400;\"><strong>RESERVA D&#8217;ENTRADES<\/strong>. Les fam\u00edlies podeu anar a veure els vostres fills\/es, per\u00f2 necessiteu entrades. L&#8217;Auditori de Sant Cugat ens reserva 2 entrades per cada fam\u00edlia. Les fam\u00edlies\u00a0<strong>heu d&#8217;indicar abans del divendres 2 de mar\u00e7 quantes entrades voleu<\/strong>. Si es volen m\u00e9s de 2 entrades, cal indicar-ho i, si en sobren, l&#8217;Auditori ens ho comunicar\u00e0 i les fam\u00edlies en podreu comprar m\u00e9s quan acabi el proc\u00e9s de compra d&#8217;entrades de totes les escoles (recordeu que en teniu 2 garantides). El preu de cada entrada \u00e9s de\u00a0<strong>8\u20ac<\/strong>.\u00a0<strong><u>Si alguna fam\u00edlia no en vol comprar cap, tamb\u00e9 ho ha d&#8217;indicar.<\/u>\u00a0<\/strong><\/p>\n<p style=\"font-weight: 400;\"><a href=\"https:\/\/goo.gl\/forms\/omjlP3HqOKauM6OL2\" data-saferedirecturl=\"https:\/\/www.google.com\/url?hl=ca&amp;q=https:\/\/goo.gl\/forms\/omjlP3HqOKauM6OL2&amp;source=gmail&amp;ust=1519744162089000&amp;usg=AFQjCNEpr4HuLY_qS5Ez0ENTlEPFqzCIMg\">RESERVA ENTRADES 5\u00e8A<\/a><\/p>\n<p style=\"font-weight: 400;\"><a href=\"https:\/\/goo.gl\/forms\/NkxPvp5XqpKmQg3s2\" data-saferedirecturl=\"https:\/\/www.google.com\/url?hl=ca&amp;q=https:\/\/goo.gl\/forms\/NkxPvp5XqpKmQg3s2&amp;source=gmail&amp;ust=1519744162089000&amp;usg=AFQjCNHST8NwYiLrCctRO1LMHzQojoLWnw\">RESERVA ENTRADES 5\u00e8B<\/a><\/p>\n<p style=\"font-weight: 400;\">Una vegada sapiguem quantes entrades vol comprar cada fam\u00edlia,\u00a0<strong>l&#8217;Auditori facilitar\u00e0 a cada alumne un codi personal a partir del qual les fam\u00edlies haureu comprar les entrades a trav\u00e9s de la seva p\u00e0gina web durant el mes d&#8217;abril<\/strong>\u00a0(quan arribi el moment, us enviarem el 2n correu, &#8220;compra d&#8217;entrades&#8221;, on trobareu tota l&#8217;explicaci\u00f3 del proc\u00e9s de compra). Cal recordar que\u00a0<strong>els nens\/es no paguen entrada<\/strong>. El preu de l\u2019autocar dels alumnes ja s\u2019ha incl\u00f2s en el rebut de sortides.<\/p>\n<p style=\"font-weight: 400;\">Moltes gr\u00e0cies per la col\u00b7laboraci\u00f3.<\/p>\n<p style=\"font-weight: 400;\">\n","protected":false},"excerpt":{"rendered":"<p>Benvolgudes fam\u00edlies de 5\u00e8, Un any m\u00e9s, els alumnes de 5\u00e8 participen en el projecte de m\u00fasica\u00a0CANT\u00c0NIA: participarem en un concert al Teatre\/Auditori de Sant Cugat i cantarem la cantata &#8220;PART\u00cdCULES&#8220;. Es tracta d\u2019una pe\u00e7a musical composta especialment per a que la cantin, en un cicle de diversos concerts, alumnes de nombroses escoles de Catalunya.\u00a0No [&hellip;]<\/p>\n","protected":false},"author":1,"featured_media":12700,"comment_status":"open","ping_status":"closed","sticky":false,"template":"","format":"standard","meta":{"_bbp_topic_count":0,"_bbp_reply_count":0,"_bbp_total_topic_count":0,"_bbp_total_reply_count":0,"_bbp_voice_count":0,"_bbp_anonymous_reply_count":0,"_bbp_topic_count_hidden":0,"_bbp_reply_count_hidden":0,"_bbp_forum_subforum_count":0,"site-sidebar-layout":"default","site-content-layout":"","ast-site-content-layout":"","site-content-style":"default","site-sidebar-style":"default","ast-global-header-display":"","ast-banner-title-visibility":"","ast-main-header-display":"","ast-hfb-above-header-display":"","ast-hfb-below-header-display":"","ast-hfb-mobile-header-display":"","site-post-title":"","ast-breadcrumbs-content":"","ast-featured-img":"","footer-sml-layout":"","theme-transparent-header-meta":"","adv-header-id-meta":"","stick-header-meta":"","header-above-stick-meta":"","header-main-stick-meta":"","header-below-stick-meta":"","astra-migrate-meta-layouts":"default","ast-page-background-enabled":"default","ast-page-background-meta":{"desktop":{"background-color":"var(--ast-global-color-4)","background-image":"","background-repeat":"repeat","background-position":"center center","background-size":"auto","background-attachment":"scroll","background-type":"","background-media":"","overlay-type":"","overlay-color":"","overlay-opacity":"","overlay-gradient":""},"tablet":{"background-color":"","background-image":"","background-repeat":"repeat","background-position":"center center","background-size":"auto","background-attachment":"scroll","background-type":"","background-media":"","overlay-type":"","overlay-color":"","overlay-opacity":"","overlay-gradient":""},"mobile":{"background-color":"","background-image":"","background-repeat":"repeat","background-position":"center center","background-size":"auto","background-attachment":"scroll","background-type":"","background-media":"","overlay-type":"","overlay-color":"","overlay-opacity":"","overlay-gradient":""}},"ast-content-background-meta":{"desktop":{"background-color":"var(--ast-global-color-5)","background-image":"","background-repeat":"repeat","background-position":"center center","background-size":"auto","background-attachment":"scroll","background-type":"","background-media":"","overlay-type":"","overlay-color":"","overlay-opacity":"","overlay-gradient":""},"tablet":{"background-color":"var(--ast-global-color-5)","background-image":"","background-repeat":"repeat","background-position":"center center","background-size":"auto","background-attachment":"scroll","background-type":"","background-media":"","overlay-type":"","overlay-color":"","overlay-opacity":"","overlay-gradient":""},"mobile":{"background-color":"var(--ast-global-color-5)","background-image":"","background-repeat":"repeat","background-position":"center center","background-size":"auto","background-attachment":"scroll","background-type":"","background-media":"","overlay-type":"","overlay-color":"","overlay-opacity":"","overlay-gradient":""}},"footnotes":""},"categories":[14,23],"tags":[],"class_list":["post-12699","post","type-post","status-publish","format-standard","has-post-thumbnail","hentry","category-5e","category-musica"],"post_mailing_queue_ids":[],"_links":{"self":[{"href":"https:\/\/agora.xtec.cat\/escolacanserra\/wp-json\/wp\/v2\/posts\/12699","targetHints":{"allow":["GET"]}}],"collection":[{"href":"https:\/\/agora.xtec.cat\/escolacanserra\/wp-json\/wp\/v2\/posts"}],"about":[{"href":"https:\/\/agora.xtec.cat\/escolacanserra\/wp-json\/wp\/v2\/types\/post"}],"author":[{"embeddable":true,"href":"https:\/\/agora.xtec.cat\/escolacanserra\/wp-json\/wp\/v2\/users\/1"}],"replies":[{"embeddable":true,"href":"https:\/\/agora.xtec.cat\/escolacanserra\/wp-json\/wp\/v2\/comments?post=12699"}],"version-history":[{"count":1,"href":"https:\/\/agora.xtec.cat\/escolacanserra\/wp-json\/wp\/v2\/posts\/12699\/revisions"}],"predecessor-version":[{"id":12701,"href":"https:\/\/agora.xtec.cat\/escolacanserra\/wp-json\/wp\/v2\/posts\/12699\/revisions\/12701"}],"wp:featuredmedia":[{"embeddable":true,"href":"https:\/\/agora.xtec.cat\/escolacanserra\/wp-json\/wp\/v2\/media\/12700"}],"wp:attachment":[{"href":"https:\/\/agora.xtec.cat\/escolacanserra\/wp-json\/wp\/v2\/media?parent=12699"}],"wp:term":[{"taxonomy":"category","embeddable":true,"href":"https:\/\/agora.xtec.cat\/escolacanserra\/wp-json\/wp\/v2\/categories?post=12699"},{"taxonomy":"post_tag","embeddable":true,"href":"https:\/\/agora.xtec.cat\/escolacanserra\/wp-json\/wp\/v2\/tags?post=12699"}],"curies":[{"name":"wp","href":"https:\/\/api.w.org\/{rel}","templated":true}]}}