{"id":9259,"date":"2026-04-23T15:54:52","date_gmt":"2026-04-23T13:54:52","guid":{"rendered":"https:\/\/agora.xtec.cat\/escolacanmassallera\/?p=9259"},"modified":"2026-04-23T15:54:52","modified_gmt":"2026-04-23T13:54:52","slug":"cicle-superior-gaudeix-de-lespectacle-upp-jazz","status":"publish","type":"post","link":"https:\/\/agora.xtec.cat\/escolacanmassallera\/general\/cicle-superior-gaudeix-de-lespectacle-upp-jazz\/","title":{"rendered":"Cicle Superior gaudeix de l\u2019espectacle &#8220;Upp &#038; Jazz&#8221;"},"content":{"rendered":"<p data-path-to-node=\"3\"><b data-path-to-node=\"3\" data-index-in-node=\"50\">Cicle Superior<\/b> va viure una jornada plena de m\u00fasica, moviment i descoberta cultural a Barcelona. La sortida, que combinava l\u2019art esc\u00e8nic amb el contacte amb la natura i la ciutat, va ser tot un \u00e8xit.<\/p>\n<p data-path-to-node=\"5\">A primera hora del mat\u00ed, ens vam dirigir al CaixaForum per gaudir de l&#8217;espectacle <b data-path-to-node=\"5\" data-index-in-node=\"78\">Upp &amp; Jazz<\/b>. No va ser un concert convencional! A trav\u00e9s d\u2019una posada en escena vibrant, els nostres alumnes van poder descobrir les arrels del jazz, la import\u00e0ncia de la improvisaci\u00f3 i la for\u00e7a del ritme.<\/p>\n<p data-path-to-node=\"6\">L\u2019energia dels m\u00fasics i la interacci\u00f3 amb el p\u00fablic ens van fer moure de la cadira. Va ser una oportunitat fant\u00e0stica per aprendre com la m\u00fasica pot transmetre tantes emocions i hist\u00f2ries sense necessitat de gaires paraules.<\/p>\n<p data-path-to-node=\"8\">Despr\u00e9s de l\u2019esclat d\u2019energia del teatre, vam aprofitar el bon temps per traslladar-nos a la muntanya de <b data-path-to-node=\"8\" data-index-in-node=\"105\">Montju\u00efc<\/b>. All\u00e0, vam gaudir d\u2019una passejada relaxada per un dels pulmons verds m\u00e9s emblem\u00e0tics de Barcelona.<\/p>\n<p data-path-to-node=\"9\">Entre rialles i converses sobre l\u2019espectacle, vam poder contemplar les vistes panor\u00e0miques de la ciutat i el port, descobrint alguns dels racons i jardins que fan d&#8217;aquest entorn un lloc privilegiat. Va ser el moment perfecte per compartir l&#8217;estona de dinar i enfortir els vincles entre els companys i companyes de cinqu\u00e8 i sis\u00e8.<\/p>\n<p><a href=\"https:\/\/agora.xtec.cat\/escolacanmassallera\/wp-content\/uploads\/usu39\/2026\/04\/IMG_7968.jpg\"><img loading=\"lazy\" decoding=\"async\" class=\"alignnone size-large wp-image-9260\" src=\"https:\/\/agora.xtec.cat\/escolacanmassallera\/wp-content\/uploads\/usu39\/2026\/04\/IMG_7968-1024x768.jpg\" alt=\"\" width=\"1024\" height=\"768\" srcset=\"https:\/\/agora.xtec.cat\/escolacanmassallera\/wp-content\/uploads\/usu39\/2026\/04\/IMG_7968-1024x768.jpg 1024w, https:\/\/agora.xtec.cat\/escolacanmassallera\/wp-content\/uploads\/usu39\/2026\/04\/IMG_7968-300x225.jpg 300w, https:\/\/agora.xtec.cat\/escolacanmassallera\/wp-content\/uploads\/usu39\/2026\/04\/IMG_7968-768x576.jpg 768w, https:\/\/agora.xtec.cat\/escolacanmassallera\/wp-content\/uploads\/usu39\/2026\/04\/IMG_7968.jpg 1080w\" sizes=\"auto, (max-width: 1024px) 100vw, 1024px\" \/><\/a><\/p>\n","protected":false},"excerpt":{"rendered":"<p>Cicle Superior va viure una jornada plena de m\u00fasica, moviment i descoberta cultural a Barcelona. La sortida, que combinava l\u2019art esc\u00e8nic amb el contacte amb la natura i la ciutat, va ser tot un \u00e8xit. A primera hora del mat\u00ed, ens vam dirigir al CaixaForum per gaudir de l&#8217;espectacle Upp &amp; Jazz. No va ser [&hellip;]<\/p>\n","protected":false},"author":16,"featured_media":0,"comment_status":"open","ping_status":"open","sticky":false,"template":"","format":"standard","meta":{"_bbp_topic_count":0,"_bbp_reply_count":0,"_bbp_total_topic_count":0,"_bbp_total_reply_count":0,"_bbp_voice_count":0,"_bbp_anonymous_reply_count":0,"_bbp_topic_count_hidden":0,"_bbp_reply_count_hidden":0,"_bbp_forum_subforum_count":0,"site-sidebar-layout":"default","site-content-layout":"","ast-site-content-layout":"default","site-content-style":"default","site-sidebar-style":"default","ast-global-header-display":"","ast-banner-title-visibility":"","ast-main-header-display":"","ast-hfb-above-header-display":"","ast-hfb-below-header-display":"","ast-hfb-mobile-header-display":"","site-post-title":"","ast-breadcrumbs-content":"","ast-featured-img":"","footer-sml-layout":"","theme-transparent-header-meta":"default","adv-header-id-meta":"","stick-header-meta":"","header-above-stick-meta":"","header-main-stick-meta":"","header-below-stick-meta":"","astra-migrate-meta-layouts":"set","ast-page-background-enabled":"default","ast-page-background-meta":{"desktop":{"background-color":"var(--ast-global-color-4)","background-image":"","background-repeat":"repeat","background-position":"center center","background-size":"auto","background-attachment":"scroll","background-type":"","background-media":"","overlay-type":"","overlay-color":"","overlay-opacity":"","overlay-gradient":""},"tablet":{"background-color":"","background-image":"","background-repeat":"repeat","background-position":"center center","background-size":"auto","background-attachment":"scroll","background-type":"","background-media":"","overlay-type":"","overlay-color":"","overlay-opacity":"","overlay-gradient":""},"mobile":{"background-color":"","background-image":"","background-repeat":"repeat","background-position":"center center","background-size":"auto","background-attachment":"scroll","background-type":"","background-media":"","overlay-type":"","overlay-color":"","overlay-opacity":"","overlay-gradient":""}},"ast-content-background-meta":{"desktop":{"background-color":"var(--ast-global-color-5)","background-image":"","background-repeat":"repeat","background-position":"center center","background-size":"auto","background-attachment":"scroll","background-type":"","background-media":"","overlay-type":"","overlay-color":"","overlay-opacity":"","overlay-gradient":""},"tablet":{"background-color":"var(--ast-global-color-5)","background-image":"","background-repeat":"repeat","background-position":"center center","background-size":"auto","background-attachment":"scroll","background-type":"","background-media":"","overlay-type":"","overlay-color":"","overlay-opacity":"","overlay-gradient":""},"mobile":{"background-color":"var(--ast-global-color-5)","background-image":"","background-repeat":"repeat","background-position":"center center","background-size":"auto","background-attachment":"scroll","background-type":"","background-media":"","overlay-type":"","overlay-color":"","overlay-opacity":"","overlay-gradient":""}},"footnotes":""},"categories":[14,15,1,91,4,5],"tags":[177,246,619,639,538,69,16],"class_list":["post-9259","post","type-post","status-publish","format-standard","hentry","category-5e","category-6e","category-general","category-musica","category-portada","category-primaria","tag-5e","tag-6e","tag-ciclesuperior","tag-espectacle","tag-jazz","tag-musica","tag-sortides"],"post_mailing_queue_ids":[],"_links":{"self":[{"href":"https:\/\/agora.xtec.cat\/escolacanmassallera\/wp-json\/wp\/v2\/posts\/9259","targetHints":{"allow":["GET"]}}],"collection":[{"href":"https:\/\/agora.xtec.cat\/escolacanmassallera\/wp-json\/wp\/v2\/posts"}],"about":[{"href":"https:\/\/agora.xtec.cat\/escolacanmassallera\/wp-json\/wp\/v2\/types\/post"}],"author":[{"embeddable":true,"href":"https:\/\/agora.xtec.cat\/escolacanmassallera\/wp-json\/wp\/v2\/users\/16"}],"replies":[{"embeddable":true,"href":"https:\/\/agora.xtec.cat\/escolacanmassallera\/wp-json\/wp\/v2\/comments?post=9259"}],"version-history":[{"count":1,"href":"https:\/\/agora.xtec.cat\/escolacanmassallera\/wp-json\/wp\/v2\/posts\/9259\/revisions"}],"predecessor-version":[{"id":9261,"href":"https:\/\/agora.xtec.cat\/escolacanmassallera\/wp-json\/wp\/v2\/posts\/9259\/revisions\/9261"}],"wp:attachment":[{"href":"https:\/\/agora.xtec.cat\/escolacanmassallera\/wp-json\/wp\/v2\/media?parent=9259"}],"wp:term":[{"taxonomy":"category","embeddable":true,"href":"https:\/\/agora.xtec.cat\/escolacanmassallera\/wp-json\/wp\/v2\/categories?post=9259"},{"taxonomy":"post_tag","embeddable":true,"href":"https:\/\/agora.xtec.cat\/escolacanmassallera\/wp-json\/wp\/v2\/tags?post=9259"}],"curies":[{"name":"wp","href":"https:\/\/api.w.org\/{rel}","templated":true}]}}