{"id":9244,"date":"2026-04-13T10:55:34","date_gmt":"2026-04-13T08:55:34","guid":{"rendered":"https:\/\/agora.xtec.cat\/escolacanmassallera\/?p=9244"},"modified":"2026-04-13T10:55:34","modified_gmt":"2026-04-13T08:55:34","slug":"trobada-de-jocs-populars-del-baix-llobregat","status":"publish","type":"post","link":"https:\/\/agora.xtec.cat\/escolacanmassallera\/portada\/trobada-de-jocs-populars-del-baix-llobregat\/","title":{"rendered":"Trobada de Jocs Populars del Baix Llobregat"},"content":{"rendered":"<p data-start=\"963\" data-end=\"1154\">El passat 10 d\u2019abril, els nens i nenes de Cicle Mitj\u00e0, vam anar a Sant Feliu de Llobregat on es va dur a terme la XIV Trobada de Jocs Populars, amb la participaci\u00f3 de prop de 300 alumnes de 3r i 4t de prim\u00e0ria de diferents escoles de la comarca.<\/p>\n<p data-start=\"1156\" data-end=\"1406\">Durant la jornada, els nens i nenes van participar en activitats tradicionals com la petanca, la xarranca, la cursa de sacs i el joc del mocador. Els participants, organitzats en equips mixtos, van anar passant per diferents proves al llarg del mat\u00ed.<\/p>\n<p data-start=\"1408\" data-end=\"1684\">L\u2019objectiu principal de la trobada va ser fomentar la diversi\u00f3, el treball en equip i la conviv\u00e8ncia entre alumnes de diferents centres.<\/p>\n<p data-start=\"1408\" data-end=\"1684\">Vam gaudir molt!<a href=\"https:\/\/agora.xtec.cat\/escolacanmassallera\/wp-content\/uploads\/usu39\/2026\/04\/IMG_2598.jpg\"><img loading=\"lazy\" decoding=\"async\" class=\" wp-image-9245 aligncenter\" src=\"https:\/\/agora.xtec.cat\/escolacanmassallera\/wp-content\/uploads\/usu39\/2026\/04\/IMG_2598-768x1024.jpg\" alt=\"\" width=\"509\" height=\"679\" srcset=\"https:\/\/agora.xtec.cat\/escolacanmassallera\/wp-content\/uploads\/usu39\/2026\/04\/IMG_2598-768x1024.jpg 768w, https:\/\/agora.xtec.cat\/escolacanmassallera\/wp-content\/uploads\/usu39\/2026\/04\/IMG_2598-225x300.jpg 225w, https:\/\/agora.xtec.cat\/escolacanmassallera\/wp-content\/uploads\/usu39\/2026\/04\/IMG_2598.jpg 1024w\" sizes=\"auto, (max-width: 509px) 100vw, 509px\" \/><\/a><\/p>\n","protected":false},"excerpt":{"rendered":"<p>El passat 10 d\u2019abril, els nens i nenes de Cicle Mitj\u00e0, vam anar a Sant Feliu de Llobregat on es va dur a terme la XIV Trobada de Jocs Populars, amb la participaci\u00f3 de prop de 300 alumnes de 3r i 4t de prim\u00e0ria de diferents escoles de la comarca. Durant la jornada, els nens [&hellip;]<\/p>\n","protected":false},"author":57,"featured_media":0,"comment_status":"open","ping_status":"open","sticky":false,"template":"","format":"standard","meta":{"_bbp_topic_count":0,"_bbp_reply_count":0,"_bbp_total_topic_count":0,"_bbp_total_reply_count":0,"_bbp_voice_count":0,"_bbp_anonymous_reply_count":0,"_bbp_topic_count_hidden":0,"_bbp_reply_count_hidden":0,"_bbp_forum_subforum_count":0,"site-sidebar-layout":"default","site-content-layout":"","ast-site-content-layout":"default","site-content-style":"default","site-sidebar-style":"default","ast-global-header-display":"","ast-banner-title-visibility":"","ast-main-header-display":"","ast-hfb-above-header-display":"","ast-hfb-below-header-display":"","ast-hfb-mobile-header-display":"","site-post-title":"","ast-breadcrumbs-content":"","ast-featured-img":"","footer-sml-layout":"","theme-transparent-header-meta":"default","adv-header-id-meta":"","stick-header-meta":"","header-above-stick-meta":"","header-main-stick-meta":"","header-below-stick-meta":"","astra-migrate-meta-layouts":"set","ast-page-background-enabled":"default","ast-page-background-meta":{"desktop":{"background-color":"var(--ast-global-color-4)","background-image":"","background-repeat":"repeat","background-position":"center center","background-size":"auto","background-attachment":"scroll","background-type":"","background-media":"","overlay-type":"","overlay-color":"","overlay-opacity":"","overlay-gradient":""},"tablet":{"background-color":"","background-image":"","background-repeat":"repeat","background-position":"center center","background-size":"auto","background-attachment":"scroll","background-type":"","background-media":"","overlay-type":"","overlay-color":"","overlay-opacity":"","overlay-gradient":""},"mobile":{"background-color":"","background-image":"","background-repeat":"repeat","background-position":"center center","background-size":"auto","background-attachment":"scroll","background-type":"","background-media":"","overlay-type":"","overlay-color":"","overlay-opacity":"","overlay-gradient":""}},"ast-content-background-meta":{"desktop":{"background-color":"var(--ast-global-color-5)","background-image":"","background-repeat":"repeat","background-position":"center center","background-size":"auto","background-attachment":"scroll","background-type":"","background-media":"","overlay-type":"","overlay-color":"","overlay-opacity":"","overlay-gradient":""},"tablet":{"background-color":"var(--ast-global-color-5)","background-image":"","background-repeat":"repeat","background-position":"center center","background-size":"auto","background-attachment":"scroll","background-type":"","background-media":"","overlay-type":"","overlay-color":"","overlay-opacity":"","overlay-gradient":""},"mobile":{"background-color":"var(--ast-global-color-5)","background-image":"","background-repeat":"repeat","background-position":"center center","background-size":"auto","background-attachment":"scroll","background-type":"","background-media":"","overlay-type":"","overlay-color":"","overlay-opacity":"","overlay-gradient":""}},"footnotes":""},"categories":[4],"tags":[192,203,259,55,72,16],"class_list":["post-9244","post","type-post","status-publish","format-standard","hentry","category-portada","tag-3r","tag-4t","tag-cm","tag-noticia","tag-primaria","tag-sortides"],"post_mailing_queue_ids":[],"_links":{"self":[{"href":"https:\/\/agora.xtec.cat\/escolacanmassallera\/wp-json\/wp\/v2\/posts\/9244","targetHints":{"allow":["GET"]}}],"collection":[{"href":"https:\/\/agora.xtec.cat\/escolacanmassallera\/wp-json\/wp\/v2\/posts"}],"about":[{"href":"https:\/\/agora.xtec.cat\/escolacanmassallera\/wp-json\/wp\/v2\/types\/post"}],"author":[{"embeddable":true,"href":"https:\/\/agora.xtec.cat\/escolacanmassallera\/wp-json\/wp\/v2\/users\/57"}],"replies":[{"embeddable":true,"href":"https:\/\/agora.xtec.cat\/escolacanmassallera\/wp-json\/wp\/v2\/comments?post=9244"}],"version-history":[{"count":1,"href":"https:\/\/agora.xtec.cat\/escolacanmassallera\/wp-json\/wp\/v2\/posts\/9244\/revisions"}],"predecessor-version":[{"id":9247,"href":"https:\/\/agora.xtec.cat\/escolacanmassallera\/wp-json\/wp\/v2\/posts\/9244\/revisions\/9247"}],"wp:attachment":[{"href":"https:\/\/agora.xtec.cat\/escolacanmassallera\/wp-json\/wp\/v2\/media?parent=9244"}],"wp:term":[{"taxonomy":"category","embeddable":true,"href":"https:\/\/agora.xtec.cat\/escolacanmassallera\/wp-json\/wp\/v2\/categories?post=9244"},{"taxonomy":"post_tag","embeddable":true,"href":"https:\/\/agora.xtec.cat\/escolacanmassallera\/wp-json\/wp\/v2\/tags?post=9244"}],"curies":[{"name":"wp","href":"https:\/\/api.w.org\/{rel}","templated":true}]}}