{"id":7921,"date":"2016-02-26T12:04:37","date_gmt":"2016-02-26T10:04:37","guid":{"rendered":"http:\/\/escolacanfabra.cat\/?p=7921"},"modified":"2016-02-26T12:04:37","modified_gmt":"2016-02-26T10:04:37","slug":"una-xerrada-sobre-els-sords","status":"publish","type":"post","link":"https:\/\/agora.xtec.cat\/escolacanfabra\/nascuts-2006\/una-xerrada-sobre-els-sords\/","title":{"rendered":"UNA XERRADA SOBRE ELS SORDS I ELS DECIBELS"},"content":{"rendered":"<p>Una mare de la classe dels artistes ens va explicar com s&#8217;ense\u00f1a a parlar als nens i nenes sords.<br \/>\nPer comencar ens va explicar, m\u00e9s o menys, com sentiria un sord a dos metres de llergada (posant-nos uns auriculars).<br \/>\nTamb\u00e9 ens va dir que un sord comen\u00e7ava a sentir dels 150 Db.<br \/>\nI per finalitzar ens va ensenyar i explicar que eren els decibels.<\/p>\n<div id='gallery-1' class='gallery galleryid-7921 gallery-columns-3 gallery-size-thumbnail'><figure class='gallery-item'>\n\t\t\t<div class='gallery-icon landscape'>\n\t\t\t\t<a href='https:\/\/agora.xtec.cat\/escolacanfabra\/20160222_095128\/'><img loading=\"lazy\" decoding=\"async\" width=\"150\" height=\"150\" src=\"https:\/\/agora.xtec.cat\/escolacanfabra\/wp-content\/uploads\/usu1954\/2016\/02\/20160222_095128-150x150.jpg\" class=\"attachment-thumbnail size-thumbnail\" alt=\"\" \/><\/a>\n\t\t\t<\/div><\/figure><figure class='gallery-item'>\n\t\t\t<div class='gallery-icon landscape'>\n\t\t\t\t<a href='https:\/\/agora.xtec.cat\/escolacanfabra\/20160222_094936\/'><img loading=\"lazy\" decoding=\"async\" width=\"150\" height=\"150\" src=\"https:\/\/agora.xtec.cat\/escolacanfabra\/wp-content\/uploads\/usu1954\/2016\/02\/20160222_094936-150x150.jpg\" class=\"attachment-thumbnail size-thumbnail\" alt=\"\" \/><\/a>\n\t\t\t<\/div><\/figure><figure class='gallery-item'>\n\t\t\t<div class='gallery-icon landscape'>\n\t\t\t\t<a href='https:\/\/agora.xtec.cat\/escolacanfabra\/20160222_094623\/'><img loading=\"lazy\" decoding=\"async\" width=\"150\" height=\"150\" src=\"https:\/\/agora.xtec.cat\/escolacanfabra\/wp-content\/uploads\/usu1954\/2016\/02\/20160222_094623-150x150.jpg\" class=\"attachment-thumbnail size-thumbnail\" alt=\"\" \/><\/a>\n\t\t\t<\/div><\/figure><figure class='gallery-item'>\n\t\t\t<div class='gallery-icon landscape'>\n\t\t\t\t<a href='https:\/\/agora.xtec.cat\/escolacanfabra\/20160222_092634\/'><img loading=\"lazy\" decoding=\"async\" width=\"150\" height=\"150\" src=\"https:\/\/agora.xtec.cat\/escolacanfabra\/wp-content\/uploads\/usu1954\/2016\/02\/20160222_092634-150x150.jpg\" class=\"attachment-thumbnail size-thumbnail\" alt=\"\" \/><\/a>\n\t\t\t<\/div><\/figure><figure class='gallery-item'>\n\t\t\t<div class='gallery-icon landscape'>\n\t\t\t\t<a href='https:\/\/agora.xtec.cat\/escolacanfabra\/20160222_092515\/'><img loading=\"lazy\" decoding=\"async\" width=\"150\" height=\"150\" src=\"https:\/\/agora.xtec.cat\/escolacanfabra\/wp-content\/uploads\/usu1954\/2016\/02\/20160222_092515-150x150.jpg\" class=\"attachment-thumbnail size-thumbnail\" alt=\"\" \/><\/a>\n\t\t\t<\/div><\/figure><figure class='gallery-item'>\n\t\t\t<div class='gallery-icon landscape'>\n\t\t\t\t<a href='https:\/\/agora.xtec.cat\/escolacanfabra\/20160222_091328\/'><img loading=\"lazy\" decoding=\"async\" width=\"150\" height=\"150\" src=\"https:\/\/agora.xtec.cat\/escolacanfabra\/wp-content\/uploads\/usu1954\/2016\/02\/20160222_091328-150x150.jpg\" class=\"attachment-thumbnail size-thumbnail\" alt=\"\" \/><\/a>\n\t\t\t<\/div><\/figure>\n\t\t<\/div>\n\n<p>I com es propaga el so per dins de l&#8217;o\u00efda.<\/p>\n","protected":false},"excerpt":{"rendered":"<p>Una mare de la classe dels artistes ens va explicar com s&#8217;ense\u00f1a a parlar als nens i nenes sords. Per comencar ens va explicar, m\u00e9s o menys, com sentiria un sord a dos metres de llergada (posant-nos uns auriculars). Tamb\u00e9 ens va dir que un sord comen\u00e7ava a sentir dels 150 Db. I per finalitzar [&hellip;]<\/p>\n","protected":false},"author":3,"featured_media":0,"comment_status":"open","ping_status":"open","sticky":false,"template":"","format":"standard","meta":{"_bbp_topic_count":0,"_bbp_reply_count":0,"_bbp_total_topic_count":0,"_bbp_total_reply_count":0,"_bbp_voice_count":0,"_bbp_anonymous_reply_count":0,"_bbp_topic_count_hidden":0,"_bbp_reply_count_hidden":0,"_bbp_forum_subforum_count":0,"site-sidebar-layout":"default","site-content-layout":"","ast-site-content-layout":"","site-content-style":"default","site-sidebar-style":"default","ast-global-header-display":"","ast-banner-title-visibility":"","ast-main-header-display":"","ast-hfb-above-header-display":"","ast-hfb-below-header-display":"","ast-hfb-mobile-header-display":"","site-post-title":"","ast-breadcrumbs-content":"","ast-featured-img":"","footer-sml-layout":"","theme-transparent-header-meta":"","adv-header-id-meta":"","stick-header-meta":"","header-above-stick-meta":"","header-main-stick-meta":"","header-below-stick-meta":"","astra-migrate-meta-layouts":"default","ast-page-background-enabled":"default","ast-page-background-meta":{"desktop":{"background-color":"var(--ast-global-color-5)","background-image":"","background-repeat":"repeat","background-position":"center center","background-size":"auto","background-attachment":"scroll","background-type":"","background-media":"","overlay-type":"","overlay-color":"","overlay-opacity":"","overlay-gradient":""},"tablet":{"background-color":"","background-image":"","background-repeat":"repeat","background-position":"center center","background-size":"auto","background-attachment":"scroll","background-type":"","background-media":"","overlay-type":"","overlay-color":"","overlay-opacity":"","overlay-gradient":""},"mobile":{"background-color":"","background-image":"","background-repeat":"repeat","background-position":"center center","background-size":"auto","background-attachment":"scroll","background-type":"","background-media":"","overlay-type":"","overlay-color":"","overlay-opacity":"","overlay-gradient":""}},"ast-content-background-meta":{"desktop":{"background-color":"var(--ast-global-color-4)","background-image":"","background-repeat":"repeat","background-position":"center center","background-size":"auto","background-attachment":"scroll","background-type":"","background-media":"","overlay-type":"","overlay-color":"","overlay-opacity":"","overlay-gradient":""},"tablet":{"background-color":"var(--ast-global-color-4)","background-image":"","background-repeat":"repeat","background-position":"center center","background-size":"auto","background-attachment":"scroll","background-type":"","background-media":"","overlay-type":"","overlay-color":"","overlay-opacity":"","overlay-gradient":""},"mobile":{"background-color":"var(--ast-global-color-4)","background-image":"","background-repeat":"repeat","background-position":"center center","background-size":"auto","background-attachment":"scroll","background-type":"","background-media":"","overlay-type":"","overlay-color":"","overlay-opacity":"","overlay-gradient":""}},"footnotes":""},"categories":[65],"tags":[],"class_list":["post-7921","post","type-post","status-publish","format-standard","hentry","category-nascuts-2006"],"post_mailing_queue_ids":[],"_links":{"self":[{"href":"https:\/\/agora.xtec.cat\/escolacanfabra\/wp-json\/wp\/v2\/posts\/7921","targetHints":{"allow":["GET"]}}],"collection":[{"href":"https:\/\/agora.xtec.cat\/escolacanfabra\/wp-json\/wp\/v2\/posts"}],"about":[{"href":"https:\/\/agora.xtec.cat\/escolacanfabra\/wp-json\/wp\/v2\/types\/post"}],"author":[{"embeddable":true,"href":"https:\/\/agora.xtec.cat\/escolacanfabra\/wp-json\/wp\/v2\/users\/3"}],"replies":[{"embeddable":true,"href":"https:\/\/agora.xtec.cat\/escolacanfabra\/wp-json\/wp\/v2\/comments?post=7921"}],"version-history":[{"count":0,"href":"https:\/\/agora.xtec.cat\/escolacanfabra\/wp-json\/wp\/v2\/posts\/7921\/revisions"}],"wp:attachment":[{"href":"https:\/\/agora.xtec.cat\/escolacanfabra\/wp-json\/wp\/v2\/media?parent=7921"}],"wp:term":[{"taxonomy":"category","embeddable":true,"href":"https:\/\/agora.xtec.cat\/escolacanfabra\/wp-json\/wp\/v2\/categories?post=7921"},{"taxonomy":"post_tag","embeddable":true,"href":"https:\/\/agora.xtec.cat\/escolacanfabra\/wp-json\/wp\/v2\/tags?post=7921"}],"curies":[{"name":"wp","href":"https:\/\/api.w.org\/{rel}","templated":true}]}}