{"id":550,"date":"2018-11-23T15:51:26","date_gmt":"2018-11-23T14:51:26","guid":{"rendered":"https:\/\/agora.xtec.cat\/escolacanfabra\/?p=550"},"modified":"2018-12-05T16:06:42","modified_gmt":"2018-12-05T15:06:42","slug":"celebrem-la-diada-de-la-musica","status":"publish","type":"post","link":"https:\/\/agora.xtec.cat\/escolacanfabra\/infantil\/celebrem-la-diada-de-la-musica\/","title":{"rendered":"Celebrem la Diada de la M\u00fasica"},"content":{"rendered":"<h2>Exposici\u00f3 d\u00b4Instruments Creatius<\/h2>\n<p style=\"font-family: 'Helvetica Neue', Helvetica, Helvetica, Arial, sans-serif; font-size: 16px;\"><img loading=\"lazy\" decoding=\"async\" class=\"alignleft wp-image-551 size-medium\" src=\"https:\/\/agora.xtec.cat\/escolacanfabra\/wp-content\/uploads\/usu1954\/2018\/12\/dia_musica-300x169.jpg\" alt=\"Dia de la m\u00fasica\" width=\"300\" height=\"169\" srcset=\"https:\/\/agora.xtec.cat\/escolacanfabra\/wp-content\/uploads\/usu1954\/2018\/12\/dia_musica-300x169.jpg 300w, https:\/\/agora.xtec.cat\/escolacanfabra\/wp-content\/uploads\/usu1954\/2018\/12\/dia_musica-768x433.jpg 768w, https:\/\/agora.xtec.cat\/escolacanfabra\/wp-content\/uploads\/usu1954\/2018\/12\/dia_musica.jpg 1000w\" sizes=\"auto, (max-width: 300px) 100vw, 300px\" \/><\/p>\n<p>Comen\u00e7a<span style=\"font-family: inherit; font-size: 1em;\">\u00a0la setmana en la qual celebrem la <\/span><strong style=\"font-family: inherit; font-size: 1em;\">Diada de la M\u00fasica,<\/strong><span style=\"font-family: inherit; font-size: 1em;\"> i aquest any ho fem amb una fant\u00e0stica exposici\u00f3 d\u00b4\u201dInstruments Musicals Creatius\u201d que els infants i les seves fam\u00edlie<\/span><span style=\"font-family: inherit; font-size: 1em;\">s han confegit amb material reciclat. Aquests instruments han estat creat amb molta il\u00b7lusi\u00f3 i tones de creativitat.<\/span><\/p>\n<p>Els instruments estaran exposats fins al pr\u00f2xim divendres 23 de novembre a l\u00b4entrada de l\u00b4escola, us animem a participar-hi i a gaudir de les creacions de grans i petits.<\/p>\n","protected":false},"excerpt":{"rendered":"<p>Exposici\u00f3 d\u00b4Instruments Creatius Comen\u00e7a\u00a0la setmana en la qual celebrem la Diada de la M\u00fasica, i aquest any ho fem amb una fant\u00e0stica exposici\u00f3 d\u00b4\u201dInstruments Musicals Creatius\u201d que els infants i les seves fam\u00edlies han confegit amb material reciclat. Aquests instruments han estat creat amb molta il\u00b7lusi\u00f3 i tones de creativitat. Els instruments estaran exposats fins [&hellip;]<\/p>\n","protected":false},"author":1,"featured_media":0,"comment_status":"open","ping_status":"closed","sticky":false,"template":"","format":"standard","meta":{"_bbp_topic_count":0,"_bbp_reply_count":0,"_bbp_total_topic_count":0,"_bbp_total_reply_count":0,"_bbp_voice_count":0,"_bbp_anonymous_reply_count":0,"_bbp_topic_count_hidden":0,"_bbp_reply_count_hidden":0,"_bbp_forum_subforum_count":0,"site-sidebar-layout":"default","site-content-layout":"","ast-site-content-layout":"","site-content-style":"default","site-sidebar-style":"default","ast-global-header-display":"","ast-banner-title-visibility":"","ast-main-header-display":"","ast-hfb-above-header-display":"","ast-hfb-below-header-display":"","ast-hfb-mobile-header-display":"","site-post-title":"","ast-breadcrumbs-content":"","ast-featured-img":"","footer-sml-layout":"","theme-transparent-header-meta":"","adv-header-id-meta":"","stick-header-meta":"","header-above-stick-meta":"","header-main-stick-meta":"","header-below-stick-meta":"","astra-migrate-meta-layouts":"default","ast-page-background-enabled":"default","ast-page-background-meta":{"desktop":{"background-color":"var(--ast-global-color-5)","background-image":"","background-repeat":"repeat","background-position":"center center","background-size":"auto","background-attachment":"scroll","background-type":"","background-media":"","overlay-type":"","overlay-color":"","overlay-opacity":"","overlay-gradient":""},"tablet":{"background-color":"","background-image":"","background-repeat":"repeat","background-position":"center center","background-size":"auto","background-attachment":"scroll","background-type":"","background-media":"","overlay-type":"","overlay-color":"","overlay-opacity":"","overlay-gradient":""},"mobile":{"background-color":"","background-image":"","background-repeat":"repeat","background-position":"center center","background-size":"auto","background-attachment":"scroll","background-type":"","background-media":"","overlay-type":"","overlay-color":"","overlay-opacity":"","overlay-gradient":""}},"ast-content-background-meta":{"desktop":{"background-color":"var(--ast-global-color-4)","background-image":"","background-repeat":"repeat","background-position":"center center","background-size":"auto","background-attachment":"scroll","background-type":"","background-media":"","overlay-type":"","overlay-color":"","overlay-opacity":"","overlay-gradient":""},"tablet":{"background-color":"var(--ast-global-color-4)","background-image":"","background-repeat":"repeat","background-position":"center center","background-size":"auto","background-attachment":"scroll","background-type":"","background-media":"","overlay-type":"","overlay-color":"","overlay-opacity":"","overlay-gradient":""},"mobile":{"background-color":"var(--ast-global-color-4)","background-image":"","background-repeat":"repeat","background-position":"center center","background-size":"auto","background-attachment":"scroll","background-type":"","background-media":"","overlay-type":"","overlay-color":"","overlay-opacity":"","overlay-gradient":""}},"footnotes":""},"categories":[2],"tags":[59],"class_list":["post-550","post","type-post","status-publish","format-standard","hentry","category-infantil","tag-musica"],"post_mailing_queue_ids":[],"_links":{"self":[{"href":"https:\/\/agora.xtec.cat\/escolacanfabra\/wp-json\/wp\/v2\/posts\/550","targetHints":{"allow":["GET"]}}],"collection":[{"href":"https:\/\/agora.xtec.cat\/escolacanfabra\/wp-json\/wp\/v2\/posts"}],"about":[{"href":"https:\/\/agora.xtec.cat\/escolacanfabra\/wp-json\/wp\/v2\/types\/post"}],"author":[{"embeddable":true,"href":"https:\/\/agora.xtec.cat\/escolacanfabra\/wp-json\/wp\/v2\/users\/1"}],"replies":[{"embeddable":true,"href":"https:\/\/agora.xtec.cat\/escolacanfabra\/wp-json\/wp\/v2\/comments?post=550"}],"version-history":[{"count":1,"href":"https:\/\/agora.xtec.cat\/escolacanfabra\/wp-json\/wp\/v2\/posts\/550\/revisions"}],"predecessor-version":[{"id":552,"href":"https:\/\/agora.xtec.cat\/escolacanfabra\/wp-json\/wp\/v2\/posts\/550\/revisions\/552"}],"wp:attachment":[{"href":"https:\/\/agora.xtec.cat\/escolacanfabra\/wp-json\/wp\/v2\/media?parent=550"}],"wp:term":[{"taxonomy":"category","embeddable":true,"href":"https:\/\/agora.xtec.cat\/escolacanfabra\/wp-json\/wp\/v2\/categories?post=550"},{"taxonomy":"post_tag","embeddable":true,"href":"https:\/\/agora.xtec.cat\/escolacanfabra\/wp-json\/wp\/v2\/tags?post=550"}],"curies":[{"name":"wp","href":"https:\/\/api.w.org\/{rel}","templated":true}]}}