{"id":5141,"date":"2015-10-05T12:50:04","date_gmt":"2015-10-05T10:50:04","guid":{"rendered":"http:\/\/escolacanfabra.cat\/?p=5141"},"modified":"2015-10-05T12:50:04","modified_gmt":"2015-10-05T10:50:04","slug":"la-construccio-es-ja-una-realitat","status":"publish","type":"post","link":"https:\/\/agora.xtec.cat\/escolacanfabra\/general\/la-construccio-es-ja-una-realitat\/","title":{"rendered":"La construcci\u00f3 \u00e9s ja una realitat!"},"content":{"rendered":"<h3><strong>LA CONSTRUCCI\u00d3 DE LA NOSTRA ESCOLA JA \u00c9S UN FET REAL!!!<img loading=\"lazy\" decoding=\"async\" class=\"aligncenter size-full wp-image-3128\" src=\"https:\/\/agora.xtec.cat\/escolacanfabra\/wp-content\/uploads\/usu1954\/2015\/03\/IMG_3950.jpg\" alt=\"IMG_3950\" width=\"1000\" height=\"750\" srcset=\"https:\/\/agora.xtec.cat\/escolacanfabra\/wp-content\/uploads\/usu1954\/2015\/03\/IMG_3950.jpg 1000w, https:\/\/agora.xtec.cat\/escolacanfabra\/wp-content\/uploads\/usu1954\/2015\/03\/IMG_3950-300x225.jpg 300w, https:\/\/agora.xtec.cat\/escolacanfabra\/wp-content\/uploads\/usu1954\/2015\/03\/IMG_3950-768x576.jpg 768w, https:\/\/agora.xtec.cat\/escolacanfabra\/wp-content\/uploads\/usu1954\/2015\/03\/IMG_3950-200x150.jpg 200w\" sizes=\"auto, (max-width: 1000px) 100vw, 1000px\" \/><\/strong><\/h3>\n<p>Semblava que no arribaria mai, per\u00f2 la construcci\u00f3 del nou edifici \u00a0\u00e9s ja una realitat. El dia 19 de mar\u00e7 van comen\u00e7ar les obres amb la modificaci\u00f3 de l\u2019orientaci\u00f3 de les escales del pati d\u2019infantil i el dia 23 de mar\u00e7 es va delimitar el per\u00edmetre del recinte de l\u2019obra.<\/p>\n<p>\u00c9s una gran not\u00edcia per\u00f2, com tot a la vida, hi ha una part trista. Nens, nenes i mestres hem anat veient com el nostre primer pati, l\u2019hortet i els arbres fruiters \u00a0anaven desapareixent.<\/p>\n<div class=\"tiled-gallery type-circle\" data-original-width=\"500\" data-carousel-extra=\"{&quot;blog_id&quot;:1,&quot;permalink&quot;:&quot;http:\\\/\\\/escolacanfabra.cat\\\/diari-dobres\\\/&quot;,&quot;likes_blog_id&quot;:84306667}\">\n<div class=\"gallery-row\" data-original-width=\"500\" data-original-height=\"500\">\n<div class=\"gallery-group\" data-original-width=\"500\" data-original-height=\"500\">\n<div class=\"tiled-gallery-item\"><a href=\"http:\/\/escolacanfabra.cat\/diari-dobres\/img_3951\/\"><img decoding=\"async\" title=\"IMG_3951\" src=\"http:\/\/i1.wp.com\/escolacanfabra.cat\/wp-content\/uploads\/2015\/03\/IMG_3951.jpg?resize=496%2C496\" alt=\"\" data-attachment-id=\"3137\" data-orig-file=\"https:\/\/agora.xtec.cat\/escolacanfabra\/wp-content\/uploads\/usu1954\/2015\/03\/IMG_3951.jpg\" data-orig-size=\"1000,750\" data-comments-opened=\"1\" data-image-meta=\"{&quot;aperture&quot;:&quot;0&quot;,&quot;credit&quot;:&quot;&quot;,&quot;camera&quot;:&quot;&quot;,&quot;caption&quot;:&quot;&quot;,&quot;created_timestamp&quot;:&quot;0&quot;,&quot;copyright&quot;:&quot;&quot;,&quot;focal_length&quot;:&quot;0&quot;,&quot;iso&quot;:&quot;0&quot;,&quot;shutter_speed&quot;:&quot;0&quot;,&quot;title&quot;:&quot;&quot;,&quot;orientation&quot;:&quot;0&quot;}\" data-image-title=\"IMG_3951\" data-image-description=\"\" data-medium-file=\"http:\/\/escolacanfabra.cat\/wp-content\/uploads\/2015\/03\/IMG_3951-600x450.jpg\" data-large-file=\"https:\/\/agora.xtec.cat\/escolacanfabra\/wp-content\/uploads\/usu1954\/2015\/03\/IMG_3951.jpg\" data-original-width=\"496\" data-original-height=\"496\" data-recalc-dims=\"1\" \/><\/a><\/div>\n<\/div>\n<\/div>\n<div class=\"gallery-row\" data-original-width=\"500\" data-original-height=\"166\">\n<div class=\"gallery-group\" data-original-width=\"166\" data-original-height=\"166\">\n<div class=\"tiled-gallery-item\"><a href=\"http:\/\/escolacanfabra.cat\/diari-dobres\/img_3933\/\"><img decoding=\"async\" title=\"IMG_3933\" src=\"http:\/\/i1.wp.com\/escolacanfabra.cat\/wp-content\/uploads\/2015\/03\/IMG_3933.jpg?resize=162%2C162\" alt=\"\" data-attachment-id=\"3132\" data-orig-file=\"https:\/\/agora.xtec.cat\/escolacanfabra\/wp-content\/uploads\/usu1954\/2015\/03\/IMG_3933.jpg\" data-orig-size=\"1000,750\" data-comments-opened=\"1\" data-image-meta=\"{&quot;aperture&quot;:&quot;0&quot;,&quot;credit&quot;:&quot;&quot;,&quot;camera&quot;:&quot;&quot;,&quot;caption&quot;:&quot;&quot;,&quot;created_timestamp&quot;:&quot;0&quot;,&quot;copyright&quot;:&quot;&quot;,&quot;focal_length&quot;:&quot;0&quot;,&quot;iso&quot;:&quot;0&quot;,&quot;shutter_speed&quot;:&quot;0&quot;,&quot;title&quot;:&quot;&quot;,&quot;orientation&quot;:&quot;0&quot;}\" data-image-title=\"IMG_3933\" data-image-description=\"\" data-medium-file=\"http:\/\/escolacanfabra.cat\/wp-content\/uploads\/2015\/03\/IMG_3933-600x450.jpg\" data-large-file=\"https:\/\/agora.xtec.cat\/escolacanfabra\/wp-content\/uploads\/usu1954\/2015\/03\/IMG_3933.jpg\" data-original-width=\"162\" data-original-height=\"162\" data-recalc-dims=\"1\" \/><\/a><\/div>\n<\/div>\n<div class=\"gallery-group\" data-original-width=\"166\" data-original-height=\"166\">\n<div class=\"tiled-gallery-item\"><a href=\"http:\/\/escolacanfabra.cat\/diari-dobres\/img_3931\/\"><img decoding=\"async\" title=\"IMG_3931\" src=\"http:\/\/i1.wp.com\/escolacanfabra.cat\/wp-content\/uploads\/2015\/03\/IMG_3931.jpg?resize=162%2C162\" alt=\"\" data-attachment-id=\"3131\" data-orig-file=\"https:\/\/agora.xtec.cat\/escolacanfabra\/wp-content\/uploads\/usu1954\/2015\/03\/IMG_3931.jpg\" data-orig-size=\"1000,750\" data-comments-opened=\"1\" data-image-meta=\"{&quot;aperture&quot;:&quot;0&quot;,&quot;credit&quot;:&quot;&quot;,&quot;camera&quot;:&quot;&quot;,&quot;caption&quot;:&quot;&quot;,&quot;created_timestamp&quot;:&quot;0&quot;,&quot;copyright&quot;:&quot;&quot;,&quot;focal_length&quot;:&quot;0&quot;,&quot;iso&quot;:&quot;0&quot;,&quot;shutter_speed&quot;:&quot;0&quot;,&quot;title&quot;:&quot;&quot;,&quot;orientation&quot;:&quot;0&quot;}\" data-image-title=\"IMG_3931\" data-image-description=\"\" data-medium-file=\"http:\/\/escolacanfabra.cat\/wp-content\/uploads\/2015\/03\/IMG_3931-600x450.jpg\" data-large-file=\"https:\/\/agora.xtec.cat\/escolacanfabra\/wp-content\/uploads\/usu1954\/2015\/03\/IMG_3931.jpg\" data-original-width=\"162\" data-original-height=\"162\" data-recalc-dims=\"1\" \/><\/a><\/div>\n<\/div>\n<div class=\"gallery-group\" data-original-width=\"166\" data-original-height=\"166\">\n<div class=\"tiled-gallery-item\"><a href=\"http:\/\/escolacanfabra.cat\/diari-dobres\/img_3936\/\"><img decoding=\"async\" title=\"IMG_3936\" src=\"http:\/\/i1.wp.com\/escolacanfabra.cat\/wp-content\/uploads\/2015\/03\/IMG_3936.jpg?resize=162%2C162\" alt=\"\" data-attachment-id=\"3133\" data-orig-file=\"https:\/\/agora.xtec.cat\/escolacanfabra\/wp-content\/uploads\/usu1954\/2015\/03\/IMG_3936.jpg\" data-orig-size=\"1000,750\" data-comments-opened=\"1\" data-image-meta=\"{&quot;aperture&quot;:&quot;0&quot;,&quot;credit&quot;:&quot;&quot;,&quot;camera&quot;:&quot;&quot;,&quot;caption&quot;:&quot;&quot;,&quot;created_timestamp&quot;:&quot;0&quot;,&quot;copyright&quot;:&quot;&quot;,&quot;focal_length&quot;:&quot;0&quot;,&quot;iso&quot;:&quot;0&quot;,&quot;shutter_speed&quot;:&quot;0&quot;,&quot;title&quot;:&quot;&quot;,&quot;orientation&quot;:&quot;0&quot;}\" data-image-title=\"IMG_3936\" data-image-description=\"\" data-medium-file=\"http:\/\/escolacanfabra.cat\/wp-content\/uploads\/2015\/03\/IMG_3936-600x450.jpg\" data-large-file=\"https:\/\/agora.xtec.cat\/escolacanfabra\/wp-content\/uploads\/usu1954\/2015\/03\/IMG_3936.jpg\" data-original-width=\"162\" data-original-height=\"162\" data-recalc-dims=\"1\" \/><\/a><\/div>\n<\/div>\n<\/div>\n<div class=\"gallery-row\" data-original-width=\"500\" data-original-height=\"166\">\n<div class=\"gallery-group\" data-original-width=\"166\" data-original-height=\"166\">\n<div class=\"tiled-gallery-item\"><a href=\"http:\/\/escolacanfabra.cat\/diari-dobres\/img_3937\/\"><img decoding=\"async\" title=\"IMG_3937\" src=\"http:\/\/i1.wp.com\/escolacanfabra.cat\/wp-content\/uploads\/2015\/03\/IMG_3937.jpg?resize=162%2C162\" alt=\"\" data-attachment-id=\"3134\" data-orig-file=\"https:\/\/agora.xtec.cat\/escolacanfabra\/wp-content\/uploads\/usu1954\/2015\/03\/IMG_3937.jpg\" data-orig-size=\"750,1000\" data-comments-opened=\"1\" data-image-meta=\"{&quot;aperture&quot;:&quot;0&quot;,&quot;credit&quot;:&quot;&quot;,&quot;camera&quot;:&quot;&quot;,&quot;caption&quot;:&quot;&quot;,&quot;created_timestamp&quot;:&quot;0&quot;,&quot;copyright&quot;:&quot;&quot;,&quot;focal_length&quot;:&quot;0&quot;,&quot;iso&quot;:&quot;0&quot;,&quot;shutter_speed&quot;:&quot;0&quot;,&quot;title&quot;:&quot;&quot;,&quot;orientation&quot;:&quot;0&quot;}\" data-image-title=\"IMG_3937\" data-image-description=\"\" data-medium-file=\"http:\/\/escolacanfabra.cat\/wp-content\/uploads\/2015\/03\/IMG_3937-450x600.jpg\" data-large-file=\"https:\/\/agora.xtec.cat\/escolacanfabra\/wp-content\/uploads\/usu1954\/2015\/03\/IMG_3937.jpg\" data-original-width=\"162\" data-original-height=\"162\" data-recalc-dims=\"1\" \/><\/a><\/div>\n<\/div>\n<div class=\"gallery-group\" data-original-width=\"166\" data-original-height=\"166\">\n<div class=\"tiled-gallery-item\"><a href=\"http:\/\/escolacanfabra.cat\/diari-dobres\/img_3946\/\"><img decoding=\"async\" title=\"IMG_3946\" src=\"http:\/\/i1.wp.com\/escolacanfabra.cat\/wp-content\/uploads\/2015\/03\/IMG_3946.jpg?resize=162%2C162\" alt=\"\" data-attachment-id=\"3135\" data-orig-file=\"https:\/\/agora.xtec.cat\/escolacanfabra\/wp-content\/uploads\/usu1954\/2015\/03\/IMG_3946.jpg\" data-orig-size=\"1000,750\" data-comments-opened=\"1\" data-image-meta=\"{&quot;aperture&quot;:&quot;0&quot;,&quot;credit&quot;:&quot;&quot;,&quot;camera&quot;:&quot;&quot;,&quot;caption&quot;:&quot;&quot;,&quot;created_timestamp&quot;:&quot;0&quot;,&quot;copyright&quot;:&quot;&quot;,&quot;focal_length&quot;:&quot;0&quot;,&quot;iso&quot;:&quot;0&quot;,&quot;shutter_speed&quot;:&quot;0&quot;,&quot;title&quot;:&quot;&quot;,&quot;orientation&quot;:&quot;0&quot;}\" data-image-title=\"IMG_3946\" data-image-description=\"\" data-medium-file=\"http:\/\/escolacanfabra.cat\/wp-content\/uploads\/2015\/03\/IMG_3946-600x450.jpg\" data-large-file=\"https:\/\/agora.xtec.cat\/escolacanfabra\/wp-content\/uploads\/usu1954\/2015\/03\/IMG_3946.jpg\" data-original-width=\"162\" data-original-height=\"162\" data-recalc-dims=\"1\" \/><\/a><\/div>\n<\/div>\n<div class=\"gallery-group\" data-original-width=\"166\" data-original-height=\"166\">\n<div class=\"tiled-gallery-item\"><a href=\"http:\/\/escolacanfabra.cat\/diari-dobres\/img_3950-2\/\"><img decoding=\"async\" title=\"IMG_3950\" src=\"http:\/\/i0.wp.com\/escolacanfabra.cat\/wp-content\/uploads\/2015\/03\/IMG_39501.jpg?resize=162%2C162\" alt=\"\" data-attachment-id=\"3136\" data-orig-file=\"https:\/\/agora.xtec.cat\/escolacanfabra\/wp-content\/uploads\/usu1954\/2015\/03\/IMG_39501.jpg\" data-orig-size=\"1000,750\" data-comments-opened=\"1\" data-image-meta=\"{&quot;aperture&quot;:&quot;0&quot;,&quot;credit&quot;:&quot;&quot;,&quot;camera&quot;:&quot;&quot;,&quot;caption&quot;:&quot;&quot;,&quot;created_timestamp&quot;:&quot;0&quot;,&quot;copyright&quot;:&quot;&quot;,&quot;focal_length&quot;:&quot;0&quot;,&quot;iso&quot;:&quot;0&quot;,&quot;shutter_speed&quot;:&quot;0&quot;,&quot;title&quot;:&quot;&quot;,&quot;orientation&quot;:&quot;0&quot;}\" data-image-title=\"IMG_3950\" data-image-description=\"\" data-medium-file=\"http:\/\/escolacanfabra.cat\/wp-content\/uploads\/2015\/03\/IMG_39501-600x450.jpg\" data-large-file=\"https:\/\/agora.xtec.cat\/escolacanfabra\/wp-content\/uploads\/usu1954\/2015\/03\/IMG_39501.jpg\" data-original-width=\"162\" data-original-height=\"162\" data-recalc-dims=\"1\" \/><\/a><\/div>\n<\/div>\n<\/div>\n<\/div>\n<p>Tamb\u00e9 part del pati de prim\u00e0ria. On abans hi havia rialles i jocs ara ten\u00edem un mur. El divendres 27 de mar\u00e7 vam decidir transformar aquell espai fred en un testimoni de les persones que anirem seguint pas a pas el projecte de la nostra futura escola.<\/p>\n<div id=\"gallery-3126-1-slideshow\" class=\"slideshow-window jetpack-slideshow slideshow-black\" data-width=\"984\" data-height=\"410\" data-trans=\"fade\" data-gallery=\"[{&quot;src&quot;:&quot;http:\\\/\\\/escolacanfabra.cat\\\/wp-content\\\/uploads\\\/2015\\\/03\\\/IMG_4029.jpg&quot;,&quot;id&quot;:&quot;3149&quot;,&quot;title&quot;:&quot;IMG_4029&quot;,&quot;alt&quot;:&quot;&quot;,&quot;caption&quot;:&quot;&quot;},{&quot;src&quot;:&quot;http:\\\/\\\/escolacanfabra.cat\\\/wp-content\\\/uploads\\\/2015\\\/03\\\/IMG_4017.jpg&quot;,&quot;id&quot;:&quot;3139&quot;,&quot;title&quot;:&quot;IMG_4017&quot;,&quot;alt&quot;:&quot;&quot;,&quot;caption&quot;:&quot;&quot;},{&quot;src&quot;:&quot;http:\\\/\\\/escolacanfabra.cat\\\/wp-content\\\/uploads\\\/2015\\\/03\\\/IMG_4018.jpg&quot;,&quot;id&quot;:&quot;3140&quot;,&quot;title&quot;:&quot;IMG_4018&quot;,&quot;alt&quot;:&quot;&quot;,&quot;caption&quot;:&quot;&quot;},{&quot;src&quot;:&quot;http:\\\/\\\/escolacanfabra.cat\\\/wp-content\\\/uploads\\\/2015\\\/03\\\/IMG_4019.jpg&quot;,&quot;id&quot;:&quot;3141&quot;,&quot;title&quot;:&quot;IMG_4019&quot;,&quot;alt&quot;:&quot;&quot;,&quot;caption&quot;:&quot;&quot;},{&quot;src&quot;:&quot;http:\\\/\\\/escolacanfabra.cat\\\/wp-content\\\/uploads\\\/2015\\\/03\\\/IMG_4020.jpg&quot;,&quot;id&quot;:&quot;3142&quot;,&quot;title&quot;:&quot;IMG_4020&quot;,&quot;alt&quot;:&quot;&quot;,&quot;caption&quot;:&quot;&quot;},{&quot;src&quot;:&quot;http:\\\/\\\/escolacanfabra.cat\\\/wp-content\\\/uploads\\\/2015\\\/03\\\/IMG_4021.jpg&quot;,&quot;id&quot;:&quot;3143&quot;,&quot;title&quot;:&quot;IMG_4021&quot;,&quot;alt&quot;:&quot;&quot;,&quot;caption&quot;:&quot;&quot;},{&quot;src&quot;:&quot;http:\\\/\\\/escolacanfabra.cat\\\/wp-content\\\/uploads\\\/2015\\\/03\\\/IMG_4022.jpg&quot;,&quot;id&quot;:&quot;3144&quot;,&quot;title&quot;:&quot;IMG_4022&quot;,&quot;alt&quot;:&quot;&quot;,&quot;caption&quot;:&quot;&quot;},{&quot;src&quot;:&quot;http:\\\/\\\/escolacanfabra.cat\\\/wp-content\\\/uploads\\\/2015\\\/03\\\/IMG_4023.jpg&quot;,&quot;id&quot;:&quot;3145&quot;,&quot;title&quot;:&quot;IMG_4023&quot;,&quot;alt&quot;:&quot;&quot;,&quot;caption&quot;:&quot;&quot;},{&quot;src&quot;:&quot;http:\\\/\\\/escolacanfabra.cat\\\/wp-content\\\/uploads\\\/2015\\\/03\\\/IMG_4024.jpg&quot;,&quot;id&quot;:&quot;3146&quot;,&quot;title&quot;:&quot;IMG_4024&quot;,&quot;alt&quot;:&quot;&quot;,&quot;caption&quot;:&quot;&quot;},{&quot;src&quot;:&quot;http:\\\/\\\/escolacanfabra.cat\\\/wp-content\\\/uploads\\\/2015\\\/03\\\/IMG_4025.jpg&quot;,&quot;id&quot;:&quot;3147&quot;,&quot;title&quot;:&quot;IMG_4025&quot;,&quot;alt&quot;:&quot;&quot;,&quot;caption&quot;:&quot;&quot;},{&quot;src&quot;:&quot;http:\\\/\\\/escolacanfabra.cat\\\/wp-content\\\/uploads\\\/2015\\\/03\\\/IMG_4026.jpg&quot;,&quot;id&quot;:&quot;3148&quot;,&quot;title&quot;:&quot;IMG_4026&quot;,&quot;alt&quot;:&quot;&quot;,&quot;caption&quot;:&quot;&quot;},{&quot;src&quot;:&quot;http:\\\/\\\/escolacanfabra.cat\\\/wp-content\\\/uploads\\\/2015\\\/03\\\/IMG_4031.jpg&quot;,&quot;id&quot;:&quot;3150&quot;,&quot;title&quot;:&quot;IMG_4031&quot;,&quot;alt&quot;:&quot;&quot;,&quot;caption&quot;:&quot;&quot;},{&quot;src&quot;:&quot;http:\\\/\\\/escolacanfabra.cat\\\/wp-content\\\/uploads\\\/2015\\\/03\\\/IMG_4033.jpg&quot;,&quot;id&quot;:&quot;3151&quot;,&quot;title&quot;:&quot;IMG_4033&quot;,&quot;alt&quot;:&quot;&quot;,&quot;caption&quot;:&quot;&quot;},{&quot;src&quot;:&quot;http:\\\/\\\/escolacanfabra.cat\\\/wp-content\\\/uploads\\\/2015\\\/03\\\/IMG_4034.jpg&quot;,&quot;id&quot;:&quot;3152&quot;,&quot;title&quot;:&quot;IMG_4034&quot;,&quot;alt&quot;:&quot;&quot;,&quot;caption&quot;:&quot;&quot;},{&quot;src&quot;:&quot;http:\\\/\\\/escolacanfabra.cat\\\/wp-content\\\/uploads\\\/2015\\\/03\\\/IMG_4036.jpg&quot;,&quot;id&quot;:&quot;3153&quot;,&quot;title&quot;:&quot;IMG_4036&quot;,&quot;alt&quot;:&quot;&quot;,&quot;caption&quot;:&quot;&quot;},{&quot;src&quot;:&quot;http:\\\/\\\/escolacanfabra.cat\\\/wp-content\\\/uploads\\\/2015\\\/03\\\/IMG_4041.jpg&quot;,&quot;id&quot;:&quot;3154&quot;,&quot;title&quot;:&quot;IMG_4041&quot;,&quot;alt&quot;:&quot;&quot;,&quot;caption&quot;:&quot;&quot;},{&quot;src&quot;:&quot;http:\\\/\\\/escolacanfabra.cat\\\/wp-content\\\/uploads\\\/2015\\\/03\\\/IMG_4042.jpg&quot;,&quot;id&quot;:&quot;3155&quot;,&quot;title&quot;:&quot;IMG_4042&quot;,&quot;alt&quot;:&quot;&quot;,&quot;caption&quot;:&quot;&quot;},{&quot;src&quot;:&quot;http:\\\/\\\/escolacanfabra.cat\\\/wp-content\\\/uploads\\\/2015\\\/03\\\/IMG_4043.jpg&quot;,&quot;id&quot;:&quot;3156&quot;,&quot;title&quot;:&quot;IMG_4043&quot;,&quot;alt&quot;:&quot;&quot;,&quot;caption&quot;:&quot;&quot;},{&quot;src&quot;:&quot;http:\\\/\\\/escolacanfabra.cat\\\/wp-content\\\/uploads\\\/2015\\\/03\\\/IMG_4044.jpg&quot;,&quot;id&quot;:&quot;3157&quot;,&quot;title&quot;:&quot;IMG_4044&quot;,&quot;alt&quot;:&quot;&quot;,&quot;caption&quot;:&quot;&quot;},{&quot;src&quot;:&quot;http:\\\/\\\/escolacanfabra.cat\\\/wp-content\\\/uploads\\\/2015\\\/03\\\/IMG_4045.jpg&quot;,&quot;id&quot;:&quot;3158&quot;,&quot;title&quot;:&quot;IMG_4045&quot;,&quot;alt&quot;:&quot;&quot;,&quot;caption&quot;:&quot;&quot;},{&quot;src&quot;:&quot;http:\\\/\\\/escolacanfabra.cat\\\/wp-content\\\/uploads\\\/2015\\\/03\\\/IMG_4046.jpg&quot;,&quot;id&quot;:&quot;3159&quot;,&quot;title&quot;:&quot;IMG_4046&quot;,&quot;alt&quot;:&quot;&quot;,&quot;caption&quot;:&quot;&quot;},{&quot;src&quot;:&quot;http:\\\/\\\/escolacanfabra.cat\\\/wp-content\\\/uploads\\\/2015\\\/03\\\/IMG_4047.jpg&quot;,&quot;id&quot;:&quot;3160&quot;,&quot;title&quot;:&quot;IMG_4047&quot;,&quot;alt&quot;:&quot;&quot;,&quot;caption&quot;:&quot;&quot;}]\">\n<div class=\"slideshow-slide\"><img decoding=\"async\" title=\"IMG_4018\" src=\"https:\/\/agora.xtec.cat\/escolacanfabra\/wp-content\/uploads\/usu1954\/2015\/03\/IMG_4018.jpg?w=573\" alt=\"\" align=\"middle\" \/><span class=\"slideshow-line-height-hack\">\u00a0<\/span><\/p>\n<div class=\"slideshow-slide-caption\"><\/div>\n<\/div>\n<div class=\"slideshow-controls\"><\/div>\n<\/div>\n<p>&nbsp;<\/p>\n","protected":false},"excerpt":{"rendered":"<p>LA CONSTRUCCI\u00d3 DE LA NOSTRA ESCOLA JA \u00c9S UN FET REAL!!! Semblava que no arribaria mai, per\u00f2 la construcci\u00f3 del nou edifici \u00a0\u00e9s ja una realitat. El dia 19 de mar\u00e7 van comen\u00e7ar les obres amb la modificaci\u00f3 de l\u2019orientaci\u00f3 de les escales del pati d\u2019infantil i el dia 23 de mar\u00e7 es va delimitar [&hellip;]<\/p>\n","protected":false},"author":1,"featured_media":3132,"comment_status":"open","ping_status":"open","sticky":false,"template":"","format":"standard","meta":{"_bbp_topic_count":0,"_bbp_reply_count":0,"_bbp_total_topic_count":0,"_bbp_total_reply_count":0,"_bbp_voice_count":0,"_bbp_anonymous_reply_count":0,"_bbp_topic_count_hidden":0,"_bbp_reply_count_hidden":0,"_bbp_forum_subforum_count":0,"site-sidebar-layout":"default","site-content-layout":"","ast-site-content-layout":"","site-content-style":"default","site-sidebar-style":"default","ast-global-header-display":"","ast-banner-title-visibility":"","ast-main-header-display":"","ast-hfb-above-header-display":"","ast-hfb-below-header-display":"","ast-hfb-mobile-header-display":"","site-post-title":"","ast-breadcrumbs-content":"","ast-featured-img":"","footer-sml-layout":"","theme-transparent-header-meta":"","adv-header-id-meta":"","stick-header-meta":"","header-above-stick-meta":"","header-main-stick-meta":"","header-below-stick-meta":"","astra-migrate-meta-layouts":"default","ast-page-background-enabled":"default","ast-page-background-meta":{"desktop":{"background-color":"var(--ast-global-color-5)","background-image":"","background-repeat":"repeat","background-position":"center center","background-size":"auto","background-attachment":"scroll","background-type":"","background-media":"","overlay-type":"","overlay-color":"","overlay-opacity":"","overlay-gradient":""},"tablet":{"background-color":"","background-image":"","background-repeat":"repeat","background-position":"center center","background-size":"auto","background-attachment":"scroll","background-type":"","background-media":"","overlay-type":"","overlay-color":"","overlay-opacity":"","overlay-gradient":""},"mobile":{"background-color":"","background-image":"","background-repeat":"repeat","background-position":"center center","background-size":"auto","background-attachment":"scroll","background-type":"","background-media":"","overlay-type":"","overlay-color":"","overlay-opacity":"","overlay-gradient":""}},"ast-content-background-meta":{"desktop":{"background-color":"var(--ast-global-color-4)","background-image":"","background-repeat":"repeat","background-position":"center center","background-size":"auto","background-attachment":"scroll","background-type":"","background-media":"","overlay-type":"","overlay-color":"","overlay-opacity":"","overlay-gradient":""},"tablet":{"background-color":"var(--ast-global-color-4)","background-image":"","background-repeat":"repeat","background-position":"center center","background-size":"auto","background-attachment":"scroll","background-type":"","background-media":"","overlay-type":"","overlay-color":"","overlay-opacity":"","overlay-gradient":""},"mobile":{"background-color":"var(--ast-global-color-4)","background-image":"","background-repeat":"repeat","background-position":"center center","background-size":"auto","background-attachment":"scroll","background-type":"","background-media":"","overlay-type":"","overlay-color":"","overlay-opacity":"","overlay-gradient":""}},"footnotes":""},"categories":[1],"tags":[],"class_list":["post-5141","post","type-post","status-publish","format-standard","has-post-thumbnail","hentry","category-general"],"post_mailing_queue_ids":[],"_links":{"self":[{"href":"https:\/\/agora.xtec.cat\/escolacanfabra\/wp-json\/wp\/v2\/posts\/5141","targetHints":{"allow":["GET"]}}],"collection":[{"href":"https:\/\/agora.xtec.cat\/escolacanfabra\/wp-json\/wp\/v2\/posts"}],"about":[{"href":"https:\/\/agora.xtec.cat\/escolacanfabra\/wp-json\/wp\/v2\/types\/post"}],"author":[{"embeddable":true,"href":"https:\/\/agora.xtec.cat\/escolacanfabra\/wp-json\/wp\/v2\/users\/1"}],"replies":[{"embeddable":true,"href":"https:\/\/agora.xtec.cat\/escolacanfabra\/wp-json\/wp\/v2\/comments?post=5141"}],"version-history":[{"count":0,"href":"https:\/\/agora.xtec.cat\/escolacanfabra\/wp-json\/wp\/v2\/posts\/5141\/revisions"}],"wp:featuredmedia":[{"embeddable":true,"href":"https:\/\/agora.xtec.cat\/escolacanfabra\/wp-json\/wp\/v2\/media\/3132"}],"wp:attachment":[{"href":"https:\/\/agora.xtec.cat\/escolacanfabra\/wp-json\/wp\/v2\/media?parent=5141"}],"wp:term":[{"taxonomy":"category","embeddable":true,"href":"https:\/\/agora.xtec.cat\/escolacanfabra\/wp-json\/wp\/v2\/categories?post=5141"},{"taxonomy":"post_tag","embeddable":true,"href":"https:\/\/agora.xtec.cat\/escolacanfabra\/wp-json\/wp\/v2\/tags?post=5141"}],"curies":[{"name":"wp","href":"https:\/\/api.w.org\/{rel}","templated":true}]}}