{"id":4877,"date":"2015-09-14T21:41:06","date_gmt":"2015-09-14T19:41:06","guid":{"rendered":"http:\/\/escolacanfabra.cat\/?p=4877"},"modified":"2015-09-14T21:41:06","modified_gmt":"2015-09-14T19:41:06","slug":"comenca-el-curs-2015-2016","status":"publish","type":"post","link":"https:\/\/agora.xtec.cat\/escolacanfabra\/nascuts-2011\/comenca-el-curs-2015-2016\/","title":{"rendered":"Comen\u00e7a el curs 2015-2016"},"content":{"rendered":"<p style=\"text-align: justify;\">Hola nens i nenes i fam\u00edlies!!<\/p>\n<p style=\"text-align: justify;\">Avui ha comen\u00e7at un nou curs i, si tot va b\u00e9, ser\u00e0 l&#8217;\u00faltim que passarem en m\u00f2duls abans de traslladar-nos a l&#8217;escola nova.<\/p>\n<p style=\"text-align: justify;\">Primer de tot, volem donar la benvinguda a les fam\u00edlies i els nens i nenes que avui s&#8217;han incorporat a Can Fabra.<\/p>\n<p style=\"text-align: justify;\">Tenim tres trimestres per endavant: encara hem de passar la tardor, rebre l&#8217;hivern, gaudir de la primavera i tornar a la calor de l&#8217;estiu. En tot aquest temps anirem compartint, com cada any, experi\u00e8ncies, neguits, alegries, festes&#8230; i, sobretot, \u00a0tenim un equip hum\u00e0 ple d&#8217; il\u00b7lusions i bons desitjos!!!<\/p>\n<p style=\"text-align: justify;\">Desitgem poder comptar amb la complicitat de tots vosaltres en aquesta oportunitat \u00fanica de veure com, dia rere dia, creix l&#8217;edifici de la nostra escola i, sense cap dubte, aquest fet formar\u00e0 part de la motxilla dels records de les nostres vides.<\/p>\n<p style=\"text-align: justify;\">Aix\u00ed doncs,\u00a0donem per inaugurat el curs escolar 2015-2016!!!<\/p>\n<div id='gallery-1' class='gallery galleryid-4877 gallery-columns-3 gallery-size-thumbnail'><figure class='gallery-item'>\n\t\t\t<div class='gallery-icon landscape'>\n\t\t\t\t<a href='https:\/\/agora.xtec.cat\/escolacanfabra\/20150914_090340\/'><img loading=\"lazy\" decoding=\"async\" width=\"150\" height=\"150\" src=\"https:\/\/agora.xtec.cat\/escolacanfabra\/wp-content\/uploads\/usu1954\/2015\/09\/20150914_090340-150x150.jpg\" class=\"attachment-thumbnail size-thumbnail\" alt=\"\" \/><\/a>\n\t\t\t<\/div><\/figure><figure class='gallery-item'>\n\t\t\t<div class='gallery-icon landscape'>\n\t\t\t\t<a href='https:\/\/agora.xtec.cat\/escolacanfabra\/mestres\/'><img loading=\"lazy\" decoding=\"async\" width=\"150\" height=\"150\" src=\"https:\/\/agora.xtec.cat\/escolacanfabra\/wp-content\/uploads\/usu1954\/2015\/09\/mestres-150x150.jpg\" class=\"attachment-thumbnail size-thumbnail\" alt=\"\" \/><\/a>\n\t\t\t<\/div><\/figure><figure class='gallery-item'>\n\t\t\t<div class='gallery-icon landscape'>\n\t\t\t\t<a href='https:\/\/agora.xtec.cat\/escolacanfabra\/20150914_090249\/'><img loading=\"lazy\" decoding=\"async\" width=\"150\" height=\"150\" src=\"https:\/\/agora.xtec.cat\/escolacanfabra\/wp-content\/uploads\/usu1954\/2015\/09\/20150914_090249-150x150.jpg\" class=\"attachment-thumbnail size-thumbnail\" alt=\"\" \/><\/a>\n\t\t\t<\/div><\/figure><figure class='gallery-item'>\n\t\t\t<div class='gallery-icon landscape'>\n\t\t\t\t<a href='https:\/\/agora.xtec.cat\/escolacanfabra\/20150914_090253\/'><img loading=\"lazy\" decoding=\"async\" width=\"150\" height=\"150\" src=\"https:\/\/agora.xtec.cat\/escolacanfabra\/wp-content\/uploads\/usu1954\/2015\/09\/20150914_090253-150x150.jpg\" class=\"attachment-thumbnail size-thumbnail\" alt=\"\" \/><\/a>\n\t\t\t<\/div><\/figure>\n\t\t<\/div>\n\n","protected":false},"excerpt":{"rendered":"<p>Hola nens i nenes i fam\u00edlies!! Avui ha comen\u00e7at un nou curs i, si tot va b\u00e9, ser\u00e0 l&#8217;\u00faltim que passarem en m\u00f2duls abans de traslladar-nos a l&#8217;escola nova. Primer de tot, volem donar la benvinguda a les fam\u00edlies i els nens i nenes que avui s&#8217;han incorporat a Can Fabra. Tenim tres trimestres per [&hellip;]<\/p>\n","protected":false},"author":3,"featured_media":0,"comment_status":"open","ping_status":"open","sticky":false,"template":"","format":"standard","meta":{"_bbp_topic_count":0,"_bbp_reply_count":0,"_bbp_total_topic_count":0,"_bbp_total_reply_count":0,"_bbp_voice_count":0,"_bbp_anonymous_reply_count":0,"_bbp_topic_count_hidden":0,"_bbp_reply_count_hidden":0,"_bbp_forum_subforum_count":0,"site-sidebar-layout":"default","site-content-layout":"","ast-site-content-layout":"","site-content-style":"default","site-sidebar-style":"default","ast-global-header-display":"","ast-banner-title-visibility":"","ast-main-header-display":"","ast-hfb-above-header-display":"","ast-hfb-below-header-display":"","ast-hfb-mobile-header-display":"","site-post-title":"","ast-breadcrumbs-content":"","ast-featured-img":"","footer-sml-layout":"","theme-transparent-header-meta":"","adv-header-id-meta":"","stick-header-meta":"","header-above-stick-meta":"","header-main-stick-meta":"","header-below-stick-meta":"","astra-migrate-meta-layouts":"default","ast-page-background-enabled":"default","ast-page-background-meta":{"desktop":{"background-color":"var(--ast-global-color-5)","background-image":"","background-repeat":"repeat","background-position":"center center","background-size":"auto","background-attachment":"scroll","background-type":"","background-media":"","overlay-type":"","overlay-color":"","overlay-opacity":"","overlay-gradient":""},"tablet":{"background-color":"","background-image":"","background-repeat":"repeat","background-position":"center center","background-size":"auto","background-attachment":"scroll","background-type":"","background-media":"","overlay-type":"","overlay-color":"","overlay-opacity":"","overlay-gradient":""},"mobile":{"background-color":"","background-image":"","background-repeat":"repeat","background-position":"center center","background-size":"auto","background-attachment":"scroll","background-type":"","background-media":"","overlay-type":"","overlay-color":"","overlay-opacity":"","overlay-gradient":""}},"ast-content-background-meta":{"desktop":{"background-color":"var(--ast-global-color-4)","background-image":"","background-repeat":"repeat","background-position":"center center","background-size":"auto","background-attachment":"scroll","background-type":"","background-media":"","overlay-type":"","overlay-color":"","overlay-opacity":"","overlay-gradient":""},"tablet":{"background-color":"var(--ast-global-color-4)","background-image":"","background-repeat":"repeat","background-position":"center center","background-size":"auto","background-attachment":"scroll","background-type":"","background-media":"","overlay-type":"","overlay-color":"","overlay-opacity":"","overlay-gradient":""},"mobile":{"background-color":"var(--ast-global-color-4)","background-image":"","background-repeat":"repeat","background-position":"center center","background-size":"auto","background-attachment":"scroll","background-type":"","background-media":"","overlay-type":"","overlay-color":"","overlay-opacity":"","overlay-gradient":""}},"footnotes":""},"categories":[65,62,61,133,71],"tags":[],"class_list":["post-4877","post","type-post","status-publish","format-standard","hentry","category-nascuts-2006","category-nascuts-2010","category-nascuts-2011","category-nascuts-2012","category-noticies"],"post_mailing_queue_ids":[],"_links":{"self":[{"href":"https:\/\/agora.xtec.cat\/escolacanfabra\/wp-json\/wp\/v2\/posts\/4877","targetHints":{"allow":["GET"]}}],"collection":[{"href":"https:\/\/agora.xtec.cat\/escolacanfabra\/wp-json\/wp\/v2\/posts"}],"about":[{"href":"https:\/\/agora.xtec.cat\/escolacanfabra\/wp-json\/wp\/v2\/types\/post"}],"author":[{"embeddable":true,"href":"https:\/\/agora.xtec.cat\/escolacanfabra\/wp-json\/wp\/v2\/users\/3"}],"replies":[{"embeddable":true,"href":"https:\/\/agora.xtec.cat\/escolacanfabra\/wp-json\/wp\/v2\/comments?post=4877"}],"version-history":[{"count":0,"href":"https:\/\/agora.xtec.cat\/escolacanfabra\/wp-json\/wp\/v2\/posts\/4877\/revisions"}],"wp:attachment":[{"href":"https:\/\/agora.xtec.cat\/escolacanfabra\/wp-json\/wp\/v2\/media?parent=4877"}],"wp:term":[{"taxonomy":"category","embeddable":true,"href":"https:\/\/agora.xtec.cat\/escolacanfabra\/wp-json\/wp\/v2\/categories?post=4877"},{"taxonomy":"post_tag","embeddable":true,"href":"https:\/\/agora.xtec.cat\/escolacanfabra\/wp-json\/wp\/v2\/tags?post=4877"}],"curies":[{"name":"wp","href":"https:\/\/api.w.org\/{rel}","templated":true}]}}