{"id":35265,"date":"2026-06-22T12:00:00","date_gmt":"2026-06-22T10:00:00","guid":{"rendered":"https:\/\/agora.xtec.cat\/escolacanfabra\/?p=35265"},"modified":"2026-06-18T10:05:46","modified_gmt":"2026-06-18T08:05:46","slug":"acomiadem-el-curs-gimcana-i-gelat","status":"publish","type":"post","link":"https:\/\/agora.xtec.cat\/escolacanfabra\/general\/acomiadem-el-curs-gimcana-i-gelat\/","title":{"rendered":"ACOMIADEM EL CURS: GIMCANA i GELAT"},"content":{"rendered":"\n<p>Per celebrar el final de curs, els infants de l\u2019Escola Can Fabra han participat en una divertida gimcana plena de proves, jocs i moments compartits. Ha estat una jornada molt especial per acomiadar aquests mesos d\u2019aprenentatge i donar la benvinguda a l\u2019estiu amb entusiasme i molta alegria.<\/p>\n\n\n\n<p>Per acabar de fer la festa ben rodona, tots i totes hem compartit un gelat que ha posat el punt final a un dia ple de somriures i bons records.<\/p>\n\n\n\n<p><strong>Cliqueu <a href=\"https:\/\/agora.xtec.cat\/escolacanfabra\/album-fotos-2022\/\">aqu\u00ed <\/a>per descobrir les fotografies de la jornada!<\/strong><\/p>\n\n\n\n<p>Aquesta celebraci\u00f3 ha estat la millor manera de tancar un curs intens i enriquidor, ple d\u2019aprenentatges, reptes, emocions i experi\u00e8ncies compartides que han fet cr\u00e9ixer els nostres infants i han contribu\u00eft a continuar construint una escola viva, acollidora i compromesa.<\/p>\n\n\n\n<p>Des de l\u2019Escola Can Fabra volem expressar el nostre m\u00e9s sincer agra\u00efment a tota la comunitat educativa: alumnat, fam\u00edlies, mestres, personal d\u2019atenci\u00f3 educativa, equip d\u2019administraci\u00f3 i serveis, AFA i totes les persones que, amb la seva implicaci\u00f3, esfor\u00e7 i confian\u00e7a, han fet possible aquest meravell\u00f3s curs 2025-2026.<\/p>\n\n\n\n<p>Junts i juntes hem compartit il\u00b7lusions, hem superat dificultats i hem celebrat petits i grans \u00e8xits. Cada gest, cada proposta i cada mostra de suport han contribu\u00eft a fer de Can Fabra un espai on cr\u00e9ixer, aprendre i sentir-nos part d&#8217;una gran comunitat.<\/p>\n\n\n\n<p>Ara \u00e9s moment de descansar, gaudir de l\u2019estiu i carregar energies per tornar al setembre amb nous projectes, il\u00b7lusions renovades i moltes ganes de continuar caminant plegats.<\/p>\n\n\n\n<p>Us desitgem un molt bon estiu i esperem retrobar-nos ben aviat per iniciar un nou curs ple d\u2019oportunitats i nous reptes.<\/p>\n\n\n\n<p><strong>Gr\u00e0cies per formar part de l\u2019Escola Can Fabra. Bon estiu!<\/strong><\/p>\n\n\n\n<p><\/p>\n","protected":false},"excerpt":{"rendered":"<p>Per celebrar el final de curs, els infants de l\u2019Escola Can Fabra han participat en una divertida gimcana plena de proves, jocs i moments compartits. Ha estat una jornada molt especial per acomiadar aquests mesos d\u2019aprenentatge i donar la benvinguda a l\u2019estiu amb entusiasme i molta alegria. Per acabar de fer la festa ben rodona, [&hellip;]<\/p>\n","protected":false},"author":3,"featured_media":35267,"comment_status":"open","ping_status":"open","sticky":false,"template":"","format":"standard","meta":{"_bbp_topic_count":0,"_bbp_reply_count":0,"_bbp_total_topic_count":0,"_bbp_total_reply_count":0,"_bbp_voice_count":0,"_bbp_anonymous_reply_count":0,"_bbp_topic_count_hidden":0,"_bbp_reply_count_hidden":0,"_bbp_forum_subforum_count":0,"site-sidebar-layout":"default","site-content-layout":"","ast-site-content-layout":"default","site-content-style":"default","site-sidebar-style":"default","ast-global-header-display":"","ast-banner-title-visibility":"","ast-main-header-display":"","ast-hfb-above-header-display":"","ast-hfb-below-header-display":"","ast-hfb-mobile-header-display":"","site-post-title":"","ast-breadcrumbs-content":"","ast-featured-img":"","footer-sml-layout":"","theme-transparent-header-meta":"","adv-header-id-meta":"","stick-header-meta":"","header-above-stick-meta":"","header-main-stick-meta":"","header-below-stick-meta":"","astra-migrate-meta-layouts":"set","ast-page-background-enabled":"default","ast-page-background-meta":{"desktop":{"background-color":"var(--ast-global-color-5)","background-image":"","background-repeat":"repeat","background-position":"center center","background-size":"auto","background-attachment":"scroll","background-type":"","background-media":"","overlay-type":"","overlay-color":"","overlay-opacity":"","overlay-gradient":""},"tablet":{"background-color":"","background-image":"","background-repeat":"repeat","background-position":"center center","background-size":"auto","background-attachment":"scroll","background-type":"","background-media":"","overlay-type":"","overlay-color":"","overlay-opacity":"","overlay-gradient":""},"mobile":{"background-color":"","background-image":"","background-repeat":"repeat","background-position":"center center","background-size":"auto","background-attachment":"scroll","background-type":"","background-media":"","overlay-type":"","overlay-color":"","overlay-opacity":"","overlay-gradient":""}},"ast-content-background-meta":{"desktop":{"background-color":"var(--ast-global-color-4)","background-image":"","background-repeat":"repeat","background-position":"center center","background-size":"auto","background-attachment":"scroll","background-type":"","background-media":"","overlay-type":"","overlay-color":"","overlay-opacity":"","overlay-gradient":""},"tablet":{"background-color":"var(--ast-global-color-4)","background-image":"","background-repeat":"repeat","background-position":"center center","background-size":"auto","background-attachment":"scroll","background-type":"","background-media":"","overlay-type":"","overlay-color":"","overlay-opacity":"","overlay-gradient":""},"mobile":{"background-color":"var(--ast-global-color-4)","background-image":"","background-repeat":"repeat","background-position":"center center","background-size":"auto","background-attachment":"scroll","background-type":"","background-media":"","overlay-type":"","overlay-color":"","overlay-opacity":"","overlay-gradient":""}},"footnotes":""},"categories":[1,2,290,241,262,266,285,272,278,279,292,4,263],"tags":[],"class_list":["post-35265","post","type-post","status-publish","format-standard","has-post-thumbnail","hentry","category-general","category-infantil","category-nascuts-2014","category-nascuts-2015","category-nascuts-2016","category-nascuts-2017","category-nascuts2018","category-nascuts-2019","category-nascuts2020","category-nascuts-2021","category-nascuts2022","category-portada","category-primaria"],"post_mailing_queue_ids":[],"_links":{"self":[{"href":"https:\/\/agora.xtec.cat\/escolacanfabra\/wp-json\/wp\/v2\/posts\/35265","targetHints":{"allow":["GET"]}}],"collection":[{"href":"https:\/\/agora.xtec.cat\/escolacanfabra\/wp-json\/wp\/v2\/posts"}],"about":[{"href":"https:\/\/agora.xtec.cat\/escolacanfabra\/wp-json\/wp\/v2\/types\/post"}],"author":[{"embeddable":true,"href":"https:\/\/agora.xtec.cat\/escolacanfabra\/wp-json\/wp\/v2\/users\/3"}],"replies":[{"embeddable":true,"href":"https:\/\/agora.xtec.cat\/escolacanfabra\/wp-json\/wp\/v2\/comments?post=35265"}],"version-history":[{"count":1,"href":"https:\/\/agora.xtec.cat\/escolacanfabra\/wp-json\/wp\/v2\/posts\/35265\/revisions"}],"predecessor-version":[{"id":35268,"href":"https:\/\/agora.xtec.cat\/escolacanfabra\/wp-json\/wp\/v2\/posts\/35265\/revisions\/35268"}],"wp:featuredmedia":[{"embeddable":true,"href":"https:\/\/agora.xtec.cat\/escolacanfabra\/wp-json\/wp\/v2\/media\/35267"}],"wp:attachment":[{"href":"https:\/\/agora.xtec.cat\/escolacanfabra\/wp-json\/wp\/v2\/media?parent=35265"}],"wp:term":[{"taxonomy":"category","embeddable":true,"href":"https:\/\/agora.xtec.cat\/escolacanfabra\/wp-json\/wp\/v2\/categories?post=35265"},{"taxonomy":"post_tag","embeddable":true,"href":"https:\/\/agora.xtec.cat\/escolacanfabra\/wp-json\/wp\/v2\/tags?post=35265"}],"curies":[{"name":"wp","href":"https:\/\/api.w.org\/{rel}","templated":true}]}}