{"id":34723,"date":"2026-02-13T16:00:22","date_gmt":"2026-02-13T15:00:22","guid":{"rendered":"https:\/\/agora.xtec.cat\/escolacanfabra\/?p=34723"},"modified":"2026-02-13T11:38:07","modified_gmt":"2026-02-13T10:38:07","slug":"rua-de-carnestoltes","status":"publish","type":"post","link":"https:\/\/agora.xtec.cat\/escolacanfabra\/general\/rua-de-carnestoltes\/","title":{"rendered":"RUA DE CARNAVAL"},"content":{"rendered":"<p data-start=\"176\" data-end=\"465\">Aquest any, la rua de Carnestoltes del gimn\u00e0s ens ha fet viatjar milers d\u2019anys enrere\u2026 fins a la prehist\u00f2ria! Per unes hores, l&#8217;escola s&#8217;ha\u00a0 convertit en un aut\u00e8ntic poblat prehist\u00f2ric ple de cavern\u00edcoles, ca\u00e7adors i ca\u00e7adores, pintures rupestres i molt\u00edssim esperit d\u2019aventura.<\/p>\n<p data-start=\"467\" data-end=\"781\">Tot l&#8217;alumnat ha desfilat amb disfresses inspirades en els primers habitants del planeta: t\u00faniques de pell, ossos decoratius, cabells esbullats i complements fets a m\u00e0 que demostraven una gran creativitat. No hi han faltat llances simb\u00f2liques, pedres \u201cm\u00e0giques\u201d ni coreografies tribals.<\/p>\n<p data-start=\"1561\" data-end=\"1742\">Volem felicitar tots els alumnes per la seva implicaci\u00f3 i actitud, aix\u00ed com agrair la col\u00b7laboraci\u00f3 de les fam\u00edlies i del professorat, que han fet possible aquesta rua tan especial.<\/p>\n<p data-start=\"1744\" data-end=\"1842\">Hem demostrat que, si ens ho proposem, podem viatjar en el temps\u2026 i tornar carregats de somriures.<\/p>\n<p data-start=\"1844\" data-end=\"1878\">Fins al proper Carnestoltes!<\/p>\n<p data-start=\"1844\" data-end=\"1878\">Al seg\u00fcent <a href=\"https:\/\/agora.xtec.cat\/escolacanfabra\/album-fotos-2022\/\">enlla\u00e7<\/a> trobareu un tastet de la rua.<\/p>\n","protected":false},"excerpt":{"rendered":"<p>Aquest any, la rua de Carnestoltes del gimn\u00e0s ens ha fet viatjar milers d\u2019anys enrere\u2026 fins a la prehist\u00f2ria! Per unes hores, l&#8217;escola s&#8217;ha\u00a0 convertit en un aut\u00e8ntic poblat prehist\u00f2ric ple de cavern\u00edcoles, ca\u00e7adors i ca\u00e7adores, pintures rupestres i molt\u00edssim esperit d\u2019aventura. Tot l&#8217;alumnat ha desfilat amb disfresses inspirades en els primers habitants del planeta: [&hellip;]<\/p>\n","protected":false},"author":3,"featured_media":34724,"comment_status":"open","ping_status":"open","sticky":false,"template":"","format":"standard","meta":{"_bbp_topic_count":0,"_bbp_reply_count":0,"_bbp_total_topic_count":0,"_bbp_total_reply_count":0,"_bbp_voice_count":0,"_bbp_anonymous_reply_count":0,"_bbp_topic_count_hidden":0,"_bbp_reply_count_hidden":0,"_bbp_forum_subforum_count":0,"site-sidebar-layout":"default","site-content-layout":"","ast-site-content-layout":"","site-content-style":"default","site-sidebar-style":"default","ast-global-header-display":"","ast-banner-title-visibility":"","ast-main-header-display":"","ast-hfb-above-header-display":"","ast-hfb-below-header-display":"","ast-hfb-mobile-header-display":"","site-post-title":"","ast-breadcrumbs-content":"","ast-featured-img":"","footer-sml-layout":"","theme-transparent-header-meta":"","adv-header-id-meta":"","stick-header-meta":"","header-above-stick-meta":"","header-main-stick-meta":"","header-below-stick-meta":"","astra-migrate-meta-layouts":"default","ast-page-background-enabled":"default","ast-page-background-meta":{"desktop":{"background-color":"var(--ast-global-color-5)","background-image":"","background-repeat":"repeat","background-position":"center center","background-size":"auto","background-attachment":"scroll","background-type":"","background-media":"","overlay-type":"","overlay-color":"","overlay-opacity":"","overlay-gradient":""},"tablet":{"background-color":"","background-image":"","background-repeat":"repeat","background-position":"center center","background-size":"auto","background-attachment":"scroll","background-type":"","background-media":"","overlay-type":"","overlay-color":"","overlay-opacity":"","overlay-gradient":""},"mobile":{"background-color":"","background-image":"","background-repeat":"repeat","background-position":"center center","background-size":"auto","background-attachment":"scroll","background-type":"","background-media":"","overlay-type":"","overlay-color":"","overlay-opacity":"","overlay-gradient":""}},"ast-content-background-meta":{"desktop":{"background-color":"var(--ast-global-color-4)","background-image":"","background-repeat":"repeat","background-position":"center center","background-size":"auto","background-attachment":"scroll","background-type":"","background-media":"","overlay-type":"","overlay-color":"","overlay-opacity":"","overlay-gradient":""},"tablet":{"background-color":"var(--ast-global-color-4)","background-image":"","background-repeat":"repeat","background-position":"center center","background-size":"auto","background-attachment":"scroll","background-type":"","background-media":"","overlay-type":"","overlay-color":"","overlay-opacity":"","overlay-gradient":""},"mobile":{"background-color":"var(--ast-global-color-4)","background-image":"","background-repeat":"repeat","background-position":"center center","background-size":"auto","background-attachment":"scroll","background-type":"","background-media":"","overlay-type":"","overlay-color":"","overlay-opacity":"","overlay-gradient":""}},"footnotes":""},"categories":[1,2,290,241,289,288,262,287,266,286,285,272,284,278,279,292,4,263],"tags":[],"class_list":["post-34723","post","type-post","status-publish","format-standard","has-post-thumbnail","hentry","category-general","category-infantil","category-nascuts-2014","category-nascuts-2015","category-nascuts2015-4t","category-nascuts2015","category-nascuts-2016","category-nascuts2016","category-nascuts-2017","category-nascuts2017","category-nascuts2018","category-nascuts-2019","category-nascuts2019","category-nascuts2020","category-nascuts-2021","category-nascuts2022","category-portada","category-primaria"],"post_mailing_queue_ids":[],"_links":{"self":[{"href":"https:\/\/agora.xtec.cat\/escolacanfabra\/wp-json\/wp\/v2\/posts\/34723","targetHints":{"allow":["GET"]}}],"collection":[{"href":"https:\/\/agora.xtec.cat\/escolacanfabra\/wp-json\/wp\/v2\/posts"}],"about":[{"href":"https:\/\/agora.xtec.cat\/escolacanfabra\/wp-json\/wp\/v2\/types\/post"}],"author":[{"embeddable":true,"href":"https:\/\/agora.xtec.cat\/escolacanfabra\/wp-json\/wp\/v2\/users\/3"}],"replies":[{"embeddable":true,"href":"https:\/\/agora.xtec.cat\/escolacanfabra\/wp-json\/wp\/v2\/comments?post=34723"}],"version-history":[{"count":2,"href":"https:\/\/agora.xtec.cat\/escolacanfabra\/wp-json\/wp\/v2\/posts\/34723\/revisions"}],"predecessor-version":[{"id":34726,"href":"https:\/\/agora.xtec.cat\/escolacanfabra\/wp-json\/wp\/v2\/posts\/34723\/revisions\/34726"}],"wp:featuredmedia":[{"embeddable":true,"href":"https:\/\/agora.xtec.cat\/escolacanfabra\/wp-json\/wp\/v2\/media\/34724"}],"wp:attachment":[{"href":"https:\/\/agora.xtec.cat\/escolacanfabra\/wp-json\/wp\/v2\/media?parent=34723"}],"wp:term":[{"taxonomy":"category","embeddable":true,"href":"https:\/\/agora.xtec.cat\/escolacanfabra\/wp-json\/wp\/v2\/categories?post=34723"},{"taxonomy":"post_tag","embeddable":true,"href":"https:\/\/agora.xtec.cat\/escolacanfabra\/wp-json\/wp\/v2\/tags?post=34723"}],"curies":[{"name":"wp","href":"https:\/\/api.w.org\/{rel}","templated":true}]}}