{"id":34619,"date":"2026-01-30T16:00:14","date_gmt":"2026-01-30T15:00:14","guid":{"rendered":"https:\/\/agora.xtec.cat\/escolacanfabra\/?p=34619"},"modified":"2026-01-30T12:56:40","modified_gmt":"2026-01-30T11:56:40","slug":"celebracio-del-dia-de-la-pau-i-comiat-del-jesus","status":"publish","type":"post","link":"https:\/\/agora.xtec.cat\/escolacanfabra\/general\/celebracio-del-dia-de-la-pau-i-comiat-del-jesus\/","title":{"rendered":"CELEBRACI\u00d3 DEL DIA DE LA PAU I COMIAT DEL JES\u00daS"},"content":{"rendered":"<p data-start=\"237\" data-end=\"345\">A Can Fabra hem celebrat el Dia de la Pau amb una jornada plena de reflexi\u00f3, emoci\u00f3 i valors compartits.<\/p>\n<p data-start=\"347\" data-end=\"605\">Cada classe ha preparat i compartit accions quotidianes que, quan les posem en pr\u00e0ctica, ens converteixen en gent de pau: escoltar-nos, respectar-nos, ajudar-nos, demanar perd\u00f3 o tenir cura dels altres. Petits gestos que, sumats, fan gran la conviv\u00e8ncia.<\/p>\n<p data-start=\"607\" data-end=\"786\">Despr\u00e9s, tota l\u2019escola ens hem reunit per cantar junts la can\u00e7\u00f3 dels valors de Can Fabra, un moment molt especial que ens recorda all\u00f2 que ens uneix com a comunitat educativa.<\/p>\n<p data-start=\"788\" data-end=\"1074\">La celebraci\u00f3 ha culminat amb un petit homenatge al Jes\u00fas, que despr\u00e9s de molts anys formant part de la vida de Can Fabra inicia una nova etapa amb la seva jubilaci\u00f3. Ha estat una manera senzilla per\u00f2 sincera d\u2019agrair-li la dedicaci\u00f3, el comprom\u00eds i l\u2019empremta que deixa a l\u2019escola.<\/p>\n<p data-start=\"1076\" data-end=\"1203\">Ha estat un dia per recordar que la pau es construeix cada dia, amb les nostres accions i amb les persones que fan escola.<\/p>\n<p data-start=\"1076\" data-end=\"1203\">A continuaci\u00f3 podreu trobar un petit <a href=\"https:\/\/agora.xtec.cat\/escolacanfabra\/album-fotos-2022\/\">recull de fotografies<\/a>.<\/p>\n","protected":false},"excerpt":{"rendered":"<p>A Can Fabra hem celebrat el Dia de la Pau amb una jornada plena de reflexi\u00f3, emoci\u00f3 i valors compartits. Cada classe ha preparat i compartit accions quotidianes que, quan les posem en pr\u00e0ctica, ens converteixen en gent de pau: escoltar-nos, respectar-nos, ajudar-nos, demanar perd\u00f3 o tenir cura dels altres. Petits gestos que, sumats, fan [&hellip;]<\/p>\n","protected":false},"author":3,"featured_media":8022,"comment_status":"open","ping_status":"open","sticky":false,"template":"","format":"standard","meta":{"_bbp_topic_count":0,"_bbp_reply_count":0,"_bbp_total_topic_count":0,"_bbp_total_reply_count":0,"_bbp_voice_count":0,"_bbp_anonymous_reply_count":0,"_bbp_topic_count_hidden":0,"_bbp_reply_count_hidden":0,"_bbp_forum_subforum_count":0,"site-sidebar-layout":"default","site-content-layout":"","ast-site-content-layout":"","site-content-style":"default","site-sidebar-style":"default","ast-global-header-display":"","ast-banner-title-visibility":"","ast-main-header-display":"","ast-hfb-above-header-display":"","ast-hfb-below-header-display":"","ast-hfb-mobile-header-display":"","site-post-title":"","ast-breadcrumbs-content":"","ast-featured-img":"","footer-sml-layout":"","theme-transparent-header-meta":"","adv-header-id-meta":"","stick-header-meta":"","header-above-stick-meta":"","header-main-stick-meta":"","header-below-stick-meta":"","astra-migrate-meta-layouts":"default","ast-page-background-enabled":"default","ast-page-background-meta":{"desktop":{"background-color":"var(--ast-global-color-5)","background-image":"","background-repeat":"repeat","background-position":"center center","background-size":"auto","background-attachment":"scroll","background-type":"","background-media":"","overlay-type":"","overlay-color":"","overlay-opacity":"","overlay-gradient":""},"tablet":{"background-color":"","background-image":"","background-repeat":"repeat","background-position":"center center","background-size":"auto","background-attachment":"scroll","background-type":"","background-media":"","overlay-type":"","overlay-color":"","overlay-opacity":"","overlay-gradient":""},"mobile":{"background-color":"","background-image":"","background-repeat":"repeat","background-position":"center center","background-size":"auto","background-attachment":"scroll","background-type":"","background-media":"","overlay-type":"","overlay-color":"","overlay-opacity":"","overlay-gradient":""}},"ast-content-background-meta":{"desktop":{"background-color":"var(--ast-global-color-4)","background-image":"","background-repeat":"repeat","background-position":"center center","background-size":"auto","background-attachment":"scroll","background-type":"","background-media":"","overlay-type":"","overlay-color":"","overlay-opacity":"","overlay-gradient":""},"tablet":{"background-color":"var(--ast-global-color-4)","background-image":"","background-repeat":"repeat","background-position":"center center","background-size":"auto","background-attachment":"scroll","background-type":"","background-media":"","overlay-type":"","overlay-color":"","overlay-opacity":"","overlay-gradient":""},"mobile":{"background-color":"var(--ast-global-color-4)","background-image":"","background-repeat":"repeat","background-position":"center center","background-size":"auto","background-attachment":"scroll","background-type":"","background-media":"","overlay-type":"","overlay-color":"","overlay-opacity":"","overlay-gradient":""}},"footnotes":""},"categories":[1,2,290,241,289,288,262,287,266,286,285,272,284,278,279,292,4,263],"tags":[],"class_list":["post-34619","post","type-post","status-publish","format-standard","has-post-thumbnail","hentry","category-general","category-infantil","category-nascuts-2014","category-nascuts-2015","category-nascuts2015-4t","category-nascuts2015","category-nascuts-2016","category-nascuts2016","category-nascuts-2017","category-nascuts2017","category-nascuts2018","category-nascuts-2019","category-nascuts2019","category-nascuts2020","category-nascuts-2021","category-nascuts2022","category-portada","category-primaria"],"post_mailing_queue_ids":[],"_links":{"self":[{"href":"https:\/\/agora.xtec.cat\/escolacanfabra\/wp-json\/wp\/v2\/posts\/34619","targetHints":{"allow":["GET"]}}],"collection":[{"href":"https:\/\/agora.xtec.cat\/escolacanfabra\/wp-json\/wp\/v2\/posts"}],"about":[{"href":"https:\/\/agora.xtec.cat\/escolacanfabra\/wp-json\/wp\/v2\/types\/post"}],"author":[{"embeddable":true,"href":"https:\/\/agora.xtec.cat\/escolacanfabra\/wp-json\/wp\/v2\/users\/3"}],"replies":[{"embeddable":true,"href":"https:\/\/agora.xtec.cat\/escolacanfabra\/wp-json\/wp\/v2\/comments?post=34619"}],"version-history":[{"count":1,"href":"https:\/\/agora.xtec.cat\/escolacanfabra\/wp-json\/wp\/v2\/posts\/34619\/revisions"}],"predecessor-version":[{"id":34620,"href":"https:\/\/agora.xtec.cat\/escolacanfabra\/wp-json\/wp\/v2\/posts\/34619\/revisions\/34620"}],"wp:featuredmedia":[{"embeddable":true,"href":"https:\/\/agora.xtec.cat\/escolacanfabra\/wp-json\/wp\/v2\/media\/8022"}],"wp:attachment":[{"href":"https:\/\/agora.xtec.cat\/escolacanfabra\/wp-json\/wp\/v2\/media?parent=34619"}],"wp:term":[{"taxonomy":"category","embeddable":true,"href":"https:\/\/agora.xtec.cat\/escolacanfabra\/wp-json\/wp\/v2\/categories?post=34619"},{"taxonomy":"post_tag","embeddable":true,"href":"https:\/\/agora.xtec.cat\/escolacanfabra\/wp-json\/wp\/v2\/tags?post=34619"}],"curies":[{"name":"wp","href":"https:\/\/api.w.org\/{rel}","templated":true}]}}