{"id":34545,"date":"2026-01-14T10:00:01","date_gmt":"2026-01-14T09:00:01","guid":{"rendered":"https:\/\/agora.xtec.cat\/escolacanfabra\/?p=34545"},"modified":"2026-01-13T21:28:53","modified_gmt":"2026-01-13T20:28:53","slug":"ci_visitem-la-fundacio-antoni-tapies-2","status":"publish","type":"post","link":"https:\/\/agora.xtec.cat\/escolacanfabra\/general\/ci_visitem-la-fundacio-antoni-tapies-2\/","title":{"rendered":"CI_VISITEM LA FUNDACI\u00d3 ANTONI T\u00c0PIES"},"content":{"rendered":"<header class=\"entry-header\">\n<p data-path-to-node=\"4\">Bon dia, fam\u00edlies!<\/p>\n<p data-path-to-node=\"5\">Ahir, els alumnes de Cicle Inicial que encara no hem participat en el <b data-path-to-node=\"5\" data-index-in-node=\"73\">Taller d\u2019Artistes<\/b> (corresponents a la tercera, quarta i cinquena ronda) vam viure una experi\u00e8ncia molt especial a la <b data-path-to-node=\"5\" data-index-in-node=\"190\">Fundaci\u00f3 Antoni T\u00e0pies<\/b>.<\/p>\n<p data-path-to-node=\"6\">Vam rec\u00f3rrer els espais del museu i vam descobrir pintures i escultures d\u2019aquest artista catal\u00e0 tan singular. Les seves obres ens van sorprendre i ens van convidar a mirar, pensar i imaginar m\u00e9s enll\u00e0 del que es veu a primera vista.<\/p>\n<p data-path-to-node=\"7\">Aquesta sortida \u00e9s el punt de partida del nostre taller: al llarg de cinc sessions, ens deixarem inspirar per l\u2019univers de T\u00e0pies i <b data-path-to-node=\"7\" data-index-in-node=\"132\">experimentarem amb diferents materials i t\u00e8cniques<\/b> per donar forma a les nostres pr\u00f2pies creacions.<\/p>\n<p>Aqu\u00ed us deixem algunes <a href=\"https:\/\/agora.xtec.cat\/escolacanfabra\/album-fotos-2019\/\">fotografies<\/a> perqu\u00e8 pugueu reviure amb nosaltres aquests instants plens d\u2019art.<\/p>\n<\/header>\n","protected":false},"excerpt":{"rendered":"<p>Bon dia, fam\u00edlies! Ahir, els alumnes de Cicle Inicial que encara no hem participat en el Taller d\u2019Artistes (corresponents a la tercera, quarta i cinquena ronda) vam viure una experi\u00e8ncia molt especial a la Fundaci\u00f3 Antoni T\u00e0pies. Vam rec\u00f3rrer els espais del museu i vam descobrir pintures i escultures d\u2019aquest artista catal\u00e0 tan singular. Les [&hellip;]<\/p>\n","protected":false},"author":3,"featured_media":34130,"comment_status":"open","ping_status":"open","sticky":false,"template":"","format":"standard","meta":{"_bbp_topic_count":0,"_bbp_reply_count":0,"_bbp_total_topic_count":0,"_bbp_total_reply_count":0,"_bbp_voice_count":0,"_bbp_anonymous_reply_count":0,"_bbp_topic_count_hidden":0,"_bbp_reply_count_hidden":0,"_bbp_forum_subforum_count":0,"site-sidebar-layout":"default","site-content-layout":"","ast-site-content-layout":"","site-content-style":"default","site-sidebar-style":"default","ast-global-header-display":"","ast-banner-title-visibility":"","ast-main-header-display":"","ast-hfb-above-header-display":"","ast-hfb-below-header-display":"","ast-hfb-mobile-header-display":"","site-post-title":"","ast-breadcrumbs-content":"","ast-featured-img":"","footer-sml-layout":"","theme-transparent-header-meta":"","adv-header-id-meta":"","stick-header-meta":"","header-above-stick-meta":"","header-main-stick-meta":"","header-below-stick-meta":"","astra-migrate-meta-layouts":"default","ast-page-background-enabled":"default","ast-page-background-meta":{"desktop":{"background-color":"var(--ast-global-color-5)","background-image":"","background-repeat":"repeat","background-position":"center center","background-size":"auto","background-attachment":"scroll","background-type":"","background-media":"","overlay-type":"","overlay-color":"","overlay-opacity":"","overlay-gradient":""},"tablet":{"background-color":"","background-image":"","background-repeat":"repeat","background-position":"center center","background-size":"auto","background-attachment":"scroll","background-type":"","background-media":"","overlay-type":"","overlay-color":"","overlay-opacity":"","overlay-gradient":""},"mobile":{"background-color":"","background-image":"","background-repeat":"repeat","background-position":"center center","background-size":"auto","background-attachment":"scroll","background-type":"","background-media":"","overlay-type":"","overlay-color":"","overlay-opacity":"","overlay-gradient":""}},"ast-content-background-meta":{"desktop":{"background-color":"var(--ast-global-color-4)","background-image":"","background-repeat":"repeat","background-position":"center center","background-size":"auto","background-attachment":"scroll","background-type":"","background-media":"","overlay-type":"","overlay-color":"","overlay-opacity":"","overlay-gradient":""},"tablet":{"background-color":"var(--ast-global-color-4)","background-image":"","background-repeat":"repeat","background-position":"center center","background-size":"auto","background-attachment":"scroll","background-type":"","background-media":"","overlay-type":"","overlay-color":"","overlay-opacity":"","overlay-gradient":""},"mobile":{"background-color":"var(--ast-global-color-4)","background-image":"","background-repeat":"repeat","background-position":"center center","background-size":"auto","background-attachment":"scroll","background-type":"","background-media":"","overlay-type":"","overlay-color":"","overlay-opacity":"","overlay-gradient":""}},"footnotes":""},"categories":[1,285,272,4,263],"tags":[],"class_list":["post-34545","post","type-post","status-publish","format-standard","has-post-thumbnail","hentry","category-general","category-nascuts2018","category-nascuts-2019","category-portada","category-primaria"],"post_mailing_queue_ids":[],"_links":{"self":[{"href":"https:\/\/agora.xtec.cat\/escolacanfabra\/wp-json\/wp\/v2\/posts\/34545","targetHints":{"allow":["GET"]}}],"collection":[{"href":"https:\/\/agora.xtec.cat\/escolacanfabra\/wp-json\/wp\/v2\/posts"}],"about":[{"href":"https:\/\/agora.xtec.cat\/escolacanfabra\/wp-json\/wp\/v2\/types\/post"}],"author":[{"embeddable":true,"href":"https:\/\/agora.xtec.cat\/escolacanfabra\/wp-json\/wp\/v2\/users\/3"}],"replies":[{"embeddable":true,"href":"https:\/\/agora.xtec.cat\/escolacanfabra\/wp-json\/wp\/v2\/comments?post=34545"}],"version-history":[{"count":6,"href":"https:\/\/agora.xtec.cat\/escolacanfabra\/wp-json\/wp\/v2\/posts\/34545\/revisions"}],"predecessor-version":[{"id":34570,"href":"https:\/\/agora.xtec.cat\/escolacanfabra\/wp-json\/wp\/v2\/posts\/34545\/revisions\/34570"}],"wp:featuredmedia":[{"embeddable":true,"href":"https:\/\/agora.xtec.cat\/escolacanfabra\/wp-json\/wp\/v2\/media\/34130"}],"wp:attachment":[{"href":"https:\/\/agora.xtec.cat\/escolacanfabra\/wp-json\/wp\/v2\/media?parent=34545"}],"wp:term":[{"taxonomy":"category","embeddable":true,"href":"https:\/\/agora.xtec.cat\/escolacanfabra\/wp-json\/wp\/v2\/categories?post=34545"},{"taxonomy":"post_tag","embeddable":true,"href":"https:\/\/agora.xtec.cat\/escolacanfabra\/wp-json\/wp\/v2\/tags?post=34545"}],"curies":[{"name":"wp","href":"https:\/\/api.w.org\/{rel}","templated":true}]}}