{"id":34397,"date":"2025-11-30T18:44:04","date_gmt":"2025-11-30T17:44:04","guid":{"rendered":"https:\/\/agora.xtec.cat\/escolacanfabra\/?p=34397"},"modified":"2025-11-30T18:44:04","modified_gmt":"2025-11-30T17:44:04","slug":"i5_dibuixem-un-arbre-del-pati","status":"publish","type":"post","link":"https:\/\/agora.xtec.cat\/escolacanfabra\/general\/i5_dibuixem-un-arbre-del-pati\/","title":{"rendered":"I5_DIBUIXEM UN ARBRE DEL PATI."},"content":{"rendered":"<p>AQUEST MES DE <em>NOVEMBRE<\/em>, ELS ALUMNES D\u00b4I5 HAN PORTAT A TERME UNA EXPERI\u00c8NCIA VIVENCIAL, DE CONTACTE DIRECTE AMB LA NATURA I D&#8217;OBSERVACI\u00d3 AL NATURAL DE L&#8217;ENTORN QUE ENS ENVOLTA: <strong>DIBUIXAR AL NATURAL ELS ARBRES DEL NOSTRE PATI<em>.<\/em><\/strong><\/p>\n<p>A TRAV\u00c9S DEL <em>TREBALL DE REPRESENTACI\u00d3<\/em> DEL <strong>&#8220;JO DIBUIXO&#8221;<\/strong>, DE MANERA MENSUAL, ELS INFANTS D\u00b4I5 TREBALLEM CONJUNTAMENT LA <em>CONSCIENCIACI\u00d3 ENVERS L\u00b4ENTORN<\/em>, FENT LA <strong>REPRESENTACI\u00d3 GR\u00c0FICA D\u00b4UN ELEMENT PROPER<\/strong>, DESPR\u00c9S D\u00b4UNA <em>OBSERVACI\u00d3 DETALLADA I UNA REFLEXI\u00d3 CONJUNTA<\/em>.<\/p>\n<p>AQUEST MES DE NOVEMBRE HEM GAUDIT MOLT\u00cdSSIM TOT OBSERVANT ELS ARBRES DEL PATI, TOCANT-LOS I PERCEBENT LES SEVES CARACTER\u00cdSTIQUES AMB ELS NOSTRES SENTITS: <em>COLORS, FORMES, TEXTURES<\/em>.. TOT INTENTANT <strong><em>REPRESENTAR I REINTERPRETAR UN D&#8217;AQUESTS ARBRES, POSANT MOLTA ATENCI\u00d3, CONCENTRACI\u00d3 I SENSIBILITAT CREATIVA.<\/em><\/strong><\/p>\n<p>AQUEST NOM\u00c9S \u00c9S UN\u00a0<em>PETIT BOC\u00cd<\/em>\u00a0DELS\u00a0<strong>TREBALLS DE REPRESENTACI\u00d3<\/strong>\u00a0QUE REALITZEM A I5, AL LLARG DE TOT EL CURS, PER\u00d2 QUE VOL\u00cdEM COMPARTIR AMB TOTES VOSALTRES.<\/p>\n<p>GAUDIU MOLT\u00cdSSIM DEL RECULL D\u00b4IMATGES QUE US PRESENTEM A CONTINUACI\u00d3 <a href=\"https:\/\/agora.xtec.cat\/escolacanfabra\/album-fotos-2020\/\">AQU\u00cd.<\/a><\/p>\n","protected":false},"excerpt":{"rendered":"<p>AQUEST MES DE NOVEMBRE, ELS ALUMNES D\u00b4I5 HAN PORTAT A TERME UNA EXPERI\u00c8NCIA VIVENCIAL, DE CONTACTE DIRECTE AMB LA NATURA I D&#8217;OBSERVACI\u00d3 AL NATURAL DE L&#8217;ENTORN QUE ENS ENVOLTA: DIBUIXAR AL NATURAL ELS ARBRES DEL NOSTRE PATI. A TRAV\u00c9S DEL TREBALL DE REPRESENTACI\u00d3 DEL &#8220;JO DIBUIXO&#8221;, DE MANERA MENSUAL, ELS INFANTS D\u00b4I5 TREBALLEM CONJUNTAMENT LA [&hellip;]<\/p>\n","protected":false},"author":3,"featured_media":34400,"comment_status":"open","ping_status":"open","sticky":false,"template":"","format":"standard","meta":{"_bbp_topic_count":0,"_bbp_reply_count":0,"_bbp_total_topic_count":0,"_bbp_total_reply_count":0,"_bbp_voice_count":0,"_bbp_anonymous_reply_count":0,"_bbp_topic_count_hidden":0,"_bbp_reply_count_hidden":0,"_bbp_forum_subforum_count":0,"site-sidebar-layout":"default","site-content-layout":"","ast-site-content-layout":"","site-content-style":"default","site-sidebar-style":"default","ast-global-header-display":"","ast-banner-title-visibility":"","ast-main-header-display":"","ast-hfb-above-header-display":"","ast-hfb-below-header-display":"","ast-hfb-mobile-header-display":"","site-post-title":"","ast-breadcrumbs-content":"","ast-featured-img":"","footer-sml-layout":"","theme-transparent-header-meta":"","adv-header-id-meta":"","stick-header-meta":"","header-above-stick-meta":"","header-main-stick-meta":"","header-below-stick-meta":"","astra-migrate-meta-layouts":"default","ast-page-background-enabled":"default","ast-page-background-meta":{"desktop":{"background-color":"var(--ast-global-color-5)","background-image":"","background-repeat":"repeat","background-position":"center center","background-size":"auto","background-attachment":"scroll","background-type":"","background-media":"","overlay-type":"","overlay-color":"","overlay-opacity":"","overlay-gradient":""},"tablet":{"background-color":"","background-image":"","background-repeat":"repeat","background-position":"center center","background-size":"auto","background-attachment":"scroll","background-type":"","background-media":"","overlay-type":"","overlay-color":"","overlay-opacity":"","overlay-gradient":""},"mobile":{"background-color":"","background-image":"","background-repeat":"repeat","background-position":"center center","background-size":"auto","background-attachment":"scroll","background-type":"","background-media":"","overlay-type":"","overlay-color":"","overlay-opacity":"","overlay-gradient":""}},"ast-content-background-meta":{"desktop":{"background-color":"var(--ast-global-color-4)","background-image":"","background-repeat":"repeat","background-position":"center center","background-size":"auto","background-attachment":"scroll","background-type":"","background-media":"","overlay-type":"","overlay-color":"","overlay-opacity":"","overlay-gradient":""},"tablet":{"background-color":"var(--ast-global-color-4)","background-image":"","background-repeat":"repeat","background-position":"center center","background-size":"auto","background-attachment":"scroll","background-type":"","background-media":"","overlay-type":"","overlay-color":"","overlay-opacity":"","overlay-gradient":""},"mobile":{"background-color":"var(--ast-global-color-4)","background-image":"","background-repeat":"repeat","background-position":"center center","background-size":"auto","background-attachment":"scroll","background-type":"","background-media":"","overlay-type":"","overlay-color":"","overlay-opacity":"","overlay-gradient":""}},"footnotes":""},"categories":[1,2,278,4],"tags":[],"class_list":["post-34397","post","type-post","status-publish","format-standard","has-post-thumbnail","hentry","category-general","category-infantil","category-nascuts2020","category-portada"],"post_mailing_queue_ids":[],"_links":{"self":[{"href":"https:\/\/agora.xtec.cat\/escolacanfabra\/wp-json\/wp\/v2\/posts\/34397","targetHints":{"allow":["GET"]}}],"collection":[{"href":"https:\/\/agora.xtec.cat\/escolacanfabra\/wp-json\/wp\/v2\/posts"}],"about":[{"href":"https:\/\/agora.xtec.cat\/escolacanfabra\/wp-json\/wp\/v2\/types\/post"}],"author":[{"embeddable":true,"href":"https:\/\/agora.xtec.cat\/escolacanfabra\/wp-json\/wp\/v2\/users\/3"}],"replies":[{"embeddable":true,"href":"https:\/\/agora.xtec.cat\/escolacanfabra\/wp-json\/wp\/v2\/comments?post=34397"}],"version-history":[{"count":1,"href":"https:\/\/agora.xtec.cat\/escolacanfabra\/wp-json\/wp\/v2\/posts\/34397\/revisions"}],"predecessor-version":[{"id":34399,"href":"https:\/\/agora.xtec.cat\/escolacanfabra\/wp-json\/wp\/v2\/posts\/34397\/revisions\/34399"}],"wp:featuredmedia":[{"embeddable":true,"href":"https:\/\/agora.xtec.cat\/escolacanfabra\/wp-json\/wp\/v2\/media\/34400"}],"wp:attachment":[{"href":"https:\/\/agora.xtec.cat\/escolacanfabra\/wp-json\/wp\/v2\/media?parent=34397"}],"wp:term":[{"taxonomy":"category","embeddable":true,"href":"https:\/\/agora.xtec.cat\/escolacanfabra\/wp-json\/wp\/v2\/categories?post=34397"},{"taxonomy":"post_tag","embeddable":true,"href":"https:\/\/agora.xtec.cat\/escolacanfabra\/wp-json\/wp\/v2\/tags?post=34397"}],"curies":[{"name":"wp","href":"https:\/\/api.w.org\/{rel}","templated":true}]}}