{"id":34221,"date":"2025-10-30T17:00:00","date_gmt":"2025-10-30T16:00:00","guid":{"rendered":"https:\/\/agora.xtec.cat\/escolacanfabra\/?p=34221"},"modified":"2025-10-29T19:19:18","modified_gmt":"2025-10-29T18:19:18","slug":"4t-sortida-a-la-seu-del-districte-de-sant-andreu","status":"publish","type":"post","link":"https:\/\/agora.xtec.cat\/escolacanfabra\/portada\/4t-sortida-a-la-seu-del-districte-de-sant-andreu\/","title":{"rendered":"4t-Sortida a la Seu del Districte de Sant Andreu"},"content":{"rendered":"<article class=\"text-token-text-primary w-full focus:outline-none [--shadow-height:45px] has-data-writing-block:pointer-events-none has-data-writing-block:-mt-(--shadow-height) has-data-writing-block:pt-(--shadow-height) [&amp;:has([data-writing-block])&gt;*]:pointer-events-auto [content-visibility:auto] supports-[content-visibility:auto]:[contain-intrinsic-size:auto_100lvh] scroll-mt-[calc(var(--header-height)+min(200px,max(70px,20svh)))]\" dir=\"auto\" tabindex=\"-1\" data-turn-id=\"request-WEB:6a4c4f95-9bbf-452b-972b-6af4092f5569-0\" data-testid=\"conversation-turn-2\" data-scroll-anchor=\"true\" data-turn=\"assistant\">\n<div class=\"text-base my-auto mx-auto pb-10 [--thread-content-margin:--spacing(4)] thread-sm:[--thread-content-margin:--spacing(6)] thread-lg:[--thread-content-margin:--spacing(16)] px-(--thread-content-margin)\">\n<div class=\"[--thread-content-max-width:40rem] thread-lg:[--thread-content-max-width:48rem] mx-auto max-w-(--thread-content-max-width) flex-1 group\/turn-messages focus-visible:outline-hidden relative flex w-full min-w-0 flex-col agent-turn\" tabindex=\"-1\">\n<div class=\"flex max-w-full flex-col grow\">\n<div class=\"min-h-8 text-message relative flex w-full flex-col items-end gap-2 text-start break-words whitespace-normal [.text-message+&amp;]:mt-1\" dir=\"auto\" data-message-author-role=\"assistant\" data-message-id=\"660dd0a8-cfbd-4b5f-af21-8bd579e0a86f\" data-message-model-slug=\"gpt-5\">\n<div class=\"flex w-full flex-col gap-1 empty:hidden first:pt-[1px]\">\n<div class=\"markdown prose dark:prose-invert w-full break-words light markdown-new-styling\">\n<p data-start=\"1186\" data-end=\"1386\">\n<hr data-start=\"1388\" data-end=\"1391\" \/>\n<p data-start=\"194\" data-end=\"403\">Els infants de 4t han fet una sortida a la <strong data-start=\"237\" data-end=\"258\">seu del Districte<\/strong> per con\u00e8ixer de prop com funciona l\u2019administraci\u00f3 local i entendre millor com es prenen les decisions que afecten el nostre barri i la ciutat.<\/p>\n<p data-start=\"405\" data-end=\"875\">Durant la visita, ens han explicat <strong data-start=\"440\" data-end=\"480\">l\u2019estructura de govern del districte<\/strong>, qui hi treballa i quines <strong data-start=\"507\" data-end=\"519\">funcions<\/strong> fan: des de l\u2019atenci\u00f3 a la ciutadania fins a la gesti\u00f3 d\u2019espais p\u00fablics, activitats culturals o serveis per a la comunitat. Tamb\u00e9 hem apr\u00e8s que al capdavant hi ha un <strong data-start=\"686\" data-end=\"708\">regidor o regidora<\/strong>, i que el <strong data-start=\"719\" data-end=\"743\">Consell de Districte<\/strong> est\u00e0 format per representants dels diferents partits pol\u00edtics, que es reuneixen en els <strong data-start=\"831\" data-end=\"840\">plens<\/strong> per debatre i aprovar propostes.<\/p>\n<p data-start=\"877\" data-end=\"1184\">Per acabar, hem participat en una <strong data-start=\"911\" data-end=\"949\">activitat vivencial molt divertida<\/strong>: una <strong data-start=\"955\" data-end=\"977\">simulaci\u00f3 d\u2019un ple<\/strong>. Hem pogut experimentar com es prenen decisions per consens o per votaci\u00f3.<\/p>\n<p data-start=\"1186\" data-end=\"1386\">Ha estat una <strong data-start=\"1199\" data-end=\"1231\">experi\u00e8ncia molt enriquidora<\/strong> que ens ha ajudat a entendre millor com funciona la democr\u00e0cia al nostre entorn m\u00e9s proper.<\/p>\n<p data-start=\"1186\" data-end=\"1386\"><a href=\"https:\/\/agora.xtec.cat\/escolacanfabra\/album-fotos-2016b\/\">Fotos<\/a><\/p>\n<\/div>\n<\/div>\n<\/div>\n<\/div>\n<div class=\"z-0 flex min-h-[46px] justify-start\"><\/div>\n<\/div>\n<\/div>\n<\/article>\n<div class=\"pointer-events-none h-px w-px\" aria-hidden=\"true\" data-edge=\"true\"><\/div>\n<p>&nbsp;<\/p>\n","protected":false},"excerpt":{"rendered":"<p>Els infants de 4t han fet una sortida a la seu del Districte per con\u00e8ixer de prop com funciona l\u2019administraci\u00f3 local i entendre millor com es prenen les decisions que afecten el nostre barri i la ciutat. Durant la visita, ens han explicat l\u2019estructura de govern del districte, qui hi treballa i quines funcions fan: [&hellip;]<\/p>\n","protected":false},"author":3,"featured_media":34224,"comment_status":"open","ping_status":"open","sticky":false,"template":"","format":"standard","meta":{"_bbp_topic_count":0,"_bbp_reply_count":0,"_bbp_total_topic_count":0,"_bbp_total_reply_count":0,"_bbp_voice_count":0,"_bbp_anonymous_reply_count":0,"_bbp_topic_count_hidden":0,"_bbp_reply_count_hidden":0,"_bbp_forum_subforum_count":0,"site-sidebar-layout":"default","site-content-layout":"","ast-site-content-layout":"","site-content-style":"default","site-sidebar-style":"default","ast-global-header-display":"","ast-banner-title-visibility":"","ast-main-header-display":"","ast-hfb-above-header-display":"","ast-hfb-below-header-display":"","ast-hfb-mobile-header-display":"","site-post-title":"","ast-breadcrumbs-content":"","ast-featured-img":"","footer-sml-layout":"","theme-transparent-header-meta":"","adv-header-id-meta":"","stick-header-meta":"","header-above-stick-meta":"","header-main-stick-meta":"","header-below-stick-meta":"","astra-migrate-meta-layouts":"default","ast-page-background-enabled":"default","ast-page-background-meta":{"desktop":{"background-color":"var(--ast-global-color-5)","background-image":"","background-repeat":"repeat","background-position":"center center","background-size":"auto","background-attachment":"scroll","background-type":"","background-media":"","overlay-type":"","overlay-color":"","overlay-opacity":"","overlay-gradient":""},"tablet":{"background-color":"","background-image":"","background-repeat":"repeat","background-position":"center center","background-size":"auto","background-attachment":"scroll","background-type":"","background-media":"","overlay-type":"","overlay-color":"","overlay-opacity":"","overlay-gradient":""},"mobile":{"background-color":"","background-image":"","background-repeat":"repeat","background-position":"center center","background-size":"auto","background-attachment":"scroll","background-type":"","background-media":"","overlay-type":"","overlay-color":"","overlay-opacity":"","overlay-gradient":""}},"ast-content-background-meta":{"desktop":{"background-color":"var(--ast-global-color-4)","background-image":"","background-repeat":"repeat","background-position":"center center","background-size":"auto","background-attachment":"scroll","background-type":"","background-media":"","overlay-type":"","overlay-color":"","overlay-opacity":"","overlay-gradient":""},"tablet":{"background-color":"var(--ast-global-color-4)","background-image":"","background-repeat":"repeat","background-position":"center center","background-size":"auto","background-attachment":"scroll","background-type":"","background-media":"","overlay-type":"","overlay-color":"","overlay-opacity":"","overlay-gradient":""},"mobile":{"background-color":"var(--ast-global-color-4)","background-image":"","background-repeat":"repeat","background-position":"center center","background-size":"auto","background-attachment":"scroll","background-type":"","background-media":"","overlay-type":"","overlay-color":"","overlay-opacity":"","overlay-gradient":""}},"footnotes":""},"categories":[262,287,4,263],"tags":[],"class_list":["post-34221","post","type-post","status-publish","format-standard","has-post-thumbnail","hentry","category-nascuts-2016","category-nascuts2016","category-portada","category-primaria"],"post_mailing_queue_ids":[],"_links":{"self":[{"href":"https:\/\/agora.xtec.cat\/escolacanfabra\/wp-json\/wp\/v2\/posts\/34221","targetHints":{"allow":["GET"]}}],"collection":[{"href":"https:\/\/agora.xtec.cat\/escolacanfabra\/wp-json\/wp\/v2\/posts"}],"about":[{"href":"https:\/\/agora.xtec.cat\/escolacanfabra\/wp-json\/wp\/v2\/types\/post"}],"author":[{"embeddable":true,"href":"https:\/\/agora.xtec.cat\/escolacanfabra\/wp-json\/wp\/v2\/users\/3"}],"replies":[{"embeddable":true,"href":"https:\/\/agora.xtec.cat\/escolacanfabra\/wp-json\/wp\/v2\/comments?post=34221"}],"version-history":[{"count":1,"href":"https:\/\/agora.xtec.cat\/escolacanfabra\/wp-json\/wp\/v2\/posts\/34221\/revisions"}],"predecessor-version":[{"id":34225,"href":"https:\/\/agora.xtec.cat\/escolacanfabra\/wp-json\/wp\/v2\/posts\/34221\/revisions\/34225"}],"wp:featuredmedia":[{"embeddable":true,"href":"https:\/\/agora.xtec.cat\/escolacanfabra\/wp-json\/wp\/v2\/media\/34224"}],"wp:attachment":[{"href":"https:\/\/agora.xtec.cat\/escolacanfabra\/wp-json\/wp\/v2\/media?parent=34221"}],"wp:term":[{"taxonomy":"category","embeddable":true,"href":"https:\/\/agora.xtec.cat\/escolacanfabra\/wp-json\/wp\/v2\/categories?post=34221"},{"taxonomy":"post_tag","embeddable":true,"href":"https:\/\/agora.xtec.cat\/escolacanfabra\/wp-json\/wp\/v2\/tags?post=34221"}],"curies":[{"name":"wp","href":"https:\/\/api.w.org\/{rel}","templated":true}]}}