{"id":34204,"date":"2025-10-23T10:00:32","date_gmt":"2025-10-23T08:00:32","guid":{"rendered":"https:\/\/agora.xtec.cat\/escolacanfabra\/?p=34204"},"modified":"2025-10-23T19:00:25","modified_gmt":"2025-10-23T17:00:25","slug":"i5-5e_1a-trobada_apadrinament-lector","status":"publish","type":"post","link":"https:\/\/agora.xtec.cat\/escolacanfabra\/general\/i5-5e_1a-trobada_apadrinament-lector\/","title":{"rendered":"I5 + 5\u00e8_1\u00aa TROBADA_APADRINAMENT LECTOR"},"content":{"rendered":"<p>Aquesta setmana, els grups d&#8217;I5 i 5\u00e8 han fet la <strong>primera trobada d&#8217;Apadrinament Lector.<\/strong> L&#8217;apadrinament consisteix a programar <em>un seguit d&#8217;activitats entre aquests grups,<\/em> per tal que <em>l&#8217;alumnat m\u00e9s gran ajudi a incentivar el gust a la lectura dels infants m\u00e9s petits<\/em>.<\/p>\n<p>La primera sessi\u00f3 va ser al pati d&#8217;Ed. Infantil, on les noies i els nois de 5\u00e8 van preparar aquest espai perqu\u00e8 fos <em>acollidor<\/em> i van triar un seguit de <em>llibres il.lustrats<\/em> per explicar als infants d&#8217;I5. D&#8217;aquesta sessi\u00f3 van anar sorgint parelles de nens i nenes formades per una padrina o padr\u00ed de 5\u00e8 i una fillola o fillol d&#8217;I5, aquestes parelles lectores s\u00b4aniran confegint i consolidant durant les pr\u00f2ximes setmanes, i un cop establertes tindran continu\u00eftat al llarg de dos cursos, fins que els infants de 5\u00e8 marxin de l&#8217;escola.<\/p>\n<p>Aquesta trobada va ser <strong>un moment m\u00e0gic i tranquil,<\/strong> on tots van gaudir molt: <em>mentre el m\u00e9s gran explicava el conte, el m\u00e9s petit escoltava i observava les il\u00b7lustracions.<\/em><\/p>\n<p><a href=\"https:\/\/agora.xtec.cat\/escolacanfabra\/album-fotos-2020\/\">Aqu\u00ed<\/a> podeu veure algunes fotos d&#8217;aquest moment tan especial!<\/p>\n","protected":false},"excerpt":{"rendered":"<p>Aquesta setmana, els grups d&#8217;I5 i 5\u00e8 han fet la primera trobada d&#8217;Apadrinament Lector. L&#8217;apadrinament consisteix a programar un seguit d&#8217;activitats entre aquests grups, per tal que l&#8217;alumnat m\u00e9s gran ajudi a incentivar el gust a la lectura dels infants m\u00e9s petits. La primera sessi\u00f3 va ser al pati d&#8217;Ed. Infantil, on les noies i [&hellip;]<\/p>\n","protected":false},"author":3,"featured_media":30044,"comment_status":"open","ping_status":"closed","sticky":false,"template":"","format":"standard","meta":{"_bbp_topic_count":0,"_bbp_reply_count":0,"_bbp_total_topic_count":0,"_bbp_total_reply_count":0,"_bbp_voice_count":0,"_bbp_anonymous_reply_count":0,"_bbp_topic_count_hidden":0,"_bbp_reply_count_hidden":0,"_bbp_forum_subforum_count":0,"site-sidebar-layout":"default","site-content-layout":"","ast-site-content-layout":"","site-content-style":"default","site-sidebar-style":"default","ast-global-header-display":"","ast-banner-title-visibility":"","ast-main-header-display":"","ast-hfb-above-header-display":"","ast-hfb-below-header-display":"","ast-hfb-mobile-header-display":"","site-post-title":"","ast-breadcrumbs-content":"","ast-featured-img":"","footer-sml-layout":"","theme-transparent-header-meta":"","adv-header-id-meta":"","stick-header-meta":"","header-above-stick-meta":"","header-main-stick-meta":"","header-below-stick-meta":"","astra-migrate-meta-layouts":"default","ast-page-background-enabled":"default","ast-page-background-meta":{"desktop":{"background-color":"var(--ast-global-color-5)","background-image":"","background-repeat":"repeat","background-position":"center center","background-size":"auto","background-attachment":"scroll","background-type":"","background-media":"","overlay-type":"","overlay-color":"","overlay-opacity":"","overlay-gradient":""},"tablet":{"background-color":"","background-image":"","background-repeat":"repeat","background-position":"center center","background-size":"auto","background-attachment":"scroll","background-type":"","background-media":"","overlay-type":"","overlay-color":"","overlay-opacity":"","overlay-gradient":""},"mobile":{"background-color":"","background-image":"","background-repeat":"repeat","background-position":"center center","background-size":"auto","background-attachment":"scroll","background-type":"","background-media":"","overlay-type":"","overlay-color":"","overlay-opacity":"","overlay-gradient":""}},"ast-content-background-meta":{"desktop":{"background-color":"var(--ast-global-color-4)","background-image":"","background-repeat":"repeat","background-position":"center center","background-size":"auto","background-attachment":"scroll","background-type":"","background-media":"","overlay-type":"","overlay-color":"","overlay-opacity":"","overlay-gradient":""},"tablet":{"background-color":"var(--ast-global-color-4)","background-image":"","background-repeat":"repeat","background-position":"center center","background-size":"auto","background-attachment":"scroll","background-type":"","background-media":"","overlay-type":"","overlay-color":"","overlay-opacity":"","overlay-gradient":""},"mobile":{"background-color":"var(--ast-global-color-4)","background-image":"","background-repeat":"repeat","background-position":"center center","background-size":"auto","background-attachment":"scroll","background-type":"","background-media":"","overlay-type":"","overlay-color":"","overlay-opacity":"","overlay-gradient":""}},"footnotes":""},"categories":[1,2,241,288,289,278,71,4],"tags":[],"class_list":["post-34204","post","type-post","status-publish","format-standard","has-post-thumbnail","hentry","category-general","category-infantil","category-nascuts-2015","category-nascuts2015","category-nascuts2015-4t","category-nascuts2020","category-noticies","category-portada"],"post_mailing_queue_ids":[],"_links":{"self":[{"href":"https:\/\/agora.xtec.cat\/escolacanfabra\/wp-json\/wp\/v2\/posts\/34204","targetHints":{"allow":["GET"]}}],"collection":[{"href":"https:\/\/agora.xtec.cat\/escolacanfabra\/wp-json\/wp\/v2\/posts"}],"about":[{"href":"https:\/\/agora.xtec.cat\/escolacanfabra\/wp-json\/wp\/v2\/types\/post"}],"author":[{"embeddable":true,"href":"https:\/\/agora.xtec.cat\/escolacanfabra\/wp-json\/wp\/v2\/users\/3"}],"replies":[{"embeddable":true,"href":"https:\/\/agora.xtec.cat\/escolacanfabra\/wp-json\/wp\/v2\/comments?post=34204"}],"version-history":[{"count":5,"href":"https:\/\/agora.xtec.cat\/escolacanfabra\/wp-json\/wp\/v2\/posts\/34204\/revisions"}],"predecessor-version":[{"id":34215,"href":"https:\/\/agora.xtec.cat\/escolacanfabra\/wp-json\/wp\/v2\/posts\/34204\/revisions\/34215"}],"wp:featuredmedia":[{"embeddable":true,"href":"https:\/\/agora.xtec.cat\/escolacanfabra\/wp-json\/wp\/v2\/media\/30044"}],"wp:attachment":[{"href":"https:\/\/agora.xtec.cat\/escolacanfabra\/wp-json\/wp\/v2\/media?parent=34204"}],"wp:term":[{"taxonomy":"category","embeddable":true,"href":"https:\/\/agora.xtec.cat\/escolacanfabra\/wp-json\/wp\/v2\/categories?post=34204"},{"taxonomy":"post_tag","embeddable":true,"href":"https:\/\/agora.xtec.cat\/escolacanfabra\/wp-json\/wp\/v2\/tags?post=34204"}],"curies":[{"name":"wp","href":"https:\/\/api.w.org\/{rel}","templated":true}]}}