{"id":34124,"date":"2025-10-01T16:01:01","date_gmt":"2025-10-01T14:01:01","guid":{"rendered":"https:\/\/agora.xtec.cat\/escolacanfabra\/?p=34124"},"modified":"2025-10-02T07:02:06","modified_gmt":"2025-10-02T05:02:06","slug":"ci_visitem-la-fundacio-antoni-tapies","status":"publish","type":"post","link":"https:\/\/agora.xtec.cat\/escolacanfabra\/general\/ci_visitem-la-fundacio-antoni-tapies\/","title":{"rendered":"CI_VISITEM LA FUNDACI\u00d3 ANTONI T\u00c0PIES!"},"content":{"rendered":"<p data-start=\"164\" data-end=\"351\">Bona tarda, fam\u00edlies!<\/p>\n<p data-start=\"164\" data-end=\"351\">Ahir, els alumnes de <strong data-start=\"185\" data-end=\"202\">cicle inicial<\/strong> que participem en el <strong data-start=\"221\" data-end=\"242\">taller d\u2019Artistes (<\/strong>primera i segona ronda), vam viure una experi\u00e8ncia molt especial a la <strong data-start=\"322\" data-end=\"348\">Fundaci\u00f3 Antoni T\u00e0pies<\/strong>.<\/p>\n<p data-start=\"353\" data-end=\"715\">Vam rec\u00f3rrer els espais de la Fundaci\u00f3 i vam descobrir quadres i escultures d\u2019aquest pintor i escultor catal\u00e0 tan singular. Les seves obres ens van sorprendre i ens van convidar a <strong data-start=\"533\" data-end=\"561\">mirar, pensar i imaginar<\/strong> m\u00e9s enll\u00e0 del que veiem a primera vista. Vam mostrar molta curiositat i vam gaudir compartint preguntes i idees plenes de creativitat.<\/p>\n<p data-start=\"717\" data-end=\"949\">Aquesta sortida \u00e9s el <strong data-start=\"745\" data-end=\"782\">punt de partida del nostre taller<\/strong>: al llarg de cinc sessions ens deixarem inspirar per T\u00e0pies i experimentarem amb diferents materials i t\u00e8cniques per donar forma a les nostres pr\u00f2pies creacions.<\/p>\n<p data-start=\"951\" data-end=\"1069\">Aqu\u00ed us deixem algunes <a href=\"https:\/\/agora.xtec.cat\/escolacanfabra\/album-fotos-2019\/\">fotografies<\/a> perqu\u00e8 pugueu reviure amb nosaltres aquests instants plens d\u2019art.<\/p>\n","protected":false},"excerpt":{"rendered":"<p>Bona tarda, fam\u00edlies! Ahir, els alumnes de cicle inicial que participem en el taller d\u2019Artistes (primera i segona ronda), vam viure una experi\u00e8ncia molt especial a la Fundaci\u00f3 Antoni T\u00e0pies. Vam rec\u00f3rrer els espais de la Fundaci\u00f3 i vam descobrir quadres i escultures d\u2019aquest pintor i escultor catal\u00e0 tan singular. Les seves obres ens van [&hellip;]<\/p>\n","protected":false},"author":3,"featured_media":34130,"comment_status":"open","ping_status":"open","sticky":false,"template":"","format":"standard","meta":{"_bbp_topic_count":0,"_bbp_reply_count":0,"_bbp_total_topic_count":0,"_bbp_total_reply_count":0,"_bbp_voice_count":0,"_bbp_anonymous_reply_count":0,"_bbp_topic_count_hidden":0,"_bbp_reply_count_hidden":0,"_bbp_forum_subforum_count":0,"site-sidebar-layout":"default","site-content-layout":"","ast-site-content-layout":"","site-content-style":"default","site-sidebar-style":"default","ast-global-header-display":"","ast-banner-title-visibility":"","ast-main-header-display":"","ast-hfb-above-header-display":"","ast-hfb-below-header-display":"","ast-hfb-mobile-header-display":"","site-post-title":"","ast-breadcrumbs-content":"","ast-featured-img":"","footer-sml-layout":"","theme-transparent-header-meta":"","adv-header-id-meta":"","stick-header-meta":"","header-above-stick-meta":"","header-main-stick-meta":"","header-below-stick-meta":"","astra-migrate-meta-layouts":"default","ast-page-background-enabled":"default","ast-page-background-meta":{"desktop":{"background-color":"var(--ast-global-color-5)","background-image":"","background-repeat":"repeat","background-position":"center center","background-size":"auto","background-attachment":"scroll","background-type":"","background-media":"","overlay-type":"","overlay-color":"","overlay-opacity":"","overlay-gradient":""},"tablet":{"background-color":"","background-image":"","background-repeat":"repeat","background-position":"center center","background-size":"auto","background-attachment":"scroll","background-type":"","background-media":"","overlay-type":"","overlay-color":"","overlay-opacity":"","overlay-gradient":""},"mobile":{"background-color":"","background-image":"","background-repeat":"repeat","background-position":"center center","background-size":"auto","background-attachment":"scroll","background-type":"","background-media":"","overlay-type":"","overlay-color":"","overlay-opacity":"","overlay-gradient":""}},"ast-content-background-meta":{"desktop":{"background-color":"var(--ast-global-color-4)","background-image":"","background-repeat":"repeat","background-position":"center center","background-size":"auto","background-attachment":"scroll","background-type":"","background-media":"","overlay-type":"","overlay-color":"","overlay-opacity":"","overlay-gradient":""},"tablet":{"background-color":"var(--ast-global-color-4)","background-image":"","background-repeat":"repeat","background-position":"center center","background-size":"auto","background-attachment":"scroll","background-type":"","background-media":"","overlay-type":"","overlay-color":"","overlay-opacity":"","overlay-gradient":""},"mobile":{"background-color":"var(--ast-global-color-4)","background-image":"","background-repeat":"repeat","background-position":"center center","background-size":"auto","background-attachment":"scroll","background-type":"","background-media":"","overlay-type":"","overlay-color":"","overlay-opacity":"","overlay-gradient":""}},"footnotes":""},"categories":[1,272,284,4,263],"tags":[],"class_list":["post-34124","post","type-post","status-publish","format-standard","has-post-thumbnail","hentry","category-general","category-nascuts-2019","category-nascuts2019","category-portada","category-primaria"],"post_mailing_queue_ids":[],"_links":{"self":[{"href":"https:\/\/agora.xtec.cat\/escolacanfabra\/wp-json\/wp\/v2\/posts\/34124","targetHints":{"allow":["GET"]}}],"collection":[{"href":"https:\/\/agora.xtec.cat\/escolacanfabra\/wp-json\/wp\/v2\/posts"}],"about":[{"href":"https:\/\/agora.xtec.cat\/escolacanfabra\/wp-json\/wp\/v2\/types\/post"}],"author":[{"embeddable":true,"href":"https:\/\/agora.xtec.cat\/escolacanfabra\/wp-json\/wp\/v2\/users\/3"}],"replies":[{"embeddable":true,"href":"https:\/\/agora.xtec.cat\/escolacanfabra\/wp-json\/wp\/v2\/comments?post=34124"}],"version-history":[{"count":5,"href":"https:\/\/agora.xtec.cat\/escolacanfabra\/wp-json\/wp\/v2\/posts\/34124\/revisions"}],"predecessor-version":[{"id":34137,"href":"https:\/\/agora.xtec.cat\/escolacanfabra\/wp-json\/wp\/v2\/posts\/34124\/revisions\/34137"}],"wp:featuredmedia":[{"embeddable":true,"href":"https:\/\/agora.xtec.cat\/escolacanfabra\/wp-json\/wp\/v2\/media\/34130"}],"wp:attachment":[{"href":"https:\/\/agora.xtec.cat\/escolacanfabra\/wp-json\/wp\/v2\/media?parent=34124"}],"wp:term":[{"taxonomy":"category","embeddable":true,"href":"https:\/\/agora.xtec.cat\/escolacanfabra\/wp-json\/wp\/v2\/categories?post=34124"},{"taxonomy":"post_tag","embeddable":true,"href":"https:\/\/agora.xtec.cat\/escolacanfabra\/wp-json\/wp\/v2\/tags?post=34124"}],"curies":[{"name":"wp","href":"https:\/\/api.w.org\/{rel}","templated":true}]}}