{"id":34071,"date":"2025-09-13T18:48:50","date_gmt":"2025-09-13T16:48:50","guid":{"rendered":"https:\/\/agora.xtec.cat\/escolacanfabra\/?p=34071"},"modified":"2025-09-13T18:48:50","modified_gmt":"2025-09-13T16:48:50","slug":"i4-i5_primers-dies_curs-25-26","status":"publish","type":"post","link":"https:\/\/agora.xtec.cat\/escolacanfabra\/general\/i4-i5_primers-dies_curs-25-26\/","title":{"rendered":"I4 + I5_PRIMERS DIES_CURS 25-26"},"content":{"rendered":"<p>ESTIMADES FAM\u00cdLIES, VOLEM COMPARTIR AMB TOTS I TOTES VOSALTRES ELS NOSTRES PRIMERS DIES, MOMENTS, DESCOBERTES I PETITES GRANS ESTONES D\u00b4AQUEST INICI DE CURS A I4 I A I5.<\/p>\n<p>COM VEUREU HEM COMEN\u00c7AT EL CURS PLENS D\u00b4IL.LUSI\u00d3, NOVES RUTINES I DIN\u00c0MIQUES I MOLT\u00cdSSIMES GANES D\u00b4APRENDRE I GAUDIR!<\/p>\n<p>AQU\u00cd US DEIXEM UN PETIT RECULL FOTOGR\u00c0FIC D\u00b4ALGUNS D\u00b4AQUESTS MOMENTS DEL NOSTRE INICI DE CURS. ESPEREM QUE EL GAUDIU:<\/p>\n<ul>\n<li><a href=\"https:\/\/agora.xtec.cat\/escolacanfabra\/album-fotos-2021\/\">I4<\/a><\/li>\n<li><a href=\"https:\/\/agora.xtec.cat\/escolacanfabra\/album-fotos-2020\/\">I5<\/a><\/li>\n<\/ul>\n","protected":false},"excerpt":{"rendered":"<p>ESTIMADES FAM\u00cdLIES, VOLEM COMPARTIR AMB TOTS I TOTES VOSALTRES ELS NOSTRES PRIMERS DIES, MOMENTS, DESCOBERTES I PETITES GRANS ESTONES D\u00b4AQUEST INICI DE CURS A I4 I A I5. COM VEUREU HEM COMEN\u00c7AT EL CURS PLENS D\u00b4IL.LUSI\u00d3, NOVES RUTINES I DIN\u00c0MIQUES I MOLT\u00cdSSIMES GANES D\u00b4APRENDRE I GAUDIR! AQU\u00cd US DEIXEM UN PETIT RECULL FOTOGR\u00c0FIC D\u00b4ALGUNS D\u00b4AQUESTS [&hellip;]<\/p>\n","protected":false},"author":3,"featured_media":34067,"comment_status":"open","ping_status":"open","sticky":false,"template":"","format":"standard","meta":{"_bbp_topic_count":0,"_bbp_reply_count":0,"_bbp_total_topic_count":0,"_bbp_total_reply_count":0,"_bbp_voice_count":0,"_bbp_anonymous_reply_count":0,"_bbp_topic_count_hidden":0,"_bbp_reply_count_hidden":0,"_bbp_forum_subforum_count":0,"site-sidebar-layout":"default","site-content-layout":"","ast-site-content-layout":"","site-content-style":"default","site-sidebar-style":"default","ast-global-header-display":"","ast-banner-title-visibility":"","ast-main-header-display":"","ast-hfb-above-header-display":"","ast-hfb-below-header-display":"","ast-hfb-mobile-header-display":"","site-post-title":"","ast-breadcrumbs-content":"","ast-featured-img":"","footer-sml-layout":"","theme-transparent-header-meta":"","adv-header-id-meta":"","stick-header-meta":"","header-above-stick-meta":"","header-main-stick-meta":"","header-below-stick-meta":"","astra-migrate-meta-layouts":"default","ast-page-background-enabled":"default","ast-page-background-meta":{"desktop":{"background-color":"var(--ast-global-color-5)","background-image":"","background-repeat":"repeat","background-position":"center center","background-size":"auto","background-attachment":"scroll","background-type":"","background-media":"","overlay-type":"","overlay-color":"","overlay-opacity":"","overlay-gradient":""},"tablet":{"background-color":"","background-image":"","background-repeat":"repeat","background-position":"center center","background-size":"auto","background-attachment":"scroll","background-type":"","background-media":"","overlay-type":"","overlay-color":"","overlay-opacity":"","overlay-gradient":""},"mobile":{"background-color":"","background-image":"","background-repeat":"repeat","background-position":"center center","background-size":"auto","background-attachment":"scroll","background-type":"","background-media":"","overlay-type":"","overlay-color":"","overlay-opacity":"","overlay-gradient":""}},"ast-content-background-meta":{"desktop":{"background-color":"var(--ast-global-color-4)","background-image":"","background-repeat":"repeat","background-position":"center center","background-size":"auto","background-attachment":"scroll","background-type":"","background-media":"","overlay-type":"","overlay-color":"","overlay-opacity":"","overlay-gradient":""},"tablet":{"background-color":"var(--ast-global-color-4)","background-image":"","background-repeat":"repeat","background-position":"center center","background-size":"auto","background-attachment":"scroll","background-type":"","background-media":"","overlay-type":"","overlay-color":"","overlay-opacity":"","overlay-gradient":""},"mobile":{"background-color":"var(--ast-global-color-4)","background-image":"","background-repeat":"repeat","background-position":"center center","background-size":"auto","background-attachment":"scroll","background-type":"","background-media":"","overlay-type":"","overlay-color":"","overlay-opacity":"","overlay-gradient":""}},"footnotes":""},"categories":[1,2,278,279,71,4],"tags":[],"class_list":["post-34071","post","type-post","status-publish","format-standard","has-post-thumbnail","hentry","category-general","category-infantil","category-nascuts2020","category-nascuts-2021","category-noticies","category-portada"],"post_mailing_queue_ids":[],"_links":{"self":[{"href":"https:\/\/agora.xtec.cat\/escolacanfabra\/wp-json\/wp\/v2\/posts\/34071","targetHints":{"allow":["GET"]}}],"collection":[{"href":"https:\/\/agora.xtec.cat\/escolacanfabra\/wp-json\/wp\/v2\/posts"}],"about":[{"href":"https:\/\/agora.xtec.cat\/escolacanfabra\/wp-json\/wp\/v2\/types\/post"}],"author":[{"embeddable":true,"href":"https:\/\/agora.xtec.cat\/escolacanfabra\/wp-json\/wp\/v2\/users\/3"}],"replies":[{"embeddable":true,"href":"https:\/\/agora.xtec.cat\/escolacanfabra\/wp-json\/wp\/v2\/comments?post=34071"}],"version-history":[{"count":1,"href":"https:\/\/agora.xtec.cat\/escolacanfabra\/wp-json\/wp\/v2\/posts\/34071\/revisions"}],"predecessor-version":[{"id":34072,"href":"https:\/\/agora.xtec.cat\/escolacanfabra\/wp-json\/wp\/v2\/posts\/34071\/revisions\/34072"}],"wp:featuredmedia":[{"embeddable":true,"href":"https:\/\/agora.xtec.cat\/escolacanfabra\/wp-json\/wp\/v2\/media\/34067"}],"wp:attachment":[{"href":"https:\/\/agora.xtec.cat\/escolacanfabra\/wp-json\/wp\/v2\/media?parent=34071"}],"wp:term":[{"taxonomy":"category","embeddable":true,"href":"https:\/\/agora.xtec.cat\/escolacanfabra\/wp-json\/wp\/v2\/categories?post=34071"},{"taxonomy":"post_tag","embeddable":true,"href":"https:\/\/agora.xtec.cat\/escolacanfabra\/wp-json\/wp\/v2\/tags?post=34071"}],"curies":[{"name":"wp","href":"https:\/\/api.w.org\/{rel}","templated":true}]}}