{"id":34007,"date":"2025-07-07T20:42:00","date_gmt":"2025-07-07T18:42:00","guid":{"rendered":"https:\/\/agora.xtec.cat\/escolacanfabra\/?p=34007"},"modified":"2025-07-07T20:42:00","modified_gmt":"2025-07-07T18:42:00","slug":"i5_treballem-la-simetria","status":"publish","type":"post","link":"https:\/\/agora.xtec.cat\/escolacanfabra\/general\/i5_treballem-la-simetria\/","title":{"rendered":"I5_TREBALLEM LA SIMETRIA"},"content":{"rendered":"<p>A FINAL DE CADA CURS, ELS INFANTS D\u00b4I5 FAN TOT UN TREBALL RELATIU A UN CONCEPTE MOLT IMPORTANT: <strong>LA SIMETRIA<\/strong>! PARTIM DEL NOSTRE PROPI COS, DE LA CONSTRUCCI\u00d3 PROGRESSIVA DE LA NOSTRA CONSCI\u00c8NCIA CORPORAL, PER ENTENDRE, COMPRENDRE I APRENDRE, DE MIQUETA EN MIQUETA, COM FUNCIONA EL NOSTRE COS I COM ENS ANEM FENT GRANS!<\/p>\n<p>INICIEM AQUEST CAM\u00cd TOT FENT UN <strong>TREBALL VIVENCIAL<\/strong> DES DE <em>PSICOMOTRICITAT<\/em>, APRENENT A VEURE, OBSERVAR I COMPARTIR AMB ELS NOSTRES IGUALS, <em>COM EST\u00c0 ESTRUCTURAT EL NOSTRE COS, COM PODEM ESTABLIR EL NOSTRE EIX DE SIMETRIA, I DE QUINA MANERA PODEM DETERMINAR DUES MEITATS IGUALS<\/em> EN EL NOSTRE COS AMB MATERIALS QUOTIDIANS I AL NOSTRE ABAST: CORDES EL\u00c0STIQUES, GUIXOS&#8230;<\/p>\n<p>SEGUIDAMENT, POSEM EN PR\u00c0CTICA ALL\u00d2 APR\u00c8S AMB <strong>MATERIAL ESPEC\u00cdFIC DE GRAFISME I TRA\u00c7<\/strong>, PER TREBALLAR LA SIMETRIA, DE <em>MANERA GRADUAL I PROGRESSIVA<\/em>.<\/p>\n<p>I FINALMENT, PASSEM A LA PART FINAL I M\u00c9S EMOCIONANT: FER LA <strong>TAPA DELS NOSTRES TREBALLS DE REPRESENTACI\u00d3<\/strong>! ON AMB MOLTA CURA, PACI\u00c8NCIA I CONCENTRACI\u00d3, <em>INTENTEM REPRODUIR LA MEITAT DEL NOSTRE COS<\/em>, TOT OBSERVANT AMB MOLT DE DETENIMENT EL NOSTRE PROPI COS: LES SEVES DIMENSIONS, AL\u00c7ADA, MIDA, SITUACI\u00d3, POSICI\u00d3&#8230;<\/p>\n<p>HAN ESTAT UNES SETMANES D\u00b4UN GRAN APRENENTATGE, PLE DE NOVES DESCOBERTES, REPTES I FITES, QUE ENTRE TOTS I TOTES HEM ANAT ACONSEGUINT SEMPRE AMB IL.LUSI\u00d3 I GANES DE SUPERAR-NOS!<\/p>\n<p>GAUDIU <a href=\"https:\/\/agora.xtec.cat\/escolacanfabra\/album-fotos-2019a\/\">AQU\u00cd<\/a> i<a href=\"https:\/\/agora.xtec.cat\/escolacanfabra\/album-fotos-2019b\/\"> AQU\u00cd<\/a> D\u00b4AQUEST RECULL D\u00b4IMATGES!<\/p>\n","protected":false},"excerpt":{"rendered":"<p>A FINAL DE CADA CURS, ELS INFANTS D\u00b4I5 FAN TOT UN TREBALL RELATIU A UN CONCEPTE MOLT IMPORTANT: LA SIMETRIA! PARTIM DEL NOSTRE PROPI COS, DE LA CONSTRUCCI\u00d3 PROGRESSIVA DE LA NOSTRA CONSCI\u00c8NCIA CORPORAL, PER ENTENDRE, COMPRENDRE I APRENDRE, DE MIQUETA EN MIQUETA, COM FUNCIONA EL NOSTRE COS I COM ENS ANEM FENT GRANS! INICIEM [&hellip;]<\/p>\n","protected":false},"author":3,"featured_media":34010,"comment_status":"open","ping_status":"open","sticky":false,"template":"","format":"standard","meta":{"_bbp_topic_count":0,"_bbp_reply_count":0,"_bbp_total_topic_count":0,"_bbp_total_reply_count":0,"_bbp_voice_count":0,"_bbp_anonymous_reply_count":0,"_bbp_topic_count_hidden":0,"_bbp_reply_count_hidden":0,"_bbp_forum_subforum_count":0,"site-sidebar-layout":"default","site-content-layout":"","ast-site-content-layout":"","site-content-style":"default","site-sidebar-style":"default","ast-global-header-display":"","ast-banner-title-visibility":"","ast-main-header-display":"","ast-hfb-above-header-display":"","ast-hfb-below-header-display":"","ast-hfb-mobile-header-display":"","site-post-title":"","ast-breadcrumbs-content":"","ast-featured-img":"","footer-sml-layout":"","theme-transparent-header-meta":"","adv-header-id-meta":"","stick-header-meta":"","header-above-stick-meta":"","header-main-stick-meta":"","header-below-stick-meta":"","astra-migrate-meta-layouts":"default","ast-page-background-enabled":"default","ast-page-background-meta":{"desktop":{"background-color":"var(--ast-global-color-5)","background-image":"","background-repeat":"repeat","background-position":"center center","background-size":"auto","background-attachment":"scroll","background-type":"","background-media":"","overlay-type":"","overlay-color":"","overlay-opacity":"","overlay-gradient":""},"tablet":{"background-color":"","background-image":"","background-repeat":"repeat","background-position":"center center","background-size":"auto","background-attachment":"scroll","background-type":"","background-media":"","overlay-type":"","overlay-color":"","overlay-opacity":"","overlay-gradient":""},"mobile":{"background-color":"","background-image":"","background-repeat":"repeat","background-position":"center center","background-size":"auto","background-attachment":"scroll","background-type":"","background-media":"","overlay-type":"","overlay-color":"","overlay-opacity":"","overlay-gradient":""}},"ast-content-background-meta":{"desktop":{"background-color":"var(--ast-global-color-4)","background-image":"","background-repeat":"repeat","background-position":"center center","background-size":"auto","background-attachment":"scroll","background-type":"","background-media":"","overlay-type":"","overlay-color":"","overlay-opacity":"","overlay-gradient":""},"tablet":{"background-color":"var(--ast-global-color-4)","background-image":"","background-repeat":"repeat","background-position":"center center","background-size":"auto","background-attachment":"scroll","background-type":"","background-media":"","overlay-type":"","overlay-color":"","overlay-opacity":"","overlay-gradient":""},"mobile":{"background-color":"var(--ast-global-color-4)","background-image":"","background-repeat":"repeat","background-position":"center center","background-size":"auto","background-attachment":"scroll","background-type":"","background-media":"","overlay-type":"","overlay-color":"","overlay-opacity":"","overlay-gradient":""}},"footnotes":""},"categories":[1,2,272,284,71,4],"tags":[],"class_list":["post-34007","post","type-post","status-publish","format-standard","has-post-thumbnail","hentry","category-general","category-infantil","category-nascuts-2019","category-nascuts2019","category-noticies","category-portada"],"post_mailing_queue_ids":[],"_links":{"self":[{"href":"https:\/\/agora.xtec.cat\/escolacanfabra\/wp-json\/wp\/v2\/posts\/34007","targetHints":{"allow":["GET"]}}],"collection":[{"href":"https:\/\/agora.xtec.cat\/escolacanfabra\/wp-json\/wp\/v2\/posts"}],"about":[{"href":"https:\/\/agora.xtec.cat\/escolacanfabra\/wp-json\/wp\/v2\/types\/post"}],"author":[{"embeddable":true,"href":"https:\/\/agora.xtec.cat\/escolacanfabra\/wp-json\/wp\/v2\/users\/3"}],"replies":[{"embeddable":true,"href":"https:\/\/agora.xtec.cat\/escolacanfabra\/wp-json\/wp\/v2\/comments?post=34007"}],"version-history":[{"count":1,"href":"https:\/\/agora.xtec.cat\/escolacanfabra\/wp-json\/wp\/v2\/posts\/34007\/revisions"}],"predecessor-version":[{"id":34011,"href":"https:\/\/agora.xtec.cat\/escolacanfabra\/wp-json\/wp\/v2\/posts\/34007\/revisions\/34011"}],"wp:featuredmedia":[{"embeddable":true,"href":"https:\/\/agora.xtec.cat\/escolacanfabra\/wp-json\/wp\/v2\/media\/34010"}],"wp:attachment":[{"href":"https:\/\/agora.xtec.cat\/escolacanfabra\/wp-json\/wp\/v2\/media?parent=34007"}],"wp:term":[{"taxonomy":"category","embeddable":true,"href":"https:\/\/agora.xtec.cat\/escolacanfabra\/wp-json\/wp\/v2\/categories?post=34007"},{"taxonomy":"post_tag","embeddable":true,"href":"https:\/\/agora.xtec.cat\/escolacanfabra\/wp-json\/wp\/v2\/tags?post=34007"}],"curies":[{"name":"wp","href":"https:\/\/api.w.org\/{rel}","templated":true}]}}