{"id":33788,"date":"2025-05-29T17:43:34","date_gmt":"2025-05-29T15:43:34","guid":{"rendered":"https:\/\/agora.xtec.cat\/escolacanfabra\/?p=33788"},"modified":"2025-05-29T17:44:02","modified_gmt":"2025-05-29T15:44:02","slug":"1rb-racons-de-treball-6a-proposta","status":"publish","type":"post","link":"https:\/\/agora.xtec.cat\/escolacanfabra\/portada\/1rb-racons-de-treball-6a-proposta\/","title":{"rendered":"1rB &#8211; RACONS DE TREBALL: 6a proposta"},"content":{"rendered":"<p>Un indici que el curs s&#8217;est\u00e0 acabant \u00e9s que ja hem fet l&#8217;\u00faltima ronda de racons de treball. Aquesta vegada les propostes han estat:<\/p>\n<ul>\n<li><strong>Rac\u00f3 de jocs de taula<\/strong> amb &#8220;<em>Lliga Lletres<\/em>&#8220;, de l&#8217;editorial FlexIQ. Un joc amb unes cartes hexagonals on en una cara hi ha imatges i, a l&#8217;altra, tres lletres. L&#8217;objectiu \u00e9s trobar una imatge que comenci amb una de les lletres mostrades.<\/li>\n<li><strong>Rac\u00f3 de l&#8217;ordinador<\/strong> on hem deixat volar la imaginaci\u00f3 creant un avatar amb l&#8217;aplicaci\u00f3 en l\u00ednia &#8220;avatar maker&#8221;.<\/li>\n<li><strong>Rac\u00f3 de penso i avan\u00e7o<\/strong> on, amb una adaptaci\u00f3 del joc de taula <em>&#8220;Diez ladrones&#8221;<\/em>, de l&#8217;editorial Falomir, on no interv\u00e9 la velocitat de processament, hem practicat els complementaris del 10.<\/li>\n<li><strong>Rac\u00f3 sorpresa<\/strong> on hem seguit treballant amb Cuboro, el joc de cubs de fusta per a fer pistes de bales. Aquesta vegada creacions lliures: dues pistes amb un final, una pista amb dos finals,&#8230;<\/li>\n<li><strong>Rac\u00f3 de pl\u00e0stica<\/strong> on hem conegut l&#8217;artista Tobia Rav\u00e0, que fa creacions art\u00edstiques realistes, nom\u00e9s amb n\u00fameros.<\/li>\n<\/ul>\n<p>Les estones de racons de treball s\u00f3n molt esperades i les gaudeixen molt\u00edssim.<\/p>\n<p>Us deixem <a href=\"https:\/\/agora.xtec.cat\/escolacanfabra\/album-fotos-2018b\/\" target=\"_blank\" rel=\"noopener\">aqu\u00ed les imatges d&#8217;aquesta \u00faltima ronda<\/a>.<\/p>\n","protected":false},"excerpt":{"rendered":"<p>Un indici que el curs s&#8217;est\u00e0 acabant \u00e9s que ja hem fet l&#8217;\u00faltima ronda de racons de treball. Aquesta vegada les propostes han estat: Rac\u00f3 de jocs de taula amb &#8220;Lliga Lletres&#8220;, de l&#8217;editorial FlexIQ. Un joc amb unes cartes hexagonals on en una cara hi ha imatges i, a l&#8217;altra, tres lletres. L&#8217;objectiu \u00e9s [&hellip;]<\/p>\n","protected":false},"author":3,"featured_media":33790,"comment_status":"open","ping_status":"closed","sticky":false,"template":"","format":"standard","meta":{"_bbp_topic_count":0,"_bbp_reply_count":0,"_bbp_total_topic_count":0,"_bbp_total_reply_count":0,"_bbp_voice_count":0,"_bbp_anonymous_reply_count":0,"_bbp_topic_count_hidden":0,"_bbp_reply_count_hidden":0,"_bbp_forum_subforum_count":0,"site-sidebar-layout":"default","site-content-layout":"","ast-site-content-layout":"","site-content-style":"default","site-sidebar-style":"default","ast-global-header-display":"","ast-banner-title-visibility":"","ast-main-header-display":"","ast-hfb-above-header-display":"","ast-hfb-below-header-display":"","ast-hfb-mobile-header-display":"","site-post-title":"","ast-breadcrumbs-content":"","ast-featured-img":"","footer-sml-layout":"","theme-transparent-header-meta":"","adv-header-id-meta":"","stick-header-meta":"","header-above-stick-meta":"","header-main-stick-meta":"","header-below-stick-meta":"","astra-migrate-meta-layouts":"default","ast-page-background-enabled":"default","ast-page-background-meta":{"desktop":{"background-color":"var(--ast-global-color-5)","background-image":"","background-repeat":"repeat","background-position":"center center","background-size":"auto","background-attachment":"scroll","background-type":"","background-media":"","overlay-type":"","overlay-color":"","overlay-opacity":"","overlay-gradient":""},"tablet":{"background-color":"","background-image":"","background-repeat":"repeat","background-position":"center center","background-size":"auto","background-attachment":"scroll","background-type":"","background-media":"","overlay-type":"","overlay-color":"","overlay-opacity":"","overlay-gradient":""},"mobile":{"background-color":"","background-image":"","background-repeat":"repeat","background-position":"center center","background-size":"auto","background-attachment":"scroll","background-type":"","background-media":"","overlay-type":"","overlay-color":"","overlay-opacity":"","overlay-gradient":""}},"ast-content-background-meta":{"desktop":{"background-color":"var(--ast-global-color-4)","background-image":"","background-repeat":"repeat","background-position":"center center","background-size":"auto","background-attachment":"scroll","background-type":"","background-media":"","overlay-type":"","overlay-color":"","overlay-opacity":"","overlay-gradient":""},"tablet":{"background-color":"var(--ast-global-color-4)","background-image":"","background-repeat":"repeat","background-position":"center center","background-size":"auto","background-attachment":"scroll","background-type":"","background-media":"","overlay-type":"","overlay-color":"","overlay-opacity":"","overlay-gradient":""},"mobile":{"background-color":"var(--ast-global-color-4)","background-image":"","background-repeat":"repeat","background-position":"center center","background-size":"auto","background-attachment":"scroll","background-type":"","background-media":"","overlay-type":"","overlay-color":"","overlay-opacity":"","overlay-gradient":""}},"footnotes":""},"categories":[285,4],"tags":[],"class_list":["post-33788","post","type-post","status-publish","format-standard","has-post-thumbnail","hentry","category-nascuts2018","category-portada"],"post_mailing_queue_ids":[],"_links":{"self":[{"href":"https:\/\/agora.xtec.cat\/escolacanfabra\/wp-json\/wp\/v2\/posts\/33788","targetHints":{"allow":["GET"]}}],"collection":[{"href":"https:\/\/agora.xtec.cat\/escolacanfabra\/wp-json\/wp\/v2\/posts"}],"about":[{"href":"https:\/\/agora.xtec.cat\/escolacanfabra\/wp-json\/wp\/v2\/types\/post"}],"author":[{"embeddable":true,"href":"https:\/\/agora.xtec.cat\/escolacanfabra\/wp-json\/wp\/v2\/users\/3"}],"replies":[{"embeddable":true,"href":"https:\/\/agora.xtec.cat\/escolacanfabra\/wp-json\/wp\/v2\/comments?post=33788"}],"version-history":[{"count":1,"href":"https:\/\/agora.xtec.cat\/escolacanfabra\/wp-json\/wp\/v2\/posts\/33788\/revisions"}],"predecessor-version":[{"id":33791,"href":"https:\/\/agora.xtec.cat\/escolacanfabra\/wp-json\/wp\/v2\/posts\/33788\/revisions\/33791"}],"wp:featuredmedia":[{"embeddable":true,"href":"https:\/\/agora.xtec.cat\/escolacanfabra\/wp-json\/wp\/v2\/media\/33790"}],"wp:attachment":[{"href":"https:\/\/agora.xtec.cat\/escolacanfabra\/wp-json\/wp\/v2\/media?parent=33788"}],"wp:term":[{"taxonomy":"category","embeddable":true,"href":"https:\/\/agora.xtec.cat\/escolacanfabra\/wp-json\/wp\/v2\/categories?post=33788"},{"taxonomy":"post_tag","embeddable":true,"href":"https:\/\/agora.xtec.cat\/escolacanfabra\/wp-json\/wp\/v2\/tags?post=33788"}],"curies":[{"name":"wp","href":"https:\/\/api.w.org\/{rel}","templated":true}]}}