{"id":33731,"date":"2025-05-16T10:00:08","date_gmt":"2025-05-16T08:00:08","guid":{"rendered":"https:\/\/agora.xtec.cat\/escolacanfabra\/?p=33731"},"modified":"2025-05-16T06:38:49","modified_gmt":"2025-05-16T04:38:49","slug":"2n-participem-en-el-12e-congres-de-ciencia","status":"publish","type":"post","link":"https:\/\/agora.xtec.cat\/escolacanfabra\/general\/2n-participem-en-el-12e-congres-de-ciencia\/","title":{"rendered":"2n participem en el 12\u00e8 Congr\u00e9s de Ci\u00e8ncia!"},"content":{"rendered":"<p class=\"\" data-start=\"315\" data-end=\"520\">Aquest dimarts 13 de maig va ser un dia molt especial per a l&#8217;alumnat de segon, ja que vam tenir l\u2019oportunitat de participar en el <strong data-start=\"450\" data-end=\"476\">12\u00e8 Congr\u00e9s de Ci\u00e8ncia<\/strong>, enguany sota el lema <strong data-start=\"499\" data-end=\"519\">&#8220;El bosc batega&#8221;<\/strong>.<\/p>\n<p class=\"\" data-start=\"522\" data-end=\"1031\">L\u2019emoci\u00f3 es podia respirar a l\u2019ambient mentre sent\u00edem els nostres representants exposar la nostra pon\u00e8ncia: <strong data-start=\"635\" data-end=\"726\">\u201cI si desapareguessin els arbres i les plantes del bosc de Collserola&#8230; qu\u00e8 passaria?\u201d<\/strong><br data-start=\"726\" data-end=\"729\" \/>Amb molta il\u00b7lusi\u00f3 i una mica de nervis, vam poder compartir la nostra recerca cient\u00edfica amb la resta d\u2019escoles participants. Va ser molt enriquidor escoltar les altres pon\u00e8ncies i veure com, des de diferents escoles, s\u2019ha treballat l\u2019univers del bosc des de perspectives diverses i molt interessants.<\/p>\n<p class=\"\" data-start=\"1033\" data-end=\"1225\">Va ser un mat\u00ed ple d\u2019emocions, pell de gallina, satisfacci\u00f3 i orgull, fruit de la feina feta durant mesos de recerca cient\u00edfica. Ens vam sentir com aut\u00e8ntics <strong data-start=\"1195\" data-end=\"1224\">cient\u00edfics i cient\u00edfiques<\/strong>!<\/p>\n<p class=\"\" data-start=\"1227\" data-end=\"1375\">Per acabar aquesta jornada tan especial, vam esmorzar tots junts i vam gaudir d\u2019una bona estona de joc i diversi\u00f3 al parc de la Barceloneta.<\/p>\n<p class=\"\" data-start=\"1377\" data-end=\"1451\">\ud83d\udcf8 <em data-start=\"1380\" data-end=\"1451\">Si voleu veure les fotografies d&#8217;aquest esdeveniment, cliqueu <a href=\"https:\/\/agora.xtec.cat\/escolacanfabra\/album-fotos-2017a\/\">[aqu\u00ed]<\/a>.<\/em><\/p>\n","protected":false},"excerpt":{"rendered":"<p>Aquest dimarts 13 de maig va ser un dia molt especial per a l&#8217;alumnat de segon, ja que vam tenir l\u2019oportunitat de participar en el 12\u00e8 Congr\u00e9s de Ci\u00e8ncia, enguany sota el lema &#8220;El bosc batega&#8221;. L\u2019emoci\u00f3 es podia respirar a l\u2019ambient mentre sent\u00edem els nostres representants exposar la nostra pon\u00e8ncia: \u201cI si desapareguessin els [&hellip;]<\/p>\n","protected":false},"author":3,"featured_media":33735,"comment_status":"open","ping_status":"closed","sticky":false,"template":"","format":"standard","meta":{"_bbp_topic_count":0,"_bbp_reply_count":0,"_bbp_total_topic_count":0,"_bbp_total_reply_count":0,"_bbp_voice_count":0,"_bbp_anonymous_reply_count":0,"_bbp_topic_count_hidden":0,"_bbp_reply_count_hidden":0,"_bbp_forum_subforum_count":0,"site-sidebar-layout":"default","site-content-layout":"","ast-site-content-layout":"","site-content-style":"default","site-sidebar-style":"default","ast-global-header-display":"","ast-banner-title-visibility":"","ast-main-header-display":"","ast-hfb-above-header-display":"","ast-hfb-below-header-display":"","ast-hfb-mobile-header-display":"","site-post-title":"","ast-breadcrumbs-content":"","ast-featured-img":"","footer-sml-layout":"","theme-transparent-header-meta":"","adv-header-id-meta":"","stick-header-meta":"","header-above-stick-meta":"","header-main-stick-meta":"","header-below-stick-meta":"","astra-migrate-meta-layouts":"default","ast-page-background-enabled":"default","ast-page-background-meta":{"desktop":{"background-color":"var(--ast-global-color-5)","background-image":"","background-repeat":"repeat","background-position":"center center","background-size":"auto","background-attachment":"scroll","background-type":"","background-media":"","overlay-type":"","overlay-color":"","overlay-opacity":"","overlay-gradient":""},"tablet":{"background-color":"","background-image":"","background-repeat":"repeat","background-position":"center center","background-size":"auto","background-attachment":"scroll","background-type":"","background-media":"","overlay-type":"","overlay-color":"","overlay-opacity":"","overlay-gradient":""},"mobile":{"background-color":"","background-image":"","background-repeat":"repeat","background-position":"center center","background-size":"auto","background-attachment":"scroll","background-type":"","background-media":"","overlay-type":"","overlay-color":"","overlay-opacity":"","overlay-gradient":""}},"ast-content-background-meta":{"desktop":{"background-color":"var(--ast-global-color-4)","background-image":"","background-repeat":"repeat","background-position":"center center","background-size":"auto","background-attachment":"scroll","background-type":"","background-media":"","overlay-type":"","overlay-color":"","overlay-opacity":"","overlay-gradient":""},"tablet":{"background-color":"var(--ast-global-color-4)","background-image":"","background-repeat":"repeat","background-position":"center center","background-size":"auto","background-attachment":"scroll","background-type":"","background-media":"","overlay-type":"","overlay-color":"","overlay-opacity":"","overlay-gradient":""},"mobile":{"background-color":"var(--ast-global-color-4)","background-image":"","background-repeat":"repeat","background-position":"center center","background-size":"auto","background-attachment":"scroll","background-type":"","background-media":"","overlay-type":"","overlay-color":"","overlay-opacity":"","overlay-gradient":""}},"footnotes":""},"categories":[1,266,286,71,4,263],"tags":[],"class_list":["post-33731","post","type-post","status-publish","format-standard","has-post-thumbnail","hentry","category-general","category-nascuts-2017","category-nascuts2017","category-noticies","category-portada","category-primaria"],"post_mailing_queue_ids":[],"_links":{"self":[{"href":"https:\/\/agora.xtec.cat\/escolacanfabra\/wp-json\/wp\/v2\/posts\/33731","targetHints":{"allow":["GET"]}}],"collection":[{"href":"https:\/\/agora.xtec.cat\/escolacanfabra\/wp-json\/wp\/v2\/posts"}],"about":[{"href":"https:\/\/agora.xtec.cat\/escolacanfabra\/wp-json\/wp\/v2\/types\/post"}],"author":[{"embeddable":true,"href":"https:\/\/agora.xtec.cat\/escolacanfabra\/wp-json\/wp\/v2\/users\/3"}],"replies":[{"embeddable":true,"href":"https:\/\/agora.xtec.cat\/escolacanfabra\/wp-json\/wp\/v2\/comments?post=33731"}],"version-history":[{"count":3,"href":"https:\/\/agora.xtec.cat\/escolacanfabra\/wp-json\/wp\/v2\/posts\/33731\/revisions"}],"predecessor-version":[{"id":33737,"href":"https:\/\/agora.xtec.cat\/escolacanfabra\/wp-json\/wp\/v2\/posts\/33731\/revisions\/33737"}],"wp:featuredmedia":[{"embeddable":true,"href":"https:\/\/agora.xtec.cat\/escolacanfabra\/wp-json\/wp\/v2\/media\/33735"}],"wp:attachment":[{"href":"https:\/\/agora.xtec.cat\/escolacanfabra\/wp-json\/wp\/v2\/media?parent=33731"}],"wp:term":[{"taxonomy":"category","embeddable":true,"href":"https:\/\/agora.xtec.cat\/escolacanfabra\/wp-json\/wp\/v2\/categories?post=33731"},{"taxonomy":"post_tag","embeddable":true,"href":"https:\/\/agora.xtec.cat\/escolacanfabra\/wp-json\/wp\/v2\/tags?post=33731"}],"curies":[{"name":"wp","href":"https:\/\/api.w.org\/{rel}","templated":true}]}}