{"id":33619,"date":"2025-04-25T17:37:46","date_gmt":"2025-04-25T15:37:46","guid":{"rendered":"https:\/\/agora.xtec.cat\/escolacanfabra\/?p=33619"},"modified":"2025-04-29T20:06:04","modified_gmt":"2025-04-29T18:06:04","slug":"sant-jordi-a-can-fabra-el-nostre-sant-jordi","status":"publish","type":"post","link":"https:\/\/agora.xtec.cat\/escolacanfabra\/general\/sant-jordi-a-can-fabra-el-nostre-sant-jordi\/","title":{"rendered":"SANT JORDI A CAN FABRA: EL NOSTRE SANT JORDI!"},"content":{"rendered":"<p>Aquesta setmana ha estat marcada per les activitats organitzades al voltant de Sant Jordi.<\/p>\n<p>Dimecres els infants van comen\u00e7ar a descobrir la m\u00e0gia de la biblioteca de l&#8217;escola, que, com cada curs, ha estat transformada i decorada per poder recrear-hi dos contes: L&#8217;Aneguet lleig i el Soldat de Plom. Enguany hem triat dos contes de l&#8217;escriptor dan\u00e8s Hans Christian Andersen perqu\u00e8 se celebra el 150\u00e8 aniversari de la seva mort. Per a la decoraci\u00f3 de la biblioteca hem comptat amb les fam\u00edlies de la Comissi\u00f3 de la Biblioteca, l&#8217;alumnat del Cicle Superior i l&#8217;equip de mestres de l&#8217;escola. La canalla d&#8217;I3, I4, I5, 1r i 2n ha gaudit del conte de l&#8217;Aneguet lleig que ha explicat la Montse, una mestra jubilada de l&#8217;escola. I l&#8217;alumnat de 3r a 6\u00e8 ha pogut escoltar el Soldadet de Plom a c\u00e0rrec de la Maria i la Sara, les mestres que fan les sessions de biblioteca d&#8217;aquests cursos.<\/p>\n<p>Per altra banda, tamb\u00e9 s&#8217;ha organitzat la &#8220;Mostra Creativa de Sant Jordi&#8221; i l&#8217;alumnat de l&#8217;escola ha portat creacions art\u00edstiques i liter\u00e0ries sobre algun dels contes d&#8217;Andersen.<\/p>\n<p>I per acabar, hem gaudit del tradicional &#8220;Intercanvi de llibres&#8221; amb signatura de personatges literaris. Com sempre hem tingut la col\u00b7laboraci\u00f3 de les fam\u00edlies de l&#8217;escola i, per segon any, d&#8217;exalumnes de Can Fabra.<\/p>\n<p>Aqu\u00ed teniu un<a href=\"https:\/\/agora.xtec.cat\/escolacanfabra\/serveis\/fotos-de-les-classes\/album-fotos-escola\/\"> recull de fotos<\/a> de les activitats de Sant Jordi.<\/p>\n","protected":false},"excerpt":{"rendered":"<p>Aquesta setmana ha estat marcada per les activitats organitzades al voltant de Sant Jordi. Dimecres els infants van comen\u00e7ar a descobrir la m\u00e0gia de la biblioteca de l&#8217;escola, que, com cada curs, ha estat transformada i decorada per poder recrear-hi dos contes: L&#8217;Aneguet lleig i el Soldat de Plom. Enguany hem triat dos contes de [&hellip;]<\/p>\n","protected":false},"author":3,"featured_media":33620,"comment_status":"open","ping_status":"closed","sticky":false,"template":"","format":"standard","meta":{"_bbp_topic_count":0,"_bbp_reply_count":0,"_bbp_total_topic_count":0,"_bbp_total_reply_count":0,"_bbp_voice_count":0,"_bbp_anonymous_reply_count":0,"_bbp_topic_count_hidden":0,"_bbp_reply_count_hidden":0,"_bbp_forum_subforum_count":0,"site-sidebar-layout":"default","site-content-layout":"","ast-site-content-layout":"","site-content-style":"default","site-sidebar-style":"default","ast-global-header-display":"","ast-banner-title-visibility":"","ast-main-header-display":"","ast-hfb-above-header-display":"","ast-hfb-below-header-display":"","ast-hfb-mobile-header-display":"","site-post-title":"","ast-breadcrumbs-content":"","ast-featured-img":"","footer-sml-layout":"","theme-transparent-header-meta":"","adv-header-id-meta":"","stick-header-meta":"","header-above-stick-meta":"","header-main-stick-meta":"","header-below-stick-meta":"","astra-migrate-meta-layouts":"default","ast-page-background-enabled":"default","ast-page-background-meta":{"desktop":{"background-color":"var(--ast-global-color-5)","background-image":"","background-repeat":"repeat","background-position":"center center","background-size":"auto","background-attachment":"scroll","background-type":"","background-media":"","overlay-type":"","overlay-color":"","overlay-opacity":"","overlay-gradient":""},"tablet":{"background-color":"","background-image":"","background-repeat":"repeat","background-position":"center center","background-size":"auto","background-attachment":"scroll","background-type":"","background-media":"","overlay-type":"","overlay-color":"","overlay-opacity":"","overlay-gradient":""},"mobile":{"background-color":"","background-image":"","background-repeat":"repeat","background-position":"center center","background-size":"auto","background-attachment":"scroll","background-type":"","background-media":"","overlay-type":"","overlay-color":"","overlay-opacity":"","overlay-gradient":""}},"ast-content-background-meta":{"desktop":{"background-color":"var(--ast-global-color-4)","background-image":"","background-repeat":"repeat","background-position":"center center","background-size":"auto","background-attachment":"scroll","background-type":"","background-media":"","overlay-type":"","overlay-color":"","overlay-opacity":"","overlay-gradient":""},"tablet":{"background-color":"var(--ast-global-color-4)","background-image":"","background-repeat":"repeat","background-position":"center center","background-size":"auto","background-attachment":"scroll","background-type":"","background-media":"","overlay-type":"","overlay-color":"","overlay-opacity":"","overlay-gradient":""},"mobile":{"background-color":"var(--ast-global-color-4)","background-image":"","background-repeat":"repeat","background-position":"center center","background-size":"auto","background-attachment":"scroll","background-type":"","background-media":"","overlay-type":"","overlay-color":"","overlay-opacity":"","overlay-gradient":""}},"footnotes":""},"categories":[72,1,2,291,290,241,262,266,285,272,278,279,71,4,263],"tags":[],"class_list":["post-33619","post","type-post","status-publish","format-standard","has-post-thumbnail","hentry","category-biblioteca","category-general","category-infantil","category-nascuts2013-6e","category-nascuts-2014","category-nascuts-2015","category-nascuts-2016","category-nascuts-2017","category-nascuts2018","category-nascuts-2019","category-nascuts2020","category-nascuts-2021","category-noticies","category-portada","category-primaria"],"post_mailing_queue_ids":[],"_links":{"self":[{"href":"https:\/\/agora.xtec.cat\/escolacanfabra\/wp-json\/wp\/v2\/posts\/33619","targetHints":{"allow":["GET"]}}],"collection":[{"href":"https:\/\/agora.xtec.cat\/escolacanfabra\/wp-json\/wp\/v2\/posts"}],"about":[{"href":"https:\/\/agora.xtec.cat\/escolacanfabra\/wp-json\/wp\/v2\/types\/post"}],"author":[{"embeddable":true,"href":"https:\/\/agora.xtec.cat\/escolacanfabra\/wp-json\/wp\/v2\/users\/3"}],"replies":[{"embeddable":true,"href":"https:\/\/agora.xtec.cat\/escolacanfabra\/wp-json\/wp\/v2\/comments?post=33619"}],"version-history":[{"count":2,"href":"https:\/\/agora.xtec.cat\/escolacanfabra\/wp-json\/wp\/v2\/posts\/33619\/revisions"}],"predecessor-version":[{"id":33654,"href":"https:\/\/agora.xtec.cat\/escolacanfabra\/wp-json\/wp\/v2\/posts\/33619\/revisions\/33654"}],"wp:featuredmedia":[{"embeddable":true,"href":"https:\/\/agora.xtec.cat\/escolacanfabra\/wp-json\/wp\/v2\/media\/33620"}],"wp:attachment":[{"href":"https:\/\/agora.xtec.cat\/escolacanfabra\/wp-json\/wp\/v2\/media?parent=33619"}],"wp:term":[{"taxonomy":"category","embeddable":true,"href":"https:\/\/agora.xtec.cat\/escolacanfabra\/wp-json\/wp\/v2\/categories?post=33619"},{"taxonomy":"post_tag","embeddable":true,"href":"https:\/\/agora.xtec.cat\/escolacanfabra\/wp-json\/wp\/v2\/tags?post=33619"}],"curies":[{"name":"wp","href":"https:\/\/api.w.org\/{rel}","templated":true}]}}