{"id":33463,"date":"2025-04-01T20:04:35","date_gmt":"2025-04-01T18:04:35","guid":{"rendered":"https:\/\/agora.xtec.cat\/escolacanfabra\/?p=33463"},"modified":"2025-04-01T20:05:02","modified_gmt":"2025-04-01T18:05:02","slug":"i5b_xerrada-dexperts-sobre-la-llengua-de-signes_2n-projecte","status":"publish","type":"post","link":"https:\/\/agora.xtec.cat\/escolacanfabra\/general\/i5b_xerrada-dexperts-sobre-la-llengua-de-signes_2n-projecte\/","title":{"rendered":"I5B_XERRADA D\u00b4EXPERTS SOBRE LA LLENGUA DE SIGNES_2n Projecte"},"content":{"rendered":"<p>EL\u00a0<strong>DILLUNS 31 DE MAR\u00c7<\/strong> VA SER BEN ESPECIAL PELS NENS I LES NENES DE LA CLASSE DELS <em>GIRA-SOLS<\/em>: VAM TENIR LA GRAN SORT DE REBRE <strong>LA VISITA DE 2 PERSONES EXPERTES EN LA LLENGUA DE SIGNES !!<\/strong><\/p>\n<p>FA ALGUNES SETMANES QUE ESTEM CAPBUSSATS DINS DEL\u00a0<em>NOSTRE SEGON PROJECTE<\/em>\u00a0D\u00b4AQUEST CURS:\u00a0<strong>PER QU\u00c8 HI HA PERSONES QUE NO HI SENTEN?<\/strong>, I DESPR\u00c9S DE COMEN\u00c7AR A CERCAR INFORMACI\u00d3 ALS <em>LLIBRES, CONTES, VEURE ALGUNS V\u00cdDEOS O PRESENTACIONS DID\u00c0CTIQUES<\/em>..ENS HEM ADONAT QUE TEN\u00cdEM BEN A PROP A PERSONES\u00a0<strong>MOLT EXPERTES<\/strong>\u00a0QUE ENS PODIEN AJUDAR A EIXAMPLAR ELS NOSTRES CONEIXEMENTS D\u00b4UNA MANERA VIVENCIAL I MOLT SIGNIFICATIVA.<\/p>\n<p>LA <strong>JUDITH CASTILLO<\/strong>, <em>MARE DE LA IVET<\/em>; I EL SEU COMPANY DE FEINA: L\u00b4<strong>ENRIC LLUCH<\/strong>, COM A <em>PROFESSIONALS DE L\u00b4\u00c0MBIT EDUCATIU I RELATIU A LA COMUNICACI\u00d3 ENTRE LES PERSONES O\u00cfDORES I LES PERSONES SORDES: UNA, COM A <strong>MEMBRE DEL CREDA<\/strong> (CENTRE DE RECURSOS EDUCATIUS PER A DEFICIENTS AUDITIUS) i <strong>MESTRA DE L\u00b4ESCOLA TRES PINS DE BARCELONA<\/strong>; I L\u00b4ALTRE, COM A <strong>INT\u00c8RPRET DE LLENGUA DE SIGNES<\/strong>, I ALHORA, FILL OIENT DE PARES SORDS (<strong>CODA<\/strong>: CHILDREN OF DEAF ADULTS)<\/em>, ENS VAN EXPLICAR QUINA ERA LA SEVA <em>TASCA PROFESSIONAL<\/em>, I LA SEVA <em>EXPERI\u00c8NCIA PERSONAL<\/em>, EN CONTACTE AMB <em>INFANTS I ADULTS AMB DIFICULTATS\/ DISCAPACITAT AUDITIVA<\/em>: COM \u00c9S EL DIA A DIA A L\u00b4AULA O DURANT LES SESSIONS D\u00b4ACOMPANYAMENT A PERSONES SORDES, QUINS MATERIALS ES FAN SERVIR PER AFAVORIR LA COMUNICACI\u00d3&#8230;I SOBRETOT, ENS VAN FER <strong>UNA MASTERCLASS SOBRE NOCIONS B\u00c0SIQUES DE COMUNICACI\u00d3 EN LLENGUA DE SIGNES<\/strong>, <em>PLENA D\u00b4EMPATIA, TENDRESA I CONSCIENCIACI\u00d3 ENVERS LA DIVERSITAT QUE ENS ENVOLTA I LES CAPACITATS DIFERENTS I ENRIQUIDORES QUE TOTS I TOTES TENIM<\/em>!<\/p>\n<p>VAM GAUDIR MOLT\u00cdSSIM AMB LA SEVA VISITA I AMB TOT ALL\u00d2 QUE ENS VAN EXPLICAR I QUE VAM APRENDRE A FER PLEGATS: <em>L\u00b4ABECEDARI I EL CALENDARI AMB LLENGUA DE SIGNES, TOT DE P\u00d2STERS PER PRACTICAR LES SALUTACIONS, ELS COLORS, ELS DIES DE LA SETMANA&#8230;UNA <a href=\"https:\/\/youtu.be\/u2NNooE8nwo?si=lpccofT3ffJ13tSV\">CAN\u00c7\u00d3 BEN ESPECIAL<\/a> PER NOSALTRES, AMB LA INTERPRETACI\u00d3 SIMULT\u00c0NIA EN LLENGUA DE SIGNES, I UN CONTE BEN ESPECIAL ANOMENAT: &#8220;<a href=\"https:\/\/issuu.com\/trepax\/docs\/capasos-catala\">SOM CAPA\u00c7OS<\/a>&#8220;<\/em><\/p>\n<p><iframe loading=\"lazy\" title=\"YouTube video player\" src=\"\/\/www.youtube.com\/embed\/u2NNooE8nwo?si=lpccofT3ffJ13tSV\" width=\"560\" height=\"315\" frameborder=\"0\" allowfullscreen=\"allowfullscreen\"><\/iframe><\/p>\n<p><em>MOLT\u00cdSSIMES GR\u00c0CIES, JUDITH i ENRIC<\/em>,\u00a0<em>PER COMPARTIR AMB TOTS I TOTES NOSALTRES LA VOSTRA SAVIESA I PER GAUDIR PLEGATS D\u00b4UNA ESTONA MERAVELLOSA!<\/em><\/p>\n<p><a href=\"https:\/\/agora.xtec.cat\/escolacanfabra\/album-fotos-2019b\/\">AQU\u00cd<\/a>\u00a0PODREU VEURE UN RECULL D\u00b4IMATGES DE LA SESSI\u00d3!<\/p>\n<p>CONTINUAR\u00c0&#8230;<\/p>\n","protected":false},"excerpt":{"rendered":"<p>EL\u00a0DILLUNS 31 DE MAR\u00c7 VA SER BEN ESPECIAL PELS NENS I LES NENES DE LA CLASSE DELS GIRA-SOLS: VAM TENIR LA GRAN SORT DE REBRE LA VISITA DE 2 PERSONES EXPERTES EN LA LLENGUA DE SIGNES !! FA ALGUNES SETMANES QUE ESTEM CAPBUSSATS DINS DEL\u00a0NOSTRE SEGON PROJECTE\u00a0D\u00b4AQUEST CURS:\u00a0PER QU\u00c8 HI HA PERSONES QUE NO HI [&hellip;]<\/p>\n","protected":false},"author":3,"featured_media":33465,"comment_status":"open","ping_status":"closed","sticky":false,"template":"","format":"standard","meta":{"_bbp_topic_count":0,"_bbp_reply_count":0,"_bbp_total_topic_count":0,"_bbp_total_reply_count":0,"_bbp_voice_count":0,"_bbp_anonymous_reply_count":0,"_bbp_topic_count_hidden":0,"_bbp_reply_count_hidden":0,"_bbp_forum_subforum_count":0,"site-sidebar-layout":"default","site-content-layout":"","ast-site-content-layout":"","site-content-style":"default","site-sidebar-style":"default","ast-global-header-display":"","ast-banner-title-visibility":"","ast-main-header-display":"","ast-hfb-above-header-display":"","ast-hfb-below-header-display":"","ast-hfb-mobile-header-display":"","site-post-title":"","ast-breadcrumbs-content":"","ast-featured-img":"","footer-sml-layout":"","theme-transparent-header-meta":"","adv-header-id-meta":"","stick-header-meta":"","header-above-stick-meta":"","header-main-stick-meta":"","header-below-stick-meta":"","astra-migrate-meta-layouts":"default","ast-page-background-enabled":"default","ast-page-background-meta":{"desktop":{"background-color":"var(--ast-global-color-5)","background-image":"","background-repeat":"repeat","background-position":"center center","background-size":"auto","background-attachment":"scroll","background-type":"","background-media":"","overlay-type":"","overlay-color":"","overlay-opacity":"","overlay-gradient":""},"tablet":{"background-color":"","background-image":"","background-repeat":"repeat","background-position":"center center","background-size":"auto","background-attachment":"scroll","background-type":"","background-media":"","overlay-type":"","overlay-color":"","overlay-opacity":"","overlay-gradient":""},"mobile":{"background-color":"","background-image":"","background-repeat":"repeat","background-position":"center center","background-size":"auto","background-attachment":"scroll","background-type":"","background-media":"","overlay-type":"","overlay-color":"","overlay-opacity":"","overlay-gradient":""}},"ast-content-background-meta":{"desktop":{"background-color":"var(--ast-global-color-4)","background-image":"","background-repeat":"repeat","background-position":"center center","background-size":"auto","background-attachment":"scroll","background-type":"","background-media":"","overlay-type":"","overlay-color":"","overlay-opacity":"","overlay-gradient":""},"tablet":{"background-color":"var(--ast-global-color-4)","background-image":"","background-repeat":"repeat","background-position":"center center","background-size":"auto","background-attachment":"scroll","background-type":"","background-media":"","overlay-type":"","overlay-color":"","overlay-opacity":"","overlay-gradient":""},"mobile":{"background-color":"var(--ast-global-color-4)","background-image":"","background-repeat":"repeat","background-position":"center center","background-size":"auto","background-attachment":"scroll","background-type":"","background-media":"","overlay-type":"","overlay-color":"","overlay-opacity":"","overlay-gradient":""}},"footnotes":""},"categories":[1,2,272,71,4],"tags":[],"class_list":["post-33463","post","type-post","status-publish","format-standard","has-post-thumbnail","hentry","category-general","category-infantil","category-nascuts-2019","category-noticies","category-portada"],"post_mailing_queue_ids":[],"_links":{"self":[{"href":"https:\/\/agora.xtec.cat\/escolacanfabra\/wp-json\/wp\/v2\/posts\/33463","targetHints":{"allow":["GET"]}}],"collection":[{"href":"https:\/\/agora.xtec.cat\/escolacanfabra\/wp-json\/wp\/v2\/posts"}],"about":[{"href":"https:\/\/agora.xtec.cat\/escolacanfabra\/wp-json\/wp\/v2\/types\/post"}],"author":[{"embeddable":true,"href":"https:\/\/agora.xtec.cat\/escolacanfabra\/wp-json\/wp\/v2\/users\/3"}],"replies":[{"embeddable":true,"href":"https:\/\/agora.xtec.cat\/escolacanfabra\/wp-json\/wp\/v2\/comments?post=33463"}],"version-history":[{"count":1,"href":"https:\/\/agora.xtec.cat\/escolacanfabra\/wp-json\/wp\/v2\/posts\/33463\/revisions"}],"predecessor-version":[{"id":33468,"href":"https:\/\/agora.xtec.cat\/escolacanfabra\/wp-json\/wp\/v2\/posts\/33463\/revisions\/33468"}],"wp:featuredmedia":[{"embeddable":true,"href":"https:\/\/agora.xtec.cat\/escolacanfabra\/wp-json\/wp\/v2\/media\/33465"}],"wp:attachment":[{"href":"https:\/\/agora.xtec.cat\/escolacanfabra\/wp-json\/wp\/v2\/media?parent=33463"}],"wp:term":[{"taxonomy":"category","embeddable":true,"href":"https:\/\/agora.xtec.cat\/escolacanfabra\/wp-json\/wp\/v2\/categories?post=33463"},{"taxonomy":"post_tag","embeddable":true,"href":"https:\/\/agora.xtec.cat\/escolacanfabra\/wp-json\/wp\/v2\/tags?post=33463"}],"curies":[{"name":"wp","href":"https:\/\/api.w.org\/{rel}","templated":true}]}}