{"id":33415,"date":"2025-03-26T09:00:51","date_gmt":"2025-03-26T08:00:51","guid":{"rendered":"https:\/\/agora.xtec.cat\/escolacanfabra\/?p=33415"},"modified":"2025-03-25T16:12:27","modified_gmt":"2025-03-25T15:12:27","slug":"infantil-tanquen-segona-ronda-de-taller","status":"publish","type":"post","link":"https:\/\/agora.xtec.cat\/escolacanfabra\/general\/infantil-tanquen-segona-ronda-de-taller\/","title":{"rendered":"EI-FINALITZEM SEGONA RONDA DE TALLERS"},"content":{"rendered":"<p>FAM\u00cdLIES,<\/p>\n<p>AQUESTA RONDA ENS HA PERM\u00c8S COMPARTIR TEMPS DE CREACI\u00d3 I DESCOBERTA AMB L\u2019ALUMNAT D&#8217;I3 AMB DUES PROPOSTES NOVES:<em><strong>\u00a0ARTS&amp;CRAFTS<\/strong><\/em>\u00a0I\u00a0<em><strong>MODELATGE<\/strong><\/em>\u00a0 QUE\u00a0 S\u2019AFEGEIXEN ALS TALLERS DE:\u00a0<em>CONSTRUCCIONS,<\/em>\u00a0<em>COS I MOVIMENT<\/em>,\u00a0<em>JOC SIMB\u00d2LIC<\/em>,\u00a0<em>MIRO<\/em>,\u00a0<em>REMENO<\/em>\u00a0I\u00a0<em>TOT ES MOU<\/em> PER AMPLIAR L\u2019OFERTA D\u2019ACTIVITATS QUE ELS INFANTS PODEN TRIAR I EXPERIMENTAR.<\/p>\n<p>US CONVIDEM AQUEST RECULL D\u00b4IMATGES:<\/p>\n<ul>\n<li><a href=\"https:\/\/agora.xtec.cat\/escolacanfabra\/album-fotos-2021a\/\">POLTRES<\/a><\/li>\n<li><a href=\"https:\/\/agora.xtec.cat\/escolacanfabra\/album-fotos-2021b\/\">XAIS<\/a><\/li>\n<li><a href=\"https:\/\/agora.xtec.cat\/escolacanfabra\/album-fotos-2020a\/\">ESTRELLES DE MAR<\/a><\/li>\n<li><a href=\"https:\/\/agora.xtec.cat\/escolacanfabra\/album-fotos-2020b\/\">SIRENES I TRITONS<\/a><\/li>\n<li><a href=\"https:\/\/agora.xtec.cat\/escolacanfabra\/album-fotos-2019a\/\">ROSES\u00a0<\/a><\/li>\n<li><a href=\"https:\/\/agora.xtec.cat\/escolacanfabra\/album-fotos-2019b\/\">GIRA-SOLS<\/a><\/li>\n<\/ul>\n","protected":false},"excerpt":{"rendered":"<p>FAM\u00cdLIES, AQUESTA RONDA ENS HA PERM\u00c8S COMPARTIR TEMPS DE CREACI\u00d3 I DESCOBERTA AMB L\u2019ALUMNAT D&#8217;I3 AMB DUES PROPOSTES NOVES:\u00a0ARTS&amp;CRAFTS\u00a0I\u00a0MODELATGE\u00a0 QUE\u00a0 S\u2019AFEGEIXEN ALS TALLERS DE:\u00a0CONSTRUCCIONS,\u00a0COS I MOVIMENT,\u00a0JOC SIMB\u00d2LIC,\u00a0MIRO,\u00a0REMENO\u00a0I\u00a0TOT ES MOU PER AMPLIAR L\u2019OFERTA D\u2019ACTIVITATS QUE ELS INFANTS PODEN TRIAR I EXPERIMENTAR. US CONVIDEM AQUEST RECULL D\u00b4IMATGES: POLTRES XAIS ESTRELLES DE MAR SIRENES I TRITONS ROSES\u00a0 GIRA-SOLS<\/p>\n","protected":false},"author":3,"featured_media":33420,"comment_status":"open","ping_status":"closed","sticky":false,"template":"","format":"standard","meta":{"_bbp_topic_count":0,"_bbp_reply_count":0,"_bbp_total_topic_count":0,"_bbp_total_reply_count":0,"_bbp_voice_count":0,"_bbp_anonymous_reply_count":0,"_bbp_topic_count_hidden":0,"_bbp_reply_count_hidden":0,"_bbp_forum_subforum_count":0,"site-sidebar-layout":"default","site-content-layout":"","ast-site-content-layout":"","site-content-style":"default","site-sidebar-style":"default","ast-global-header-display":"","ast-banner-title-visibility":"","ast-main-header-display":"","ast-hfb-above-header-display":"","ast-hfb-below-header-display":"","ast-hfb-mobile-header-display":"","site-post-title":"","ast-breadcrumbs-content":"","ast-featured-img":"","footer-sml-layout":"","theme-transparent-header-meta":"","adv-header-id-meta":"","stick-header-meta":"","header-above-stick-meta":"","header-main-stick-meta":"","header-below-stick-meta":"","astra-migrate-meta-layouts":"default","ast-page-background-enabled":"default","ast-page-background-meta":{"desktop":{"background-color":"var(--ast-global-color-5)","background-image":"","background-repeat":"repeat","background-position":"center center","background-size":"auto","background-attachment":"scroll","background-type":"","background-media":"","overlay-type":"","overlay-color":"","overlay-opacity":"","overlay-gradient":""},"tablet":{"background-color":"","background-image":"","background-repeat":"repeat","background-position":"center center","background-size":"auto","background-attachment":"scroll","background-type":"","background-media":"","overlay-type":"","overlay-color":"","overlay-opacity":"","overlay-gradient":""},"mobile":{"background-color":"","background-image":"","background-repeat":"repeat","background-position":"center center","background-size":"auto","background-attachment":"scroll","background-type":"","background-media":"","overlay-type":"","overlay-color":"","overlay-opacity":"","overlay-gradient":""}},"ast-content-background-meta":{"desktop":{"background-color":"var(--ast-global-color-4)","background-image":"","background-repeat":"repeat","background-position":"center center","background-size":"auto","background-attachment":"scroll","background-type":"","background-media":"","overlay-type":"","overlay-color":"","overlay-opacity":"","overlay-gradient":""},"tablet":{"background-color":"var(--ast-global-color-4)","background-image":"","background-repeat":"repeat","background-position":"center center","background-size":"auto","background-attachment":"scroll","background-type":"","background-media":"","overlay-type":"","overlay-color":"","overlay-opacity":"","overlay-gradient":""},"mobile":{"background-color":"var(--ast-global-color-4)","background-image":"","background-repeat":"repeat","background-position":"center center","background-size":"auto","background-attachment":"scroll","background-type":"","background-media":"","overlay-type":"","overlay-color":"","overlay-opacity":"","overlay-gradient":""}},"footnotes":""},"categories":[1,2,272,278,279,71,4],"tags":[],"class_list":["post-33415","post","type-post","status-publish","format-standard","has-post-thumbnail","hentry","category-general","category-infantil","category-nascuts-2019","category-nascuts2020","category-nascuts-2021","category-noticies","category-portada"],"post_mailing_queue_ids":[],"_links":{"self":[{"href":"https:\/\/agora.xtec.cat\/escolacanfabra\/wp-json\/wp\/v2\/posts\/33415","targetHints":{"allow":["GET"]}}],"collection":[{"href":"https:\/\/agora.xtec.cat\/escolacanfabra\/wp-json\/wp\/v2\/posts"}],"about":[{"href":"https:\/\/agora.xtec.cat\/escolacanfabra\/wp-json\/wp\/v2\/types\/post"}],"author":[{"embeddable":true,"href":"https:\/\/agora.xtec.cat\/escolacanfabra\/wp-json\/wp\/v2\/users\/3"}],"replies":[{"embeddable":true,"href":"https:\/\/agora.xtec.cat\/escolacanfabra\/wp-json\/wp\/v2\/comments?post=33415"}],"version-history":[{"count":4,"href":"https:\/\/agora.xtec.cat\/escolacanfabra\/wp-json\/wp\/v2\/posts\/33415\/revisions"}],"predecessor-version":[{"id":33428,"href":"https:\/\/agora.xtec.cat\/escolacanfabra\/wp-json\/wp\/v2\/posts\/33415\/revisions\/33428"}],"wp:featuredmedia":[{"embeddable":true,"href":"https:\/\/agora.xtec.cat\/escolacanfabra\/wp-json\/wp\/v2\/media\/33420"}],"wp:attachment":[{"href":"https:\/\/agora.xtec.cat\/escolacanfabra\/wp-json\/wp\/v2\/media?parent=33415"}],"wp:term":[{"taxonomy":"category","embeddable":true,"href":"https:\/\/agora.xtec.cat\/escolacanfabra\/wp-json\/wp\/v2\/categories?post=33415"},{"taxonomy":"post_tag","embeddable":true,"href":"https:\/\/agora.xtec.cat\/escolacanfabra\/wp-json\/wp\/v2\/tags?post=33415"}],"curies":[{"name":"wp","href":"https:\/\/api.w.org\/{rel}","templated":true}]}}