{"id":32882,"date":"2025-01-17T20:22:49","date_gmt":"2025-01-17T19:22:49","guid":{"rendered":"https:\/\/agora.xtec.cat\/escolacanfabra\/?p=32882"},"modified":"2025-01-18T08:22:10","modified_gmt":"2025-01-18T07:22:10","slug":"i3_i4_i5-regals-de-reis","status":"publish","type":"post","link":"https:\/\/agora.xtec.cat\/escolacanfabra\/general\/i3_i4_i5-regals-de-reis\/","title":{"rendered":"I3_I4_I5: REGALS DE REIS"},"content":{"rendered":"<p data-pm-slice=\"1 1 []\">FAM\u00cdLIES D&#8217;INFANTIL,<\/p>\n<p>QUINA SORPRESA HEM TINGUT A LA TORNADA DE LES VACANCES: ELS REIS HAN PASSAT PER L&#8217;ESCOLA I ENS HAN DEIXAT REGALS A LES CLASSES!<\/p>\n<p>LA SETMANA ABANS DE LES VACANCES, CADA GRUP VAM ELABORAR LA NOSTRA CARTA AMB TOT ALL\u00d2 QU\u00c8 VOL\u00cdEM DEMANAR A SES MAJESTATS PER L&#8217;AULA. UN COP FETA LA CARTA, LA VAM ANAR A TIRAR A LA B\u00daSTIA REIAL.<\/p>\n<p>QUINES COSES M\u00c9S BONIQUES ENS HAN PORTAT, AQU\u00cd TENIU LES FOTOGRAFIES PERQU\u00c8 LES GAUDIU!<\/p>\n<p><a href=\"https:\/\/agora.xtec.cat\/escolacanfabra\/album-fotos-2021a\/\">I3A- POLTRES\u00a0 \u00a0 \u00a0<\/a> \u00a0 \u00a0 \u00a0 \u00a0 \u00a0 \u00a0 \u00a0 \u00a0 \u00a0 \u00a0 \u00a0 \u00a0 \u00a0 \u00a0 \u00a0 \u00a0 \u00a0 \u00a0 \u00a0 \u00a0 \u00a0 \u00a0 \u00a0 \u00a0 \u00a0 \u00a0 \u00a0 \u00a0 \u00a0 <a href=\"https:\/\/agora.xtec.cat\/escolacanfabra\/album-fotos-2020b\/\">I4B-SIRENES I TRITONS\u00a0<\/a><\/p>\n<p><a href=\"https:\/\/agora.xtec.cat\/escolacanfabra\/album-fotos-2021b\/\">I3B-XAIS\u00a0<\/a> \u00a0 \u00a0 \u00a0 \u00a0 \u00a0 \u00a0 \u00a0 \u00a0 \u00a0 \u00a0 \u00a0 \u00a0 \u00a0 \u00a0 \u00a0 \u00a0 \u00a0 \u00a0 \u00a0 \u00a0 \u00a0 \u00a0 \u00a0 \u00a0 \u00a0 \u00a0 \u00a0 \u00a0 \u00a0 \u00a0 \u00a0 \u00a0 \u00a0 \u00a0 \u00a0 \u00a0<a href=\"https:\/\/agora.xtec.cat\/escolacanfabra\/album-fotos-2019a\/\">I5A- ROSES<\/a><\/p>\n<p><a href=\"https:\/\/agora.xtec.cat\/escolacanfabra\/album-fotos-2020a\/\">I4A-ESTRELLES DE MAR\u00a0<\/a> \u00a0 \u00a0 \u00a0 \u00a0 \u00a0 \u00a0 \u00a0 \u00a0 \u00a0 \u00a0 \u00a0 \u00a0 \u00a0 \u00a0 \u00a0 \u00a0 \u00a0 \u00a0 \u00a0 \u00a0 \u00a0 \u00a0 <a href=\"https:\/\/agora.xtec.cat\/escolacanfabra\/album-fotos-2019b\/\">I5B-GIRASOLS<\/a><\/p>\n<p>&nbsp;<\/p>\n","protected":false},"excerpt":{"rendered":"<p>FAM\u00cdLIES D&#8217;INFANTIL, QUINA SORPRESA HEM TINGUT A LA TORNADA DE LES VACANCES: ELS REIS HAN PASSAT PER L&#8217;ESCOLA I ENS HAN DEIXAT REGALS A LES CLASSES! LA SETMANA ABANS DE LES VACANCES, CADA GRUP VAM ELABORAR LA NOSTRA CARTA AMB TOT ALL\u00d2 QU\u00c8 VOL\u00cdEM DEMANAR A SES MAJESTATS PER L&#8217;AULA. UN COP FETA LA CARTA, [&hellip;]<\/p>\n","protected":false},"author":3,"featured_media":22424,"comment_status":"open","ping_status":"closed","sticky":false,"template":"","format":"standard","meta":{"_bbp_topic_count":0,"_bbp_reply_count":0,"_bbp_total_topic_count":0,"_bbp_total_reply_count":0,"_bbp_voice_count":0,"_bbp_anonymous_reply_count":0,"_bbp_topic_count_hidden":0,"_bbp_reply_count_hidden":0,"_bbp_forum_subforum_count":0,"site-sidebar-layout":"default","site-content-layout":"","ast-site-content-layout":"","site-content-style":"default","site-sidebar-style":"default","ast-global-header-display":"","ast-banner-title-visibility":"","ast-main-header-display":"","ast-hfb-above-header-display":"","ast-hfb-below-header-display":"","ast-hfb-mobile-header-display":"","site-post-title":"","ast-breadcrumbs-content":"","ast-featured-img":"","footer-sml-layout":"","theme-transparent-header-meta":"","adv-header-id-meta":"","stick-header-meta":"","header-above-stick-meta":"","header-main-stick-meta":"","header-below-stick-meta":"","astra-migrate-meta-layouts":"default","ast-page-background-enabled":"default","ast-page-background-meta":{"desktop":{"background-color":"var(--ast-global-color-5)","background-image":"","background-repeat":"repeat","background-position":"center center","background-size":"auto","background-attachment":"scroll","background-type":"","background-media":"","overlay-type":"","overlay-color":"","overlay-opacity":"","overlay-gradient":""},"tablet":{"background-color":"","background-image":"","background-repeat":"repeat","background-position":"center center","background-size":"auto","background-attachment":"scroll","background-type":"","background-media":"","overlay-type":"","overlay-color":"","overlay-opacity":"","overlay-gradient":""},"mobile":{"background-color":"","background-image":"","background-repeat":"repeat","background-position":"center center","background-size":"auto","background-attachment":"scroll","background-type":"","background-media":"","overlay-type":"","overlay-color":"","overlay-opacity":"","overlay-gradient":""}},"ast-content-background-meta":{"desktop":{"background-color":"var(--ast-global-color-4)","background-image":"","background-repeat":"repeat","background-position":"center center","background-size":"auto","background-attachment":"scroll","background-type":"","background-media":"","overlay-type":"","overlay-color":"","overlay-opacity":"","overlay-gradient":""},"tablet":{"background-color":"var(--ast-global-color-4)","background-image":"","background-repeat":"repeat","background-position":"center center","background-size":"auto","background-attachment":"scroll","background-type":"","background-media":"","overlay-type":"","overlay-color":"","overlay-opacity":"","overlay-gradient":""},"mobile":{"background-color":"var(--ast-global-color-4)","background-image":"","background-repeat":"repeat","background-position":"center center","background-size":"auto","background-attachment":"scroll","background-type":"","background-media":"","overlay-type":"","overlay-color":"","overlay-opacity":"","overlay-gradient":""}},"footnotes":""},"categories":[1,2,272,284,278,279,4],"tags":[],"class_list":["post-32882","post","type-post","status-publish","format-standard","has-post-thumbnail","hentry","category-general","category-infantil","category-nascuts-2019","category-nascuts2019","category-nascuts2020","category-nascuts-2021","category-portada"],"post_mailing_queue_ids":[],"_links":{"self":[{"href":"https:\/\/agora.xtec.cat\/escolacanfabra\/wp-json\/wp\/v2\/posts\/32882","targetHints":{"allow":["GET"]}}],"collection":[{"href":"https:\/\/agora.xtec.cat\/escolacanfabra\/wp-json\/wp\/v2\/posts"}],"about":[{"href":"https:\/\/agora.xtec.cat\/escolacanfabra\/wp-json\/wp\/v2\/types\/post"}],"author":[{"embeddable":true,"href":"https:\/\/agora.xtec.cat\/escolacanfabra\/wp-json\/wp\/v2\/users\/3"}],"replies":[{"embeddable":true,"href":"https:\/\/agora.xtec.cat\/escolacanfabra\/wp-json\/wp\/v2\/comments?post=32882"}],"version-history":[{"count":6,"href":"https:\/\/agora.xtec.cat\/escolacanfabra\/wp-json\/wp\/v2\/posts\/32882\/revisions"}],"predecessor-version":[{"id":32901,"href":"https:\/\/agora.xtec.cat\/escolacanfabra\/wp-json\/wp\/v2\/posts\/32882\/revisions\/32901"}],"wp:featuredmedia":[{"embeddable":true,"href":"https:\/\/agora.xtec.cat\/escolacanfabra\/wp-json\/wp\/v2\/media\/22424"}],"wp:attachment":[{"href":"https:\/\/agora.xtec.cat\/escolacanfabra\/wp-json\/wp\/v2\/media?parent=32882"}],"wp:term":[{"taxonomy":"category","embeddable":true,"href":"https:\/\/agora.xtec.cat\/escolacanfabra\/wp-json\/wp\/v2\/categories?post=32882"},{"taxonomy":"post_tag","embeddable":true,"href":"https:\/\/agora.xtec.cat\/escolacanfabra\/wp-json\/wp\/v2\/tags?post=32882"}],"curies":[{"name":"wp","href":"https:\/\/api.w.org\/{rel}","templated":true}]}}