{"id":32845,"date":"2025-01-13T10:18:48","date_gmt":"2025-01-13T09:18:48","guid":{"rendered":"https:\/\/agora.xtec.cat\/escolacanfabra\/?p=32845"},"modified":"2025-01-12T14:57:06","modified_gmt":"2025-01-12T13:57:06","slug":"1r-racons-de-treball-2a-proposta","status":"publish","type":"post","link":"https:\/\/agora.xtec.cat\/escolacanfabra\/portada\/1r-racons-de-treball-2a-proposta\/","title":{"rendered":"1r &#8211; RACONS DE TREBALL: 2a proposta"},"content":{"rendered":"<p><span style=\"font-family: inherit; font-size: 1em;\">Acabant el primer trimestre vam acabar tamb\u00e9 la segona ronda de Racons de treball. <\/span><\/p>\n<p>Aquestes eren les propostes:<\/p>\n<ul>\n<li><strong>Rac\u00f3 de jocs de taula<\/strong> amb <i>&#8220;Pillado&#8221;, <\/i>de l&#8217;editorial L\u00fadilo<i>, <\/i>un joc cooperatiu on hav\u00edem de fer de\u00a0detectius, desvelar pistes sobre el culpable, descartar sospitosos i atrapar a la guineu abans que s&#8217;escapi.<\/li>\n<li><strong>Rac\u00f3 de l&#8217;ordinador<\/strong> on, amb activitats en l\u00ednia, hem treballat aspectes relacionats amb el comptatge, ordenar nombres de forma ascendent i descendent, memori de quantitats, unir punts&#8230;<\/li>\n<li><strong>Rac\u00f3 de penso i avan\u00e7o<\/strong> on, amb una adaptaci\u00f3 d'&#8221;<em>ABC Boom<\/em>&#8220;, de l&#8217;editorial Djeco, hem hagut de pensar i escriure paraules que comencin amb la lletra que vol\u00edem afegir a la torre de lletres. <em>\u00a0<\/em><\/li>\n<li><strong>Rac\u00f3 sorpresa<\/strong> on vam seguir descobrint Cuboro, el joc de cubs de fusta per a fer pistes de bales.<\/li>\n<li><strong>Rac\u00f3 de pl\u00e0stica<\/strong> on vam fer la postal que va arribar a casa.<\/li>\n<\/ul>\n<p>Us deixem aqu\u00ed unes imatges de les sessions que vam compartir portant a terme aquestes propostes i, aviat, comen\u00e7arem amb noves propostes per la tercera ronda:<\/p>\n<p><a href=\"https:\/\/agora.xtec.cat\/escolacanfabra\/album-fotos-2018a\/\">Classe dels Egipcis<\/a>\u00a0 \u00a0 <a href=\"https:\/\/agora.xtec.cat\/escolacanfabra\/album-fotos-2018b\/\" target=\"_blank\" rel=\"noopener\">Classe dels Pandes<\/a><\/p>\n","protected":false},"excerpt":{"rendered":"<p>Acabant el primer trimestre vam acabar tamb\u00e9 la segona ronda de Racons de treball. Aquestes eren les propostes: Rac\u00f3 de jocs de taula amb &#8220;Pillado&#8221;, de l&#8217;editorial L\u00fadilo, un joc cooperatiu on hav\u00edem de fer de\u00a0detectius, desvelar pistes sobre el culpable, descartar sospitosos i atrapar a la guineu abans que s&#8217;escapi. Rac\u00f3 de l&#8217;ordinador on, [&hellip;]<\/p>\n","protected":false},"author":3,"featured_media":32848,"comment_status":"open","ping_status":"closed","sticky":false,"template":"","format":"standard","meta":{"_bbp_topic_count":0,"_bbp_reply_count":0,"_bbp_total_topic_count":0,"_bbp_total_reply_count":0,"_bbp_voice_count":0,"_bbp_anonymous_reply_count":0,"_bbp_topic_count_hidden":0,"_bbp_reply_count_hidden":0,"_bbp_forum_subforum_count":0,"site-sidebar-layout":"default","site-content-layout":"","ast-site-content-layout":"","site-content-style":"default","site-sidebar-style":"default","ast-global-header-display":"","ast-banner-title-visibility":"","ast-main-header-display":"","ast-hfb-above-header-display":"","ast-hfb-below-header-display":"","ast-hfb-mobile-header-display":"","site-post-title":"","ast-breadcrumbs-content":"","ast-featured-img":"","footer-sml-layout":"","theme-transparent-header-meta":"","adv-header-id-meta":"","stick-header-meta":"","header-above-stick-meta":"","header-main-stick-meta":"","header-below-stick-meta":"","astra-migrate-meta-layouts":"default","ast-page-background-enabled":"default","ast-page-background-meta":{"desktop":{"background-color":"var(--ast-global-color-5)","background-image":"","background-repeat":"repeat","background-position":"center center","background-size":"auto","background-attachment":"scroll","background-type":"","background-media":"","overlay-type":"","overlay-color":"","overlay-opacity":"","overlay-gradient":""},"tablet":{"background-color":"","background-image":"","background-repeat":"repeat","background-position":"center center","background-size":"auto","background-attachment":"scroll","background-type":"","background-media":"","overlay-type":"","overlay-color":"","overlay-opacity":"","overlay-gradient":""},"mobile":{"background-color":"","background-image":"","background-repeat":"repeat","background-position":"center center","background-size":"auto","background-attachment":"scroll","background-type":"","background-media":"","overlay-type":"","overlay-color":"","overlay-opacity":"","overlay-gradient":""}},"ast-content-background-meta":{"desktop":{"background-color":"var(--ast-global-color-4)","background-image":"","background-repeat":"repeat","background-position":"center center","background-size":"auto","background-attachment":"scroll","background-type":"","background-media":"","overlay-type":"","overlay-color":"","overlay-opacity":"","overlay-gradient":""},"tablet":{"background-color":"var(--ast-global-color-4)","background-image":"","background-repeat":"repeat","background-position":"center center","background-size":"auto","background-attachment":"scroll","background-type":"","background-media":"","overlay-type":"","overlay-color":"","overlay-opacity":"","overlay-gradient":""},"mobile":{"background-color":"var(--ast-global-color-4)","background-image":"","background-repeat":"repeat","background-position":"center center","background-size":"auto","background-attachment":"scroll","background-type":"","background-media":"","overlay-type":"","overlay-color":"","overlay-opacity":"","overlay-gradient":""}},"footnotes":""},"categories":[285,4],"tags":[],"class_list":["post-32845","post","type-post","status-publish","format-standard","has-post-thumbnail","hentry","category-nascuts2018","category-portada"],"post_mailing_queue_ids":[],"_links":{"self":[{"href":"https:\/\/agora.xtec.cat\/escolacanfabra\/wp-json\/wp\/v2\/posts\/32845","targetHints":{"allow":["GET"]}}],"collection":[{"href":"https:\/\/agora.xtec.cat\/escolacanfabra\/wp-json\/wp\/v2\/posts"}],"about":[{"href":"https:\/\/agora.xtec.cat\/escolacanfabra\/wp-json\/wp\/v2\/types\/post"}],"author":[{"embeddable":true,"href":"https:\/\/agora.xtec.cat\/escolacanfabra\/wp-json\/wp\/v2\/users\/3"}],"replies":[{"embeddable":true,"href":"https:\/\/agora.xtec.cat\/escolacanfabra\/wp-json\/wp\/v2\/comments?post=32845"}],"version-history":[{"count":1,"href":"https:\/\/agora.xtec.cat\/escolacanfabra\/wp-json\/wp\/v2\/posts\/32845\/revisions"}],"predecessor-version":[{"id":32849,"href":"https:\/\/agora.xtec.cat\/escolacanfabra\/wp-json\/wp\/v2\/posts\/32845\/revisions\/32849"}],"wp:featuredmedia":[{"embeddable":true,"href":"https:\/\/agora.xtec.cat\/escolacanfabra\/wp-json\/wp\/v2\/media\/32848"}],"wp:attachment":[{"href":"https:\/\/agora.xtec.cat\/escolacanfabra\/wp-json\/wp\/v2\/media?parent=32845"}],"wp:term":[{"taxonomy":"category","embeddable":true,"href":"https:\/\/agora.xtec.cat\/escolacanfabra\/wp-json\/wp\/v2\/categories?post=32845"},{"taxonomy":"post_tag","embeddable":true,"href":"https:\/\/agora.xtec.cat\/escolacanfabra\/wp-json\/wp\/v2\/tags?post=32845"}],"curies":[{"name":"wp","href":"https:\/\/api.w.org\/{rel}","templated":true}]}}