{"id":32405,"date":"2024-10-24T17:39:04","date_gmt":"2024-10-24T15:39:04","guid":{"rendered":"https:\/\/agora.xtec.cat\/escolacanfabra\/?p=32405"},"modified":"2024-10-24T17:40:59","modified_gmt":"2024-10-24T15:40:59","slug":"i5-i-5e-primera-trobada-dapadrinament-lector","status":"publish","type":"post","link":"https:\/\/agora.xtec.cat\/escolacanfabra\/general\/i5-i-5e-primera-trobada-dapadrinament-lector\/","title":{"rendered":"I5 i 5\u00e8: PRIMERA TROBADA D&#8217;APADRINAMENT LECTOR"},"content":{"rendered":"<p>Aquesta setmana, els grups d&#8217;I5 i 5\u00e8 han fet la primera trobada d&#8217;Apadrinament Lector. L&#8217;apadrinament consisteix en programar un seguit d&#8217;activitats entre aquests grups per tal que l&#8217;alumnat m\u00e9s gran ajudi a incentivar el gust a la lectura dels infants m\u00e9s petits.<\/p>\n<p>La primera sessi\u00f3 va ser al pati d&#8217;Ed. Infantil, les noies i els nois de 5\u00e8 van preparar aquest espai perqu\u00e8 fos acollidor i van triar un seguit de llibres per explicar als infants d&#8217;I5. D&#8217;aquesta sessi\u00f3 en van sorgir parelles de nens i nenes formades per una padrina de 5\u00e8 i una fillola d&#8217;I5, aquestes parelles lectores duraran dos cursos, fins que els infants de 5\u00e8 marxin de l&#8217;escola.<\/p>\n<p>Va ser un moment bonic i tranquil on els dos membres de la parella van gaudir molt; mentre el m\u00e9s gran explicava el conte, el m\u00e9s petit escoltava i observava les il.lustracions.<\/p>\n<p>Aqu\u00ed podeu veure les fotos d&#8217;aquest moment tan especial:\u00a0 \u00a0 \u00a0<a href=\"https:\/\/agora.xtec.cat\/escolacanfabra\/serveis\/fotos-de-les-classes\/album-fotos-escola\/\">I5A + 5\u00e8A\u00a0<\/a> \u00a0 \u00a0 \u00a0i\u00a0 \u00a0 \u00a0 \u00a0<a href=\"https:\/\/agora.xtec.cat\/escolacanfabra\/serveis\/fotos-de-les-classes\/album-fotos-escola\/\"> I5B+5\u00e8B\u00a0 \u00a0<\/a><\/p>\n","protected":false},"excerpt":{"rendered":"<p>Aquesta setmana, els grups d&#8217;I5 i 5\u00e8 han fet la primera trobada d&#8217;Apadrinament Lector. L&#8217;apadrinament consisteix en programar un seguit d&#8217;activitats entre aquests grups per tal que l&#8217;alumnat m\u00e9s gran ajudi a incentivar el gust a la lectura dels infants m\u00e9s petits. La primera sessi\u00f3 va ser al pati d&#8217;Ed. Infantil, les noies i els [&hellip;]<\/p>\n","protected":false},"author":3,"featured_media":32412,"comment_status":"open","ping_status":"closed","sticky":false,"template":"","format":"standard","meta":{"_bbp_topic_count":0,"_bbp_reply_count":0,"_bbp_total_topic_count":0,"_bbp_total_reply_count":0,"_bbp_voice_count":0,"_bbp_anonymous_reply_count":0,"_bbp_topic_count_hidden":0,"_bbp_reply_count_hidden":0,"_bbp_forum_subforum_count":0,"site-sidebar-layout":"default","site-content-layout":"","ast-site-content-layout":"","site-content-style":"default","site-sidebar-style":"default","ast-global-header-display":"","ast-banner-title-visibility":"","ast-main-header-display":"","ast-hfb-above-header-display":"","ast-hfb-below-header-display":"","ast-hfb-mobile-header-display":"","site-post-title":"","ast-breadcrumbs-content":"","ast-featured-img":"","footer-sml-layout":"","theme-transparent-header-meta":"","adv-header-id-meta":"","stick-header-meta":"","header-above-stick-meta":"","header-main-stick-meta":"","header-below-stick-meta":"","astra-migrate-meta-layouts":"default","ast-page-background-enabled":"default","ast-page-background-meta":{"desktop":{"background-color":"var(--ast-global-color-5)","background-image":"","background-repeat":"repeat","background-position":"center center","background-size":"auto","background-attachment":"scroll","background-type":"","background-media":"","overlay-type":"","overlay-color":"","overlay-opacity":"","overlay-gradient":""},"tablet":{"background-color":"","background-image":"","background-repeat":"repeat","background-position":"center center","background-size":"auto","background-attachment":"scroll","background-type":"","background-media":"","overlay-type":"","overlay-color":"","overlay-opacity":"","overlay-gradient":""},"mobile":{"background-color":"","background-image":"","background-repeat":"repeat","background-position":"center center","background-size":"auto","background-attachment":"scroll","background-type":"","background-media":"","overlay-type":"","overlay-color":"","overlay-opacity":"","overlay-gradient":""}},"ast-content-background-meta":{"desktop":{"background-color":"var(--ast-global-color-4)","background-image":"","background-repeat":"repeat","background-position":"center center","background-size":"auto","background-attachment":"scroll","background-type":"","background-media":"","overlay-type":"","overlay-color":"","overlay-opacity":"","overlay-gradient":""},"tablet":{"background-color":"var(--ast-global-color-4)","background-image":"","background-repeat":"repeat","background-position":"center center","background-size":"auto","background-attachment":"scroll","background-type":"","background-media":"","overlay-type":"","overlay-color":"","overlay-opacity":"","overlay-gradient":""},"mobile":{"background-color":"var(--ast-global-color-4)","background-image":"","background-repeat":"repeat","background-position":"center center","background-size":"auto","background-attachment":"scroll","background-type":"","background-media":"","overlay-type":"","overlay-color":"","overlay-opacity":"","overlay-gradient":""}},"footnotes":""},"categories":[72,1,2,290,272,4,263],"tags":[],"class_list":["post-32405","post","type-post","status-publish","format-standard","has-post-thumbnail","hentry","category-biblioteca","category-general","category-infantil","category-nascuts-2014","category-nascuts-2019","category-portada","category-primaria"],"post_mailing_queue_ids":[],"_links":{"self":[{"href":"https:\/\/agora.xtec.cat\/escolacanfabra\/wp-json\/wp\/v2\/posts\/32405","targetHints":{"allow":["GET"]}}],"collection":[{"href":"https:\/\/agora.xtec.cat\/escolacanfabra\/wp-json\/wp\/v2\/posts"}],"about":[{"href":"https:\/\/agora.xtec.cat\/escolacanfabra\/wp-json\/wp\/v2\/types\/post"}],"author":[{"embeddable":true,"href":"https:\/\/agora.xtec.cat\/escolacanfabra\/wp-json\/wp\/v2\/users\/3"}],"replies":[{"embeddable":true,"href":"https:\/\/agora.xtec.cat\/escolacanfabra\/wp-json\/wp\/v2\/comments?post=32405"}],"version-history":[{"count":3,"href":"https:\/\/agora.xtec.cat\/escolacanfabra\/wp-json\/wp\/v2\/posts\/32405\/revisions"}],"predecessor-version":[{"id":32415,"href":"https:\/\/agora.xtec.cat\/escolacanfabra\/wp-json\/wp\/v2\/posts\/32405\/revisions\/32415"}],"wp:featuredmedia":[{"embeddable":true,"href":"https:\/\/agora.xtec.cat\/escolacanfabra\/wp-json\/wp\/v2\/media\/32412"}],"wp:attachment":[{"href":"https:\/\/agora.xtec.cat\/escolacanfabra\/wp-json\/wp\/v2\/media?parent=32405"}],"wp:term":[{"taxonomy":"category","embeddable":true,"href":"https:\/\/agora.xtec.cat\/escolacanfabra\/wp-json\/wp\/v2\/categories?post=32405"},{"taxonomy":"post_tag","embeddable":true,"href":"https:\/\/agora.xtec.cat\/escolacanfabra\/wp-json\/wp\/v2\/tags?post=32405"}],"curies":[{"name":"wp","href":"https:\/\/api.w.org\/{rel}","templated":true}]}}